{"id":70143,"date":"2019-12-13T10:33:00","date_gmt":"2019-12-13T15:33:00","guid":{"rendered":"https:\/\/linitiative.ca\/International\/mostaganem-3-maires-sur-le-chemin-de-la-suspension\/"},"modified":"2019-12-13T10:33:00","modified_gmt":"2019-12-13T15:33:00","slug":"mostaganem-3-maires-sur-le-chemin-de-la-suspension","status":"publish","type":"post","link":"https:\/\/linitiative.ca\/International\/mostaganem-3-maires-sur-le-chemin-de-la-suspension\/","title":{"rendered":"MOSTAGANEM : 3 maires  sur le chemin  de la suspension"},"content":{"rendered":"<p><br id=\"sep_para_1\" class=\"sep_para access\"\/><\/p>\n<div id=\"para_1\" class=\"para_34489575 resize\">\n<div class=\"photo shadow left\"><a href=\"javascript:void(0)\" rel=\"https:\/\/www.reflexiondz.net\/photo\/art\/grande\/40746820-34489575.jpg?v=1576258426&#038;ibox\" title=\"MOSTAGANEM : 3 maires sur le chemin de la suspension\"><img decoding=\"async\" class=\"responsive c9\" src=\"https:\/\/www.reflexiondz.net\/photo\/art\/grande\/40746820-34489575.jpg?v=1576258426\" alt=\"MOSTAGANEM : 3 maires sur le chemin de la suspension\" title=\"MOSTAGANEM : 3 maires sur le chemin de la suspension\"\/><img decoding=\"async\" class=\"not-responsive\" src=\"https:\/\/www.reflexiondz.net\/photo\/art\/default\/40746820-34489575.jpg?v=1576258428\" alt=\"MOSTAGANEM : 3 maires sur le chemin de la suspension\" title=\"MOSTAGANEM : 3 maires sur le chemin de la suspension\"\/><\/a><\/div>\n<div class=\"texte access firstletter\">Suspect\u00e9s dans des affaires li\u00e9es \u00e0 la gestion de leurs communes respectives, trois (3) maires de la wilaya de Mostaganem, en l\u2019occurrence ceux des communes de Mazagran, Saf-Saf et Mesra, se sont vu plac\u00e9s sous contr\u00f4le judiciaire par le magistrat instructeur du tribunal de Mostaganem, a-t-on appris de sources g\u00e9n\u00e9ralement bien inform\u00e9es. Ainsi, les proc\u00e8s des \u00e9lus locaux, sont devenus, ces derniers temps le th\u00e8me favori des discussions dans les caf\u00e9s et autres lieux publics et ce, bien avant les \u00e9lections pr\u00e9sidentielles qui viennent d\u2019avoir lieu r\u00e9cemment. La lutte contre la mauvaise gestion entam\u00e9e par la justice, a toujours \u00e9t\u00e9 r\u00e9clam\u00e9e pour mettre un terme aux nombreux scandales qui ont abasourdi\u00a0 bon nombre de citoyens exc\u00e9d\u00e9s par ce ph\u00e9nom\u00e8ne .A noter que beaucoup d\u2019entre eux\u00a0 sont d\u2019accord sur la d\u00e9nonciation de la gestion frauduleuse de certains maires et autre \u00e9lus qui profitent de leur position. La d\u00e9cision de\u00a0 leur suspension, est une mesure conservatoire qui pourrait intervenir prochainement et ce, en application de l\u2019article 43 de la loi 10\/11 du code communal.<\/div>\n<\/div>\n<p>Auteur: Riad<br \/>\n<a href=\"https:\/\/www.reflexiondz.net\/MOSTAGANEM-3-maires-sur-le-chemin-de-la-suspension_a59357.html\">Cliquez ici pour lire l&rsquo;article depuis sa source.<\/a><\/p>\n","protected":false},"excerpt":{"rendered":"<p>Suspect\u00e9s dans des affaires li\u00e9es \u00e0 la gestion de leurs communes respectives, trois (3) maires de la wilaya de Mostaganem, en l\u2019occurrence ceux des communes de Mazagran, Saf-Saf et Mesra, se sont vu plac\u00e9s sous contr\u00f4le judiciaire par le magistrat instructeur du tribunal de Mostaganem, a-t-on appris de sources g\u00e9n\u00e9ralement bien inform\u00e9es. Ainsi, les proc\u00e8s [&hellip;]<\/p>\n","protected":false},"author":1740,"featured_media":0,"comment_status":"closed","ping_status":"closed","sticky":false,"template":"","format":"standard","meta":{"fifu_image_url":"","fifu_image_alt":"","footnotes":""},"categories":[53,76],"tags":[],"class_list":["post-70143","post","type-post","status-publish","format-standard","hentry","category-algerie","category-regions"],"_links":{"self":[{"href":"https:\/\/linitiative.ca\/International\/wp-json\/wp\/v2\/posts\/70143","targetHints":{"allow":["GET"]}}],"collection":[{"href":"https:\/\/linitiative.ca\/International\/wp-json\/wp\/v2\/posts"}],"about":[{"href":"https:\/\/linitiative.ca\/International\/wp-json\/wp\/v2\/types\/post"}],"author":[{"embeddable":true,"href":"https:\/\/linitiative.ca\/International\/wp-json\/wp\/v2\/users\/1740"}],"replies":[{"embeddable":true,"href":"https:\/\/linitiative.ca\/International\/wp-json\/wp\/v2\/comments?post=70143"}],"version-history":[{"count":0,"href":"https:\/\/linitiative.ca\/International\/wp-json\/wp\/v2\/posts\/70143\/revisions"}],"wp:attachment":[{"href":"https:\/\/linitiative.ca\/International\/wp-json\/wp\/v2\/media?parent=70143"}],"wp:term":[{"taxonomy":"category","embeddable":true,"href":"https:\/\/linitiative.ca\/International\/wp-json\/wp\/v2\/categories?post=70143"},{"taxonomy":"post_tag","embeddable":true,"href":"https:\/\/linitiative.ca\/International\/wp-json\/wp\/v2\/tags?post=70143"}],"curies":[{"name":"wp","href":"https:\/\/api.w.org\/{rel}","templated":true}]}}