{"id":70154,"date":"2019-12-13T13:20:00","date_gmt":"2019-12-13T18:20:00","guid":{"rendered":"https:\/\/linitiative.ca\/International\/doha-forum-2019-comment-re-imaginer-la-gouvernance-dans-un-monde-multipolaire\/"},"modified":"2019-12-13T13:20:00","modified_gmt":"2019-12-13T18:20:00","slug":"doha-forum-2019-comment-re-imaginer-la-gouvernance-dans-un-monde-multipolaire","status":"publish","type":"post","link":"https:\/\/linitiative.ca\/International\/doha-forum-2019-comment-re-imaginer-la-gouvernance-dans-un-monde-multipolaire\/","title":{"rendered":"Doha Forum 2019 : comment r\u00e9-imaginer la gouvernance dans un monde multipolaire"},"content":{"rendered":"<p><span class=\"c2\"><em><strong>Doha \u2013 De l\u2019envoy\u00e9 sp\u00e9cial de Leaders, Mohamed Ta\u00efeb.<\/strong><\/em><\/span> Si la Coupe du monde des clubs qui se d\u00e9roule ces-jours-ci dans la capitale qatarie accapare l\u2019attention, avec la participation de l\u2019Esp\u00e9rance sportive de Tunis, un autre \u00e9v\u00e8nement, de grande envergure, fait affluer les grands de ce monde. Il s\u2019agit du <a href=\"https:\/\/dohaforum.org\/about-us\" target=\"_blank\" rel=\"noopener noreferrer\">Forum de Doha<\/a>, qui ouvre ce samedi matin, 14 d\u00e9cembre, sa 19\u00e8me \u00e9dition, sous la pr\u00e9sidence de l\u2019Emir du Qatar, Cheikh Tamim bin Hamad al Thani.<\/p>\n<p>Une transition rapide du monde qui se dessine de l\u2019unipolarit\u00e9 dominante, voire la bipolarit\u00e9, vers un univers g\u00e9opolitique multipolaire dresse de nouveaux d\u00e9fis, non-seulement politiques, mais aussi \u00e9conomiques et technologiques. Comment faire face \u00e0 ces changements complexes ? Quelle conduite, Etats, organisations r\u00e9gionales et internationales, syst\u00e8me des Nations-Unies, institutions financi\u00e8res, grandes compagnies et diff\u00e9rentes composantes de la soci\u00e9t\u00e9 civile doivent-ils adopter pour en att\u00e9nuer les effets n\u00e9gatifs et favoriser la diplomatie, le dialogue et la diversit\u00e9 ? Tel est le th\u00e8me central de la session 2019 du Forum.<\/p>\n<h2>Ahmed Ounaies, Ren\u00e9 Trabelsi et Mondher Ben Ayed<\/h2>\n<p>Comme chaque ann\u00e9e, ce plus grand think-tank dans le monde arabe draine une pl\u00e9iade de chefs d\u2019Etat et de gouvernement, de ministres, dirigeants d\u2019organisations et de grands groupes \u00e9conomiques et financiers, de chercheurs et leaders d\u2019opinion. La Tunisie fera bonne figure avec la participation notamment de l\u2019ambassadeur Ahmed Ounaies, du ministre du Tourisme, de l\u2019Artisanat et du Transport, Ren\u00e9 Trabelsi, et du pr\u00e9sident de la compagnie TMI, Mondher Ben Ayed. Le ministre Trabelsi, dont c\u2019est la premi\u00e8re participation au Forum de Doha, prendra part \u00e0 un panel de discussion consacr\u00e9 \u00e0 la protection du tourisme contre les risques du terrorisme et les menaces g\u00e9opolitiques.<\/p>\n<h2>Ivanka Trump, Faiez al Sarraj, Hanan Al A&rsquo;charoui et Paul Kagam\u00e9<\/h2>\n<p>La <a href=\"https:\/\/dohaforum.org\/speakers\" target=\"_blank\" rel=\"noopener noreferrer\">liste des intervenants<\/a> lors des diff\u00e9rents d\u00e9bats en s\u00e9ances pl\u00e9ni\u00e8res, comme dans les sessions th\u00e9matis\u00e9es est impressionnante. On y retrouve en effet les pr\u00e9sidents de la Libye, du Rwanda, de l\u2019Arm\u00e9nie et du Salvadore, et les premiers ministres du Japon, de la Turquie, de la Pologne et de la Somalie et un grand nombre de ministres. Invit\u00e9e sp\u00e9ciale, la fille du pr\u00e9sident am\u00e9ricain, Ivanka Trump est annonc\u00e9e avec le secr\u00e9taire au Tr\u00e9sor, Steven Mnuchin. Parmi les grandes personnalit\u00e9s figurent notamment le pr\u00e9sident de l\u2019actuelle session (74<sup>\u00e8me<\/sup>) de l\u2019assembl\u00e9e g\u00e9n\u00e9rale de l\u2019ONU, l\u2019ancien secr\u00e9taire g\u00e9n\u00e9ral de l\u2019ONU, Ban ki-Moon, le pr\u00e9sident de l\u2019Union africaine et la secr\u00e9taire g\u00e9n\u00e9rale de l\u2019Organisation internationale de la Francophonie. La Palestine sera repr\u00e9sent\u00e9e par Hanan Al Asharaoui et Saeb Arekat, en t\u00eate d&rsquo;une forte d\u00e9l\u00e9gation.<\/p>\n<p class=\"c3\"><img decoding=\"async\" src=\"\/uploads\/FCK_files\/80389384_985635755136619_2524577498801373184_n.jpg\" alt=\"\" width=\"100%\" vspace=\"5\" hspace=\"5\" align=\"middle\"\/><\/p>\n<h2>Th\u00e8mes chauds\u00a0<\/h2>\n<p>La situation en Syrie, au Y\u00e9men, en Libye et en Somalie, le rapatriement des combattants de l\u2019Etat islamique Daech, vers leurs pays d\u2019origine, la migration, l\u2019\u00e9nergie, les nouveaux enjeux du r\u00e9chauffement climatique, les relations Chine \u2013Etats-Unis d\u2019Am\u00e9rique : des th\u00e8mes chauds susciteront des d\u00e9bats qui s\u2019annoncent sans doute anim\u00e9s. Les questions pos\u00e9es d\u2019entr\u00e9e de jeu sont en effet attractives :<\/p>\n<ul>\n<li>Comment relever le d\u00e9fi de la migration ?<\/li>\n<li>La coop\u00e9ration r\u00e9gionale et le nouvel \u00e9quilibre du pouvoir\u00a0<\/li>\n<li>La technologie et les d\u00e9fis de la gouvernance mondiale\u00a0<\/li>\n<li>Le concours g\u00e9opolitique pour le leadership technologique dans le si\u00e8cle asiatique\u00a0<\/li>\n<li>Comment l\u2019Etat islamique s\u00e9duit les femmes et les recrute<\/li>\n<li>Comment les femmes gagnent la guerre contre la num\u00e9risation par ISIS de l&rsquo;\u00e9conomie mondiale<\/li>\n<li>Les datas comme nouveau moteur de la croissance\u00a0<\/li>\n<li>Comment pr\u00e9server l\u2019activit\u00e9 touristique en p\u00e9riode de conflits g\u00e9opolitiques\u00a0<\/li>\n<li>Quelles r\u00e8gles d&rsquo;engagement pour les conflits non militaires\u00a0<\/li>\n<li>Les relations entre les \u00c9tats-Unis et la Chine et l&rsquo;avenir du syst\u00e8me international\u00a0<\/li>\n<li>Les Nations Unies \u00e0 75 ans : un temps pour le renouvellement et l&rsquo;innovation technologique et les d\u00e9fis de la gouvernance mondiale<\/li>\n<\/ul>\n<p>Tri\u00e9s sur les volets, intervenants et participants, venus des quatre continents suivront durant ces deux jours intenses, des sessions studieuses dont il ne faudrait perdre aucun d\u00e9tail. Parall\u00e8lement aux travaux, les opportunit\u00e9s de networking, sont pr\u00e9cieuses, tout comme les rencontres bilat\u00e9rales. Les grands palaces de Doha, archipleins, ces jours-ci, avec la tenue du mondial des clubs, accueillent en effet des rencontres discr\u00e8tes entre les grands de ce monde. Ainsi va le soft power, nouvelle forme de diplomatie.<\/p>\n<p><strong>M.T.<\/strong><\/p>\n<p><em><span class=\"c2\"><strong>Pour aller plus loin : l&rsquo;introduction du Forum de Doha<\/strong><\/span><\/em><\/p>\n<p><em>\u00ab\u00a0Avec les adversit\u00e9s et les in\u00e9galit\u00e9s r\u00e9sultant de la guerre et de la pauvret\u00e9, les opportunit\u00e9s semblent r\u00e9sider dans une transition mondiale de l&rsquo;unipolarit\u00e9 \u00e0 la multipolarit\u00e9. Dans un combat pour la justice, la primaut\u00e9 du droit et l&rsquo;\u00e9galit\u00e9 entre autres, on s&rsquo;attend \u00e0 ce qu&rsquo;un tel changement domine dans un avenir pr\u00e9visible. Ce changement de paradigme comporte de multiples dimensions qui vont au-del\u00e0 d&rsquo;un simple cadre politique. Compte tenu du nombre croissant de puissances sur la sc\u00e8ne mondiale, il est n\u00e9cessaire d&rsquo;explorer l&rsquo;importance de ce changement et de r\u00e9imaginer un syst\u00e8me de gouvernance mondiale dynamique qui soit adapt\u00e9 \u00e0 notre situation actuelle. La l\u00e9gitimit\u00e9 d&rsquo;un petit nombre seulement de pays au premier plan des conflits internationaux a diminu\u00e9. Les personnes, les biens et les valeurs sont tous transnationaux. Aucun \u00c9tat ou groupe d&rsquo;\u00c9tats ne peut \u00e0 lui seul relever les d\u00e9fis mondiaux actuels et \u00e9mergents. Les h\u00e9g\u00e9mons abandonnent-ils leur influence ou se retirent-ils consciemment de leur responsabilit\u00e9 \u00e0 l&rsquo;\u00e9gard de la communaut\u00e9 internationale ? Nous devons collectivement penser \u00e0 un syst\u00e8me de gouvernance holistique qui soit moral, coop\u00e9ratif et pratique.<\/em><\/p>\n<p><em>Notre nouvelle norme, c&rsquo;est que les \u00c9tats-nations et les acteurs non \u00e9tatiques se disputent maintenant l&rsquo;influence politique, militaire et \u00e9conomique. La port\u00e9e et la pertinence des pays varient dans le paysage international. Les acteurs non \u00e9tatiques, les ONG, les mouvements sociopolitiques et religieux, les entreprises transnationales et les agents du monde virtuel jouent un r\u00f4le cl\u00e9 dans la transformation. Le caract\u00e8re unique de ce que nous vivons repose sur la contradiction de l&rsquo;interconnectivit\u00e9 du monde au milieu des conflits pour ce qui est per\u00e7u comme des valeurs mondiales. De nombreux probl\u00e8mes mondiaux nous affectent tous et se propagent \u00e0 des niveaux microscopiques. Par exemple, les changements climatiques constituent une menace pour nous tous et sont li\u00e9s aux moyens de subsistance des gens et \u00e0 l&rsquo;\u00e9conomie mondiale. La migration est un d\u00e9fi international qui doit \u00eatre g\u00e9r\u00e9 collectivement tout en garantissant les droits des r\u00e9fugi\u00e9s et des personnes d\u00e9plac\u00e9es.<\/em><\/p>\n<p><em>En tant que plateforme de r\u00e9flexion de premier plan, le Forum de Doha se penchera cette ann\u00e9e sur les th\u00e8mes suivants:<br \/><\/em><\/p>\n<ul>\n<li><em>Tendances et technologie<\/em><\/li>\n<li><em>Commerce et investissement<\/em><\/li>\n<li><em>Capital humain et in\u00e9galit\u00e9s<\/em><\/li>\n<li><em>S\u00e9curit\u00e9, cybergouvernance et d\u00e9fense<\/em><\/li>\n<li><em>Organisations internationales, soci\u00e9t\u00e9 civile et acteurs non \u00e9tatiques<\/em><\/li>\n<li><em>Culture et identit\u00e9<\/em><\/li>\n<li><em>Quelle devrait \u00eatre la voie \u00e0 suivre ? La gouvernance et le leadership mondiaux sont essentiels \u00e0 la durabilit\u00e9 de nos syst\u00e8mes et de notre niveau de vie. Les accords multilat\u00e9raux sont contest\u00e9s, les organisations r\u00e9gionales sont remises en question. Il y a un besoin pour une gouvernance alternative qui peut accommoder la diversit\u00e9, la diplomatie et le dialogue.<br \/><\/em><\/li>\n<\/ul>\n<p><em>Dans notre paradigme actuel, combien de temps dure l&rsquo;impulsion de certains pays \u00e0 prendre des d\u00e9cisions ou des positions unilat\u00e9rales ? Dans une \u00e8re multipolaire, pouvons-nous discuter et nous engager dans un syst\u00e8me o\u00f9 la souverainet\u00e9 est respect\u00e9e et o\u00f9 l&rsquo;on met davantage l&rsquo;accent sur la flexibilit\u00e9 des pays individuels ainsi que sur l&rsquo;inclusion dans le processus d\u00e9cisionnel ?<br \/>Cultivant les principales contributions de l&rsquo;ann\u00e9e derni\u00e8re, le Forum de Doha r\u00e9unira cette ann\u00e9e un groupe distingu\u00e9 de dirigeants, de penseurs et de d\u00e9cideurs politiques pour s&rsquo;attaquer aux questions susmentionn\u00e9es et repenser une gouvernance mondiale qui r\u00e9pond \u00e0 nos besoins et priorit\u00e9s collectifs.\u00a0\u00bb<\/em><\/p>\n<p><em>\u00a0<\/em><\/p>\n<p>Auteur:<br \/>\n<a href=\"https:\/\/www.leaders.com.tn\/article\/28627-doha-forum-2019-comment-re-imaginer-la-gouvernance-dans-un-monde-multipolaire\">Cliquez ici pour lire l&rsquo;article depuis sa source.<\/a><\/p>\n","protected":false},"excerpt":{"rendered":"<p>Doha \u2013 De l\u2019envoy\u00e9 sp\u00e9cial de Leaders, Mohamed Ta\u00efeb. Si la Coupe du monde des clubs qui se d\u00e9roule ces-jours-ci dans la capitale qatarie accapare l\u2019attention, avec la participation de l\u2019Esp\u00e9rance sportive de Tunis, un autre \u00e9v\u00e8nement, de grande envergure, fait affluer les grands de ce monde. Il s\u2019agit du Forum de Doha, qui ouvre [&hellip;]<\/p>\n","protected":false},"author":1772,"featured_media":70155,"comment_status":"closed","ping_status":"closed","sticky":false,"template":"","format":"standard","meta":{"fifu_image_url":"","fifu_image_alt":"","footnotes":""},"categories":[73,55],"tags":[],"class_list":["post-70154","post","type-post","status-publish","format-standard","has-post-thumbnail","hentry","category-actualite","category-tunisie"],"_links":{"self":[{"href":"https:\/\/linitiative.ca\/International\/wp-json\/wp\/v2\/posts\/70154","targetHints":{"allow":["GET"]}}],"collection":[{"href":"https:\/\/linitiative.ca\/International\/wp-json\/wp\/v2\/posts"}],"about":[{"href":"https:\/\/linitiative.ca\/International\/wp-json\/wp\/v2\/types\/post"}],"author":[{"embeddable":true,"href":"https:\/\/linitiative.ca\/International\/wp-json\/wp\/v2\/users\/1772"}],"replies":[{"embeddable":true,"href":"https:\/\/linitiative.ca\/International\/wp-json\/wp\/v2\/comments?post=70154"}],"version-history":[{"count":0,"href":"https:\/\/linitiative.ca\/International\/wp-json\/wp\/v2\/posts\/70154\/revisions"}],"wp:featuredmedia":[{"embeddable":true,"href":"https:\/\/linitiative.ca\/International\/wp-json\/"}],"wp:attachment":[{"href":"https:\/\/linitiative.ca\/International\/wp-json\/wp\/v2\/media?parent=70154"}],"wp:term":[{"taxonomy":"category","embeddable":true,"href":"https:\/\/linitiative.ca\/International\/wp-json\/wp\/v2\/categories?post=70154"},{"taxonomy":"post_tag","embeddable":true,"href":"https:\/\/linitiative.ca\/International\/wp-json\/wp\/v2\/tags?post=70154"}],"curies":[{"name":"wp","href":"https:\/\/api.w.org\/{rel}","templated":true}]}}