{"id":70159,"date":"2019-12-13T15:05:56","date_gmt":"2019-12-13T20:05:56","guid":{"rendered":"https:\/\/linitiative.ca\/International\/le-conseil-national-de-la-presse-defie-par-les-nouvelles-technologies\/"},"modified":"2019-12-13T15:05:56","modified_gmt":"2019-12-13T20:05:56","slug":"le-conseil-national-de-la-presse-defie-par-les-nouvelles-technologies","status":"publish","type":"post","link":"https:\/\/linitiative.ca\/International\/le-conseil-national-de-la-presse-defie-par-les-nouvelles-technologies\/","title":{"rendered":"Le Conseil national de la presse d\u00e9fi\u00e9 par les nouvelles technologies"},"content":{"rendered":"<p><strong>Le Conseil national de la presse (CNP), qui vient de f\u00eater son premier anniversaire, a organis\u00e9 \u00e0 Tanger un colloque international autour du th\u00e8me \u00ab La restructuration de la presse: comment harmoniser les syst\u00e8mes \u00e9thiques et la responsabilit\u00e9 des m\u00e9dias? \u00bb. L\u2019\u00e9v\u00e9nement, le premier du genre au Maroc, a r\u00e9uni, entre autres, des repr\u00e9sentants et responsables de conseils de presse \u00e9trangers de Grande-Bretagne, d\u2019Irlande, du Canada, de Belgique, du B\u00e9nin.\u00a0<\/strong><\/p>\n<div class=\"c10\"\/>\n<p>Comme d\u2019autres professions, celle du journalisme est en pleine mutation. L\u2019\u00e9volution technologique touche aussi au c\u0153ur m\u00eame du m\u00e9tier, pris aujourd\u2019hui en \u00e9tau entre la digitalisation galopante et les \u00ab Fake News\u00bb dop\u00e9es par les r\u00e9seaux sociaux.\u00a0<\/p>\n<p>Les nouveaux supports \u00e9lectroniques transforment radicalement aussi bien les rapports des journalistes \u00e0 leurs sources que leurs relations avec leurs lecteurs. R\u00e9sultat des courses : les instances de r\u00e9gulation sont plus que jamais appel\u00e9es \u00e0 serrer la vis au niveau du contr\u00f4le de la d\u00e9ontologie et du respect de l\u2019\u00e9thique professionnelle. Autant de d\u00e9fis auxquels le Conseil national de la presse (CNP) a tent\u00e9 d\u2019apporter des r\u00e9ponses lors d\u2019un colloque international qu\u2019il a organis\u00e9 les 29 et 30 novembre 2019 \u00e0 Tanger autour du th\u00e8me <em>\u00ab La restructuration de la presse: comment harmoniser les syst\u00e8mes \u00e9thiques et la responsabilit\u00e9 des m\u00e9dias? \u00bb.<\/em>\u00a0<\/p>\n<p><em>\u00abLe r\u00f4le du CNP, organe d\u2019autor\u00e9gulation du secteur, d\u00e9passe celui de la d\u00e9ontologie pour inclure aussi celui de la r\u00e9glementation de l\u2019acc\u00e8s \u00e0 la profession ainsi que son d\u00e9veloppement\u00bb<\/em>, explique Younes Moujahid, pr\u00e9sident du CNP qui vient de f\u00eater son premier anniversaire.<\/p>\n<p>Anim\u00e9 par Fatima Zahra Ouariaghli, vice-pr\u00e9sidente du CNP, le colloque, premier rendez-vous du genre au Maroc, a enregistr\u00e9 la participation d\u2019\u00e9diteurs, de journalistes et de repr\u00e9sentants et de responsables de conseils de presse \u00e9trangers de Grande-Bretagne, d\u2019Irlande, du Canada, de Belgique, du B\u00e9nin, dont Anthony Bellanger, secr\u00e9taire g\u00e9n\u00e9ral de la F\u00e9d\u00e9ration internationale des journalistes (FIJ), et Golda El Khory, directrice de l\u2019Unesco<em>. \u00ab Notre mandat \u00e0 l\u2019Unesco est la protection du journaliste, garantir sa libert\u00e9 d\u2019expression, et la refonte du journalisme sur une base \u00e9thique qui va nous permettre de nous assurer que la circulation des informations est responsable, car la qualit\u00e9 de l\u2019information peut parfois d\u00e9stabiliser des soci\u00e9t\u00e9s. Et ce, en tenant compte du fait qu\u2019aujourd\u2019hui, les r\u00e9seaux sociaux sont devenus une plateforme o\u00f9 toute personne peut devenir non pas journaliste, mais \u00e9mettrice d\u2019information\u00bb<\/em>, a soulign\u00e9 El Khory qui intervenait lors de la s\u00e9ance inaugurale.<\/p>\n<p>Pour Youn\u00e8s Moujahid, la profession d\u00e9pend de cet \u00e9quilibre n\u00e9cessaire entre la responsabilit\u00e9 des m\u00e9dias et les droits et protections dont ils b\u00e9n\u00e9ficient pour pr\u00e9server la d\u00e9mocratie. Lors de son intervention, le pr\u00e9sident du CNP a \u00e9galement mis l\u2019accent sur la situation \u00e9conomique des entreprises de presse, confront\u00e9es \u00e0 un dysfonctionnement de l\u2019ancien mod\u00e8le et l\u2019absence d\u2019une alternative. Une situation, a-t-il pr\u00e9cis\u00e9, qui impacte s\u00e9rieusement le statut et la situation des journalistes et de tous les employ\u00e9s dans le secteur.\u00a0<\/p>\n<p>La c\u00e9r\u00e9monie d\u2019ouverture a \u00e9t\u00e9 marqu\u00e9e aussi par l\u2019intervention d\u2019Anthony Bellanger, qui a indiqu\u00e9 que la FIJ a \u00e9labor\u00e9 cette ann\u00e9e, un code de d\u00e9ontologie international pour les journalistes. <em>\u00abLe journalisme est une profession qui n\u00e9cessite du temps, des moyens et la s\u00e9curit\u00e9 morale et mat\u00e9rielle n\u00e9cessaires \u00e0 son ind\u00e9pendance. Les internautes actifs sur les m\u00e9dias sociaux ne sont pas n\u00e9cessairement des journalistes. J\u2019ai un piano dans mon salon, mais cela ne veut pas dire que je suis un pianiste. Un journaliste est une personne form\u00e9e et pay\u00e9e et poss\u00e9dant une carte professionnelle\u00bb<\/em>, a-t-il pr\u00e9cis\u00e9.<\/p>\n<p>Il faut dire que les intervenants sont unanimes pour faire part de la n\u00e9cessit\u00e9 de revenir aux fondamentaux du m\u00e9tier avec une charte de d\u00e9ontologie. Pour rappel, la Charte de d\u00e9ontologie \u00e9labor\u00e9e par le CNP a \u00e9t\u00e9 publi\u00e9e au Bulletin officiel du 29 juillet 2019.<\/p>\n<div class=\"c17\">\n<fieldset class=\"c16\">\n<legend><strong><span class=\"c11\">Challenge<\/span><span class=\"c12\">news<\/span><\/strong><\/legend>\n<div class=\"c15\">Le meilleur de Challenge s\u00e9lectionn\u00e9 par la r\u00e9daction :<\/p>\n<\/div>\n<\/fieldset>\n<\/div>\n<p>Auteur: challenge<br \/>\n<a href=\"https:\/\/www.challenge.ma\/le-conseil-national-de-la-presse-defie-par-les-nouvelles-technologies-125617\/\">Cliquez ici pour lire l&rsquo;article depuis sa source.<\/a><\/p>\n","protected":false},"excerpt":{"rendered":"<p>Le Conseil national de la presse (CNP), qui vient de f\u00eater son premier anniversaire, a organis\u00e9 \u00e0 Tanger un colloque international autour du th\u00e8me \u00ab La restructuration de la presse: comment harmoniser les syst\u00e8mes \u00e9thiques et la responsabilit\u00e9 des m\u00e9dias? \u00bb. L\u2019\u00e9v\u00e9nement, le premier du genre au Maroc, a r\u00e9uni, entre autres, des repr\u00e9sentants et [&hellip;]<\/p>\n","protected":false},"author":1787,"featured_media":0,"comment_status":"closed","ping_status":"closed","sticky":false,"template":"","format":"standard","meta":{"fifu_image_url":"","fifu_image_alt":"","footnotes":""},"categories":[78,54],"tags":[],"class_list":["post-70159","post","type-post","status-publish","format-standard","hentry","category-economie","category-maroc"],"_links":{"self":[{"href":"https:\/\/linitiative.ca\/International\/wp-json\/wp\/v2\/posts\/70159","targetHints":{"allow":["GET"]}}],"collection":[{"href":"https:\/\/linitiative.ca\/International\/wp-json\/wp\/v2\/posts"}],"about":[{"href":"https:\/\/linitiative.ca\/International\/wp-json\/wp\/v2\/types\/post"}],"author":[{"embeddable":true,"href":"https:\/\/linitiative.ca\/International\/wp-json\/wp\/v2\/users\/1787"}],"replies":[{"embeddable":true,"href":"https:\/\/linitiative.ca\/International\/wp-json\/wp\/v2\/comments?post=70159"}],"version-history":[{"count":0,"href":"https:\/\/linitiative.ca\/International\/wp-json\/wp\/v2\/posts\/70159\/revisions"}],"wp:attachment":[{"href":"https:\/\/linitiative.ca\/International\/wp-json\/wp\/v2\/media?parent=70159"}],"wp:term":[{"taxonomy":"category","embeddable":true,"href":"https:\/\/linitiative.ca\/International\/wp-json\/wp\/v2\/categories?post=70159"},{"taxonomy":"post_tag","embeddable":true,"href":"https:\/\/linitiative.ca\/International\/wp-json\/wp\/v2\/tags?post=70159"}],"curies":[{"name":"wp","href":"https:\/\/api.w.org\/{rel}","templated":true}]}}