{"id":70160,"date":"2019-12-13T15:35:04","date_gmt":"2019-12-13T20:35:04","guid":{"rendered":"https:\/\/linitiative.ca\/International\/chakib-benmoussa-lhomme-de-lheure-et-de-la-situation-lart-de-se-hater-lentement\/"},"modified":"2019-12-13T15:35:04","modified_gmt":"2019-12-13T20:35:04","slug":"chakib-benmoussa-lhomme-de-lheure-et-de-la-situation-lart-de-se-hater-lentement","status":"publish","type":"post","link":"https:\/\/linitiative.ca\/International\/chakib-benmoussa-lhomme-de-lheure-et-de-la-situation-lart-de-se-hater-lentement\/","title":{"rendered":"Chakib Benmoussa, l\u2019homme de l\u2019heure et de la situation : L\u2019art de se h\u00e2ter lentement"},"content":{"rendered":"<p><strong>La rencontre n\u2019\u00e9tait pas faite pour les empoignades ou les infos exclusives. Elle se d\u00e9roula un dimanche apr\u00e8s-midi, \u00e0 l\u2019heure du caf\u00e9, chez si Chakib Benmoussa, ex-ministre de l\u2019Int\u00e9rieur et actuel Ambassadeur du Maroc \u00e0 Paris. Nomm\u00e9 le 19 novembre dernier, Pr\u00e9sident de la \u00abCommission Sp\u00e9ciale sur le mod\u00e8le de d\u00e9veloppement\u00bb Chakib Benmoussa est l\u00e0 en ce dimanche de fin d\u2019automne dans sa maison pour y recevoir des journalistes \u2013 hommes et femmes des m\u00e9dias, et donner du grain \u00e0 moudre \u00e0 l\u2019app\u00e9tit insatiable de la sph\u00e8re m\u00e9diatique.<\/strong><\/p>\n<div class=\"c10\"\/>\n<p>L\u2019homme est r\u00f4d\u00e9 aux lois de la communication, et avec sa sinc\u00e9rit\u00e9 patente et convaincante, il s\u2019expose au feu des questions, qu\u2019il va \u00e9teindre par un ton courtois et pos\u00e9.\u00a0 Le toujours Ambassadeur \u00e0 Paris, s\u2019il se sait attendu au tournant, sait aussi que la Mission Royale qui lui a \u00e9t\u00e9 confi\u00e9e exige encore plus de doigt\u00e9 et de responsabilit\u00e9.<\/p>\n<p>Responsabilit\u00e9 qu\u2019il entend engager avec le plus grand nombre de bonnes volont\u00e9s qu\u2019elles soient du monde politique, \u00e9conomique, culturel ou social \u2026 <em>\u00ab Il faut qu\u2019on construise tous ensemble \u2026 \u00bb<\/em> est un des cr\u00e9dos de Chakib Benmoussa.<\/p>\n<p>Cela fait moins d\u2019un mois que sa nomination a \u00e9t\u00e9 act\u00e9e, et pourtant on lui r\u00e9clame \u2013 les m\u00e9dias, toujours les m\u00e9dias \u2013 des faits et des actes. A commencer par les noms des membres de la commission qui travaillera avec lui. D\u2019aucuns avancent d\u00e9j\u00e0 le label de \u00abDream team\u00bb pour qualifier une \u00e9quipe qui devra d\u2019abord \u00eatre nomm\u00e9e par SM le Roi.<\/p>\n<p>Bien s\u00fbr, Si Benmoussa a sa petite id\u00e9e sur le profil, et m\u00eame plus, des personnes qui la composeront, mais il ne livrera aucun nom malgr\u00e9 les questions pressantes. Tr\u00e8s calme, toujours, il l\u00e2chera seulement une date approximative <em>\u00abVous en saurez plus en fin D\u00e9cembre\u00bb. \u00abComprendra-t-elle des femmes ?\u00bb<\/em> lance un confr\u00e8re. La r\u00e9ponse est \u00e9vidente m\u00eame si l\u2019Ambassadeur n\u2019y a pas r\u00e9pondu implicitement -la r\u00e9serve, toujours la r\u00e9serve- r\u00e9ponse \u00e9vidente car nul n\u2019ignore plus la place, incontournable, de la femme dans la soci\u00e9t\u00e9 marocaine. Mais parfois, le r\u00f4le des journalistes ne consiste-t-il pas \u00e0 enfoncer des portes ouvertes?<\/p>\n<p><strong>Lire la suite dans votre magazine Challenge en vente dans tous les points de presse.<\/strong><\/p>\n<p><img decoding=\"async\" src=\"https:\/\/www.challenge.ma\/wp-content\/uploads\/2019\/12\/1-Couverture-721--786x1024.png\" alt=\"\" class=\"wp-image-125420\" srcset=\"https:\/\/www.challenge.ma\/wp-content\/uploads\/2019\/12\/1-Couverture-721--786x1024.png 786w, https:\/\/www.challenge.ma\/wp-content\/uploads\/2019\/12\/1-Couverture-721--230x300.png 230w, https:\/\/www.challenge.ma\/wp-content\/uploads\/2019\/12\/1-Couverture-721--768x1001.png 768w, https:\/\/www.challenge.ma\/wp-content\/uploads\/2019\/12\/1-Couverture-721--360x469.png 360w, https:\/\/www.challenge.ma\/wp-content\/uploads\/2019\/12\/1-Couverture-721--750x977.png 750w, https:\/\/www.challenge.ma\/wp-content\/uploads\/2019\/12\/1-Couverture-721-.png 921w\" sizes=\"(max-width: 786px) 100vw, 786px\"\/><\/p>\n<div class=\"c17\">\n<fieldset class=\"c16\">\n<legend><strong><span class=\"c11\">Challenge<\/span><span class=\"c12\">news<\/span><\/strong><\/legend>\n<div class=\"c15\">Le meilleur de Challenge s\u00e9lectionn\u00e9 par la r\u00e9daction :<\/p>\n<\/div>\n<\/fieldset>\n<\/div>\n<p>Auteur: Najib Salmi<br \/>\n<a href=\"https:\/\/www.challenge.ma\/chakib-benmoussa-lhomme-de-lheure-et-de-la-situation-lart-de-se-hater-lentement-125614\/\">Cliquez ici pour lire l&rsquo;article depuis sa source.<\/a><\/p>\n","protected":false},"excerpt":{"rendered":"<p>La rencontre n\u2019\u00e9tait pas faite pour les empoignades ou les infos exclusives. Elle se d\u00e9roula un dimanche apr\u00e8s-midi, \u00e0 l\u2019heure du caf\u00e9, chez si Chakib Benmoussa, ex-ministre de l\u2019Int\u00e9rieur et actuel Ambassadeur du Maroc \u00e0 Paris. Nomm\u00e9 le 19 novembre dernier, Pr\u00e9sident de la \u00abCommission Sp\u00e9ciale sur le mod\u00e8le de d\u00e9veloppement\u00bb Chakib Benmoussa est l\u00e0 [&hellip;]<\/p>\n","protected":false},"author":1787,"featured_media":70161,"comment_status":"closed","ping_status":"closed","sticky":false,"template":"","format":"standard","meta":{"fifu_image_url":"","fifu_image_alt":"","footnotes":""},"categories":[78,54],"tags":[],"class_list":["post-70160","post","type-post","status-publish","format-standard","has-post-thumbnail","hentry","category-economie","category-maroc"],"_links":{"self":[{"href":"https:\/\/linitiative.ca\/International\/wp-json\/wp\/v2\/posts\/70160","targetHints":{"allow":["GET"]}}],"collection":[{"href":"https:\/\/linitiative.ca\/International\/wp-json\/wp\/v2\/posts"}],"about":[{"href":"https:\/\/linitiative.ca\/International\/wp-json\/wp\/v2\/types\/post"}],"author":[{"embeddable":true,"href":"https:\/\/linitiative.ca\/International\/wp-json\/wp\/v2\/users\/1787"}],"replies":[{"embeddable":true,"href":"https:\/\/linitiative.ca\/International\/wp-json\/wp\/v2\/comments?post=70160"}],"version-history":[{"count":0,"href":"https:\/\/linitiative.ca\/International\/wp-json\/wp\/v2\/posts\/70160\/revisions"}],"wp:featuredmedia":[{"embeddable":true,"href":"https:\/\/linitiative.ca\/International\/wp-json\/"}],"wp:attachment":[{"href":"https:\/\/linitiative.ca\/International\/wp-json\/wp\/v2\/media?parent=70160"}],"wp:term":[{"taxonomy":"category","embeddable":true,"href":"https:\/\/linitiative.ca\/International\/wp-json\/wp\/v2\/categories?post=70160"},{"taxonomy":"post_tag","embeddable":true,"href":"https:\/\/linitiative.ca\/International\/wp-json\/wp\/v2\/tags?post=70160"}],"curies":[{"name":"wp","href":"https:\/\/api.w.org\/{rel}","templated":true}]}}