{"id":70162,"date":"2019-12-13T15:35:24","date_gmt":"2019-12-13T20:35:24","guid":{"rendered":"https:\/\/linitiative.ca\/International\/france-un-marocain-abattu-par-la-police-a-la-defense\/"},"modified":"2019-12-13T15:35:24","modified_gmt":"2019-12-13T20:35:24","slug":"france-un-marocain-abattu-par-la-police-a-la-defense","status":"publish","type":"post","link":"https:\/\/linitiative.ca\/International\/france-un-marocain-abattu-par-la-police-a-la-defense\/","title":{"rendered":"France\u00a0: Un marocain abattu par la police \u00e0 la D\u00e9fense"},"content":{"rendered":"<div class=\"post-cont-in left relative\">\n<div class=\"swp_social_panel swp_horizontal_panel swp_flat_fresh swp_default_full_color swp_individual_full_color swp_other_full_color scale-100 scale-\" data-min-width=\"1100\" data-float-color=\"#ffffff\" data-float=\"none\" data-float-mobile=\"none\" data-transition=\"slide\">\n<div class=\"nc_tweetContainer swp_share_button total_shares total_sharesalt\"><span class=\"swp_count\">10 <span class=\"swp_label\">Partages<\/span><\/span><\/div>\n<\/div>\n<p>Un homme\u00a0a \u00e9t\u00e9\u00a0tu\u00e9,\u00a0ce vendredi 13\u00a0d\u00e9cembre, apr\u00e8s avoir tent\u00e9 d\u2019agresser trois policiers \u00e0 l\u2019aide d\u2019une arme blanche\u00a0dans un souterrain du quartier de la D\u00e9fense. L\u2019individu, un ressortissant marocain de 42\u00a0ans, n\u2019\u00e9tait pas connu des services de renseignement.<\/p>\n<div class=\"code-block code-block-1 c3\"><ins class=\"adsbygoogle c2\" data-ad-layout=\"in-article\" data-ad-format=\"fluid\" data-ad-client=\"ca-pub-2102118777505746\" data-ad-slot=\"7301775417\"\/> <\/div>\n<p>L\u2019histoire a commenc\u00e9 quand une h\u00f4tesse d\u2019accueil d\u2019un immeuble de bureaux, situ\u00e9 dans le quartier de la D\u00e9fense, a alert\u00e9 une patrouille de police de la pr\u00e9sence d\u2019un homme, apparemment muni d\u2019un\u00a0couteau, se tapant la t\u00eate contre une vitre.<\/p>\n<p>Entre-temps, l\u2019homme s\u2019est dirig\u00e9 en direction des sous-sols du quartier, o\u00f9 les policiers l\u2019ont suivi. \u201cIls se sont retrouv\u00e9s face \u00e0 face avec l\u2019individu qui les a menac\u00e9s d\u2019une arme blanche\u201d. Une arme qui \u00e9tait en fait une scie \u00e0 placo pl\u00e2tre.<\/p>\n<p>Face \u00e0 cet homme qui les mena\u00e7ait avec sa scie,\u00a0\u201cles fonctionnaires de police l\u2019ont\u00a0 somm\u00e9 \u00e0 plusieurs reprises de l\u00e2cher son arme, mais l\u2019individu se serait jet\u00e9 sur eux. Alors qu\u2019ils \u00e9taient \u00e0\u00a0deux ou trois m\u00e8tres, les\u00a0fonctionnaires ont fait feu pour le stopper et \u00e9viter de se faire blesser ou tuer.\u201d<\/p>\n<p>Au total, six balles ont \u00e9t\u00e9 tir\u00e9es, l\u2019une d\u2019elles au moins a atteint l\u2019agresseur. Les secours sont intervenus\u00a0\u201ctr\u00e8s vite\u201d,\u00a0selon la procureure de la R\u00e9publique,\u00a0\u201cmais le d\u00e9c\u00e8s a \u00e9t\u00e9 d\u00e9clar\u00e9 \u00e0 11h31\u201d.<\/p>\n<p>Aux policiers qui lui ont demand\u00e9 la raison de son geste apr\u00e8s l\u2019avoir ma\u00eetris\u00e9, l\u2019assaillant aurait r\u00e9pondu\u00a0:\u00a0\u201cJe\u00a0suis un terroriste\u201d. Mais la piste terroriste a vite \u00e9t\u00e9 abandonn\u00e9e quand il s\u2019est av\u00e9r\u00e9 que l\u2019individu en question souffrait de troubles psychiques.<\/p>\n<p>L\u2019homme a \u00e9t\u00e9 identifi\u00e9 comme un ressortissant marocain de 42\u00a0ans en situation irr\u00e9guli\u00e8re, qui pr\u00e9sentait\u00a0des probl\u00e8mes psychiatriques. Il avait \u00e9t\u00e9 hospitalis\u00e9 \u00e0 plusieurs reprises ces derni\u00e8res ann\u00e9es, dans un \u00e9tablissement parisien sp\u00e9cialis\u00e9 d\u2019o\u00f9 il s\u2019est enfui, le 18\u00a0juin 2019. Il \u00e9tait, depuis, inscrit au fichier des personnes recherch\u00e9es.<\/p>\n<p>Totalement inconnu des services de renseignement et\u00a0\u201cpas du tout religieux\u201d,\u00a0l\u2019individu avait plusieurs ant\u00e9c\u00e9dents judiciaires de droit commun.<\/p>\n<p><strong>Que se passe-t-il en Tunisie?<\/strong><br \/>Nous expliquons sur notre <a href=\"https:\/\/www.youtube.com\/channel\/UCRzypVq0B_yBad5eGrwBx0Q?sub_confirmation=1\" target=\"_blank\" rel=\"noopener noreferrer\">cha\u00eene YouTube<\/a> . <a href=\"https:\/\/www.youtube.com\/channel\/UCRzypVq0B_yBad5eGrwBx0Q?sub_confirmation=1\" target=\"_blank\" rel=\"noopener noreferrer\">Abonnez-vous!<\/a><\/p>\n<div class=\"mvp-org-wrap mvp-org-logo\" itemprop=\"publisher\" itemscope=\"\" itemtype=\"https:\/\/schema.org\/Organization\"><img decoding=\"async\" src=\"https:\/\/www.tunisienumerique.com\/wp-content\/uploads\/2017\/02\/logo_tunisie_numerique.png\"\/><\/div>\n<div class=\"swp_social_panel swp_horizontal_panel swp_flat_fresh swp_default_full_color swp_individual_full_color swp_other_full_color scale-100 scale-\" data-min-width=\"1100\" data-float-color=\"#ffffff\" data-float=\"none\" data-float-mobile=\"none\" data-transition=\"slide\">\n<div class=\"nc_tweetContainer swp_share_button total_shares total_sharesalt\"><span class=\"swp_count\">10 <span class=\"swp_label\">Partages<\/span><\/span><\/div>\n<\/div>\n<div class=\"mvp-related-posts left relative\">\n<h4 class=\"post-header\"><span class=\"post-header\">Lire aussi<\/span><\/h4>\n<\/div>\n<\/div>\n<p>Auteur: LM<br \/>\n<a href=\"https:\/\/www.tunisienumerique.com\/france-un-marocain-abattu-par-la-police-a-la-defense\/\">Cliquez ici pour lire l&rsquo;article depuis sa source.<\/a><\/p>\n","protected":false},"excerpt":{"rendered":"<p>10 Partages Un homme\u00a0a \u00e9t\u00e9\u00a0tu\u00e9,\u00a0ce vendredi 13\u00a0d\u00e9cembre, apr\u00e8s avoir tent\u00e9 d\u2019agresser trois policiers \u00e0 l\u2019aide d\u2019une arme blanche\u00a0dans un souterrain du quartier de la D\u00e9fense. L\u2019individu, un ressortissant marocain de 42\u00a0ans, n\u2019\u00e9tait pas connu des services de renseignement. L\u2019histoire a commenc\u00e9 quand une h\u00f4tesse d\u2019accueil d\u2019un immeuble de bureaux, situ\u00e9 dans le quartier de la [&hellip;]<\/p>\n","protected":false},"author":1789,"featured_media":70163,"comment_status":"closed","ping_status":"closed","sticky":false,"template":"","format":"standard","meta":{"fifu_image_url":"","fifu_image_alt":"","footnotes":""},"categories":[73,55],"tags":[],"class_list":["post-70162","post","type-post","status-publish","format-standard","has-post-thumbnail","hentry","category-actualite","category-tunisie"],"_links":{"self":[{"href":"https:\/\/linitiative.ca\/International\/wp-json\/wp\/v2\/posts\/70162","targetHints":{"allow":["GET"]}}],"collection":[{"href":"https:\/\/linitiative.ca\/International\/wp-json\/wp\/v2\/posts"}],"about":[{"href":"https:\/\/linitiative.ca\/International\/wp-json\/wp\/v2\/types\/post"}],"author":[{"embeddable":true,"href":"https:\/\/linitiative.ca\/International\/wp-json\/wp\/v2\/users\/1789"}],"replies":[{"embeddable":true,"href":"https:\/\/linitiative.ca\/International\/wp-json\/wp\/v2\/comments?post=70162"}],"version-history":[{"count":0,"href":"https:\/\/linitiative.ca\/International\/wp-json\/wp\/v2\/posts\/70162\/revisions"}],"wp:featuredmedia":[{"embeddable":true,"href":"https:\/\/linitiative.ca\/International\/wp-json\/"}],"wp:attachment":[{"href":"https:\/\/linitiative.ca\/International\/wp-json\/wp\/v2\/media?parent=70162"}],"wp:term":[{"taxonomy":"category","embeddable":true,"href":"https:\/\/linitiative.ca\/International\/wp-json\/wp\/v2\/categories?post=70162"},{"taxonomy":"post_tag","embeddable":true,"href":"https:\/\/linitiative.ca\/International\/wp-json\/wp\/v2\/tags?post=70162"}],"curies":[{"name":"wp","href":"https:\/\/api.w.org\/{rel}","templated":true}]}}