{"id":70166,"date":"2019-12-13T16:26:24","date_gmt":"2019-12-13T21:26:24","guid":{"rendered":"https:\/\/linitiative.ca\/International\/ftf-voici-la-situation-du-compte-ftf-litiges-ca\/"},"modified":"2019-12-13T16:26:24","modified_gmt":"2019-12-13T21:26:24","slug":"ftf-voici-la-situation-du-compte-ftf-litiges-ca","status":"publish","type":"post","link":"https:\/\/linitiative.ca\/International\/ftf-voici-la-situation-du-compte-ftf-litiges-ca\/","title":{"rendered":"FTF : Voici la situation du compte FTF Litiges CA"},"content":{"rendered":"<div class=\"heateor_sss_sharing_container heateor_sss_horizontal_sharing\" heateor-sss-data-href=\"https:\/\/sport.tunisienumerique.com\/ftf-voici-la-situation-du-compte-ftf-litiges-ca\/\" heateor-sss-no-counts=\"1\">\n<div class=\"heateor_sss_sharing_title c4\">Cet article vous a \u00e9t\u00e9 utile? Partagez le, il int\u00e9ressera d\u2019autres personnes. Merci!<\/div>\n<ul class=\"heateor_sss_sharing_ul\">\n<li class=\"heateorSssSharingRound\"><em alt=\"Facebook\" title=\"Facebook\" class=\"heateorSssSharing heateorSssFacebookBackground c5\" onclick=\"heateorSssPopup(\"https:\/\/www.facebook.com\/sharer\/sharer.php?u=https%3A%2F%2Fsport.tunisienumerique.com%2Fftf-voici-la-situation-du-compte-ftf-litiges-ca%2F\")\">\u00a0<\/em><\/li>\n<li class=\"heateorSssSharingRound\"><em alt=\"Twitter\" title=\"Twitter\" class=\"heateorSssSharing heateorSssTwitterBackground c5\" onclick=\"heateorSssPopup(\"http:\/\/twitter.com\/intent\/tweet?text=FTF%20%3A%20Voici%20la%20situation%20du%20compte%20FTF%20Litiges%20CA&#038;url=https%3A%2F%2Fsport.tunisienumerique.com%2Fftf-voici-la-situation-du-compte-ftf-litiges-ca%2F\")\">\u00a0<\/em><\/li>\n<li class=\"heateorSssSharingRound\"><em alt=\"Linkedin\" title=\"Linkedin\" class=\"heateorSssSharing heateorSssLinkedinBackground c5\" onclick=\"heateorSssPopup(\"http:\/\/www.linkedin.com\/shareArticle?mini=true&#038;url=https%3A%2F%2Fsport.tunisienumerique.com%2Fftf-voici-la-situation-du-compte-ftf-litiges-ca%2F&#038;title=FTF%20%3A%20Voici%20la%20situation%20du%20compte%20FTF%20Litiges%20CA\")\">\u00a0<\/em><\/li>\n<li class=\"heateorSssSharingRound\"><em alt=\"Google Gmail\" title=\"Google Gmail\" class=\"heateorSssSharing heateorSssGoogleGmailBackground c5\" onclick=\"heateorSssPopup(\"https:\/\/mail.google.com\/mail\/?ui=2&#038;view=cm&#038;fs=1&#038;tf=1&#038;su=FTF%20%3A%20Voici%20la%20situation%20du%20compte%20FTF%20Litiges%20CA&#038;body=Link:https%3A%2F%2Fsport.tunisienumerique.com%2Fftf-voici-la-situation-du-compte-ftf-litiges-ca%2F\")\">\u00a0<\/em><\/li>\n<li class=\"heateorSssSharingRound\"><em alt=\"Whatsapp\" title=\"Whatsapp\" class=\"heateorSssSharing heateorSssWhatsappBackground c5\"><a href=\"https:\/\/web.whatsapp.com\/send?text=FTF%20%3A%20Voici%20la%20situation%20du%20compte%20FTF%20Litiges%20CA%20https%3A%2F%2Fsport.tunisienumerique.com%2Fftf-voici-la-situation-du-compte-ftf-litiges-ca%2F\" rel=\"nofollow noopener noreferrer\" target=\"_blank\">\u00a0<\/a><\/em><\/li>\n<li class=\"heateorSssSharingRound\">\u00a0<\/li>\n<\/ul>\n<\/div>\n<p dir=\"ltr\">La F\u00e9d\u00e9ration Tunisienne de Football a fait le point aujourd\u2019hui sur la situation du compte FTF Litiges CA, r\u00e9serv\u00e9 aux collectes en faveur du Club Africain.<\/p>\n<p dir=\"ltr\">La FTF a indiqu\u00e9 le d\u00e9but du r\u00e8glement du litige qui oppose le Club Africain \u00e0 son ancien joueur, Ibrahim Chenihi.<\/p>\n<div class=\"code-block code-block-1 c7\"><ins class=\"adsbygoogle c6\" data-ad-layout=\"in-article\" data-ad-format=\"fluid\" data-ad-client=\"ca-pub-2102118777505746\" data-ad-slot=\"7301775417\"\/> <\/div>\n<p dir=\"ltr\">Une somme de 346 mille euros a \u00e9t\u00e9 vir\u00e9e aujourd\u2019hui et la FIFA a \u00e9t\u00e9 avis\u00e9e de ce transfert.<\/p>\n<p dir=\"ltr\">Cette affaire sera \u00e9tudi\u00e9e par la commission de discipline de la FIFA,\u00a0samedi 16 d\u00e9cembre.<\/p>\n<p dir=\"ltr\">La F\u00e9d\u00e9ration Tunisienne de Football a \u00e9galement donn\u00e9 plus de pr\u00e9cisions concernant la situation du compte FTF Litiges CA.<\/p>\n<p dir=\"ltr\">Jusqu\u2019\u00e0 ce vendredi 13 d\u00e9cembre, 5,048 millions de dinars ont \u00e9t\u00e9 vir\u00e9s par les supporter clubistes.<\/p>\n<p dir=\"ltr\">Le compte affiche aujourd\u2019hui un solde cr\u00e9diteur de pr\u00e8s de deux millions de dinars.<\/p>\n<p dir=\"ltr\">La F\u00e9d\u00e9ration Tunisienne de Football rappelle \u00e9galement que le lourd dossier des dus de Yoann Touzghar (1,534 million de dinars) devra \u00eatre r\u00e9gl\u00e9 au cours de ce mois de d\u00e9cembre\u00a0afin de\u00a0lever la sanction de l\u2019interdiction de recrutements qui p\u00e8se sur le Club Africain.<\/p>\n<p><\/p>\n<div class=\"heateor_sss_sharing_container heateor_sss_horizontal_sharing\" heateor-sss-data-href=\"https:\/\/sport.tunisienumerique.com\/ftf-voici-la-situation-du-compte-ftf-litiges-ca\/\" heateor-sss-no-counts=\"1\">\n<div class=\"heateor_sss_sharing_title c4\">Cet article vous a \u00e9t\u00e9 utile? Partagez le, il int\u00e9ressera d\u2019autres personnes. Merci!<\/div>\n<ul class=\"heateor_sss_sharing_ul\">\n<li class=\"heateorSssSharingRound\"><em alt=\"Facebook\" title=\"Facebook\" class=\"heateorSssSharing heateorSssFacebookBackground c5\" onclick=\"heateorSssPopup(\"https:\/\/www.facebook.com\/sharer\/sharer.php?u=https%3A%2F%2Fsport.tunisienumerique.com%2Fftf-voici-la-situation-du-compte-ftf-litiges-ca%2F\")\">\u00a0<\/em><\/li>\n<li class=\"heateorSssSharingRound\"><em alt=\"Twitter\" title=\"Twitter\" class=\"heateorSssSharing heateorSssTwitterBackground c5\" onclick=\"heateorSssPopup(\"http:\/\/twitter.com\/intent\/tweet?text=FTF%20%3A%20Voici%20la%20situation%20du%20compte%20FTF%20Litiges%20CA&#038;url=https%3A%2F%2Fsport.tunisienumerique.com%2Fftf-voici-la-situation-du-compte-ftf-litiges-ca%2F\")\">\u00a0<\/em><\/li>\n<li class=\"heateorSssSharingRound\"><em alt=\"Linkedin\" title=\"Linkedin\" class=\"heateorSssSharing heateorSssLinkedinBackground c5\" onclick=\"heateorSssPopup(\"http:\/\/www.linkedin.com\/shareArticle?mini=true&#038;url=https%3A%2F%2Fsport.tunisienumerique.com%2Fftf-voici-la-situation-du-compte-ftf-litiges-ca%2F&#038;title=FTF%20%3A%20Voici%20la%20situation%20du%20compte%20FTF%20Litiges%20CA\")\">\u00a0<\/em><\/li>\n<li class=\"heateorSssSharingRound\"><em alt=\"Google Gmail\" title=\"Google Gmail\" class=\"heateorSssSharing heateorSssGoogleGmailBackground c5\" onclick=\"heateorSssPopup(\"https:\/\/mail.google.com\/mail\/?ui=2&#038;view=cm&#038;fs=1&#038;tf=1&#038;su=FTF%20%3A%20Voici%20la%20situation%20du%20compte%20FTF%20Litiges%20CA&#038;body=Link:https%3A%2F%2Fsport.tunisienumerique.com%2Fftf-voici-la-situation-du-compte-ftf-litiges-ca%2F\")\">\u00a0<\/em><\/li>\n<li class=\"heateorSssSharingRound\"><em alt=\"Whatsapp\" title=\"Whatsapp\" class=\"heateorSssSharing heateorSssWhatsappBackground c5\"><a href=\"https:\/\/web.whatsapp.com\/send?text=FTF%20%3A%20Voici%20la%20situation%20du%20compte%20FTF%20Litiges%20CA%20https%3A%2F%2Fsport.tunisienumerique.com%2Fftf-voici-la-situation-du-compte-ftf-litiges-ca%2F\" rel=\"nofollow noopener noreferrer\" target=\"_blank\">\u00a0<\/a><\/em><\/li>\n<li class=\"heateorSssSharingRound\">\u00a0<\/li>\n<\/ul>\n<\/div>\n<div class=\"mvp-org-wrap mvp-org-logo\" itemprop=\"publisher\" itemscope=\"\" itemtype=\"https:\/\/schema.org\/Organization\"><img decoding=\"async\" src=\"https:\/\/sport.tunisienumerique.com\/wp-content\/uploads\/2017\/05\/logo_tunisie_numerique.png\"\/><\/div>\n<div class=\"mvp-related-posts left relative\">\n<h4 class=\"post-header\"><span class=\"post-header\">Lire aussi<\/span><\/h4>\n<\/div>\n<p>Auteur: a.<br \/>\n<a href=\"https:\/\/sport.tunisienumerique.com\/ftf-voici-la-situation-du-compte-ftf-litiges-ca\/\">Cliquez ici pour lire l&rsquo;article depuis sa source.<\/a><\/p>\n","protected":false},"excerpt":{"rendered":"<p>Cet article vous a \u00e9t\u00e9 utile? Partagez le, il int\u00e9ressera d\u2019autres personnes. Merci! \u00a0 \u00a0 \u00a0 \u00a0 \u00a0 \u00a0 La F\u00e9d\u00e9ration Tunisienne de Football a fait le point aujourd\u2019hui sur la situation du compte FTF Litiges CA, r\u00e9serv\u00e9 aux collectes en faveur du Club Africain. La FTF a indiqu\u00e9 le d\u00e9but du r\u00e8glement du litige [&hellip;]<\/p>\n","protected":false},"author":1789,"featured_media":70167,"comment_status":"closed","ping_status":"closed","sticky":false,"template":"","format":"standard","meta":{"fifu_image_url":"","fifu_image_alt":"","footnotes":""},"categories":[73,55],"tags":[],"class_list":["post-70166","post","type-post","status-publish","format-standard","has-post-thumbnail","hentry","category-actualite","category-tunisie"],"_links":{"self":[{"href":"https:\/\/linitiative.ca\/International\/wp-json\/wp\/v2\/posts\/70166","targetHints":{"allow":["GET"]}}],"collection":[{"href":"https:\/\/linitiative.ca\/International\/wp-json\/wp\/v2\/posts"}],"about":[{"href":"https:\/\/linitiative.ca\/International\/wp-json\/wp\/v2\/types\/post"}],"author":[{"embeddable":true,"href":"https:\/\/linitiative.ca\/International\/wp-json\/wp\/v2\/users\/1789"}],"replies":[{"embeddable":true,"href":"https:\/\/linitiative.ca\/International\/wp-json\/wp\/v2\/comments?post=70166"}],"version-history":[{"count":0,"href":"https:\/\/linitiative.ca\/International\/wp-json\/wp\/v2\/posts\/70166\/revisions"}],"wp:featuredmedia":[{"embeddable":true,"href":"https:\/\/linitiative.ca\/International\/wp-json\/"}],"wp:attachment":[{"href":"https:\/\/linitiative.ca\/International\/wp-json\/wp\/v2\/media?parent=70166"}],"wp:term":[{"taxonomy":"category","embeddable":true,"href":"https:\/\/linitiative.ca\/International\/wp-json\/wp\/v2\/categories?post=70166"},{"taxonomy":"post_tag","embeddable":true,"href":"https:\/\/linitiative.ca\/International\/wp-json\/wp\/v2\/tags?post=70166"}],"curies":[{"name":"wp","href":"https:\/\/api.w.org\/{rel}","templated":true}]}}