{"id":70170,"date":"2019-12-13T17:08:45","date_gmt":"2019-12-13T22:08:45","guid":{"rendered":"https:\/\/linitiative.ca\/International\/tunisie-letat-tunisien-rachete-les-parts-de-la-bpce-a-la-btk\/"},"modified":"2019-12-13T17:08:45","modified_gmt":"2019-12-13T22:08:45","slug":"tunisie-letat-tunisien-rachete-les-parts-de-la-bpce-a-la-btk","status":"publish","type":"post","link":"https:\/\/linitiative.ca\/International\/tunisie-letat-tunisien-rachete-les-parts-de-la-bpce-a-la-btk\/","title":{"rendered":"Tunisie \u2013 L\u2019Etat tunisien rach\u00e8te les parts de la BPCE \u00e0 la BTK"},"content":{"rendered":"<div class=\"post-cont-in left relative\">\n<div class=\"swp_social_panel swp_horizontal_panel swp_flat_fresh swp_default_full_color swp_individual_full_color swp_other_full_color scale-100 scale-\" data-min-width=\"1100\" data-float-color=\"#ffffff\" data-float=\"none\" data-float-mobile=\"none\" data-transition=\"slide\">\n<div class=\"nc_tweetContainer swp_share_button total_shares total_sharesalt\"><span class=\"swp_count\">1 <span class=\"swp_label\">Partages<\/span><\/span><\/div>\n<\/div>\n<p>L\u2019Etat tunisien a rachet\u00e9, lors d\u2019une c\u00e9r\u00e9monie tenue hier, la totalit\u00e9 de la participation de la Banque populaire\u2013Caisse d\u2019\u00e9pargne (BPCE) dans le capital de la Banque tuniso-koweitienne (BTK).<\/p>\n<div class=\"code-block code-block-1 c3\"><ins class=\"adsbygoogle c2\" data-ad-layout=\"in-article\" data-ad-format=\"fluid\" data-ad-client=\"ca-pub-2102118777505746\" data-ad-slot=\"7301775417\"\/> <\/div>\n<p>Le ministre des finances Ridha Chalghoum a sign\u00e9 l\u2019accord avec le repr\u00e9sentant de la BPCE, en pr\u00e9sence du ministre des Technologies Anouar Ma\u00e2rouf et des repr\u00e9sentants de la Banque centrale. Un accord qui a permis \u00e0 l\u2019Etat tunisien de devenir d\u00e9tenteur de presque la totalit\u00e9 du capital de la BTK.<\/p>\n<p><strong>Que se passe-t-il en Tunisie?<\/strong><br \/>Nous expliquons sur notre <a href=\"https:\/\/www.youtube.com\/channel\/UCRzypVq0B_yBad5eGrwBx0Q?sub_confirmation=1\" target=\"_blank\" rel=\"noopener noreferrer\">cha\u00eene YouTube<\/a> . <a href=\"https:\/\/www.youtube.com\/channel\/UCRzypVq0B_yBad5eGrwBx0Q?sub_confirmation=1\" target=\"_blank\" rel=\"noopener noreferrer\">Abonnez-vous!<\/a><\/p>\n<div class=\"mvp-org-wrap mvp-org-logo\" itemprop=\"publisher\" itemscope=\"\" itemtype=\"https:\/\/schema.org\/Organization\"><img decoding=\"async\" src=\"https:\/\/www.tunisienumerique.com\/wp-content\/uploads\/2017\/02\/logo_tunisie_numerique.png\"\/><\/div>\n<div class=\"swp_social_panel swp_horizontal_panel swp_flat_fresh swp_default_full_color swp_individual_full_color swp_other_full_color scale-100 scale-\" data-min-width=\"1100\" data-float-color=\"#ffffff\" data-float=\"none\" data-float-mobile=\"none\" data-transition=\"slide\">\n<div class=\"nc_tweetContainer swp_share_button total_shares total_sharesalt\"><span class=\"swp_count\">1 <span class=\"swp_label\">Partages<\/span><\/span><\/div>\n<\/div>\n<div class=\"mvp-related-posts left relative\">\n<h4 class=\"post-header\"><span class=\"post-header\">Lire aussi<\/span><\/h4>\n<\/div>\n<\/div>\n<p>Auteur: LM<br \/>\n<a href=\"https:\/\/www.tunisienumerique.com\/tunisie-letat-tunisien-rachete-les-parts-de-la-bpce-a-la-btk\/\">Cliquez ici pour lire l&rsquo;article depuis sa source.<\/a><\/p>\n","protected":false},"excerpt":{"rendered":"<p>1 Partages L\u2019Etat tunisien a rachet\u00e9, lors d\u2019une c\u00e9r\u00e9monie tenue hier, la totalit\u00e9 de la participation de la Banque populaire\u2013Caisse d\u2019\u00e9pargne (BPCE) dans le capital de la Banque tuniso-koweitienne (BTK). Le ministre des finances Ridha Chalghoum a sign\u00e9 l\u2019accord avec le repr\u00e9sentant de la BPCE, en pr\u00e9sence du ministre des Technologies Anouar Ma\u00e2rouf et des [&hellip;]<\/p>\n","protected":false},"author":1789,"featured_media":70171,"comment_status":"closed","ping_status":"closed","sticky":false,"template":"","format":"standard","meta":{"fifu_image_url":"","fifu_image_alt":"","footnotes":""},"categories":[73,55],"tags":[],"class_list":["post-70170","post","type-post","status-publish","format-standard","has-post-thumbnail","hentry","category-actualite","category-tunisie"],"_links":{"self":[{"href":"https:\/\/linitiative.ca\/International\/wp-json\/wp\/v2\/posts\/70170","targetHints":{"allow":["GET"]}}],"collection":[{"href":"https:\/\/linitiative.ca\/International\/wp-json\/wp\/v2\/posts"}],"about":[{"href":"https:\/\/linitiative.ca\/International\/wp-json\/wp\/v2\/types\/post"}],"author":[{"embeddable":true,"href":"https:\/\/linitiative.ca\/International\/wp-json\/wp\/v2\/users\/1789"}],"replies":[{"embeddable":true,"href":"https:\/\/linitiative.ca\/International\/wp-json\/wp\/v2\/comments?post=70170"}],"version-history":[{"count":0,"href":"https:\/\/linitiative.ca\/International\/wp-json\/wp\/v2\/posts\/70170\/revisions"}],"wp:featuredmedia":[{"embeddable":true,"href":"https:\/\/linitiative.ca\/International\/wp-json\/"}],"wp:attachment":[{"href":"https:\/\/linitiative.ca\/International\/wp-json\/wp\/v2\/media?parent=70170"}],"wp:term":[{"taxonomy":"category","embeddable":true,"href":"https:\/\/linitiative.ca\/International\/wp-json\/wp\/v2\/categories?post=70170"},{"taxonomy":"post_tag","embeddable":true,"href":"https:\/\/linitiative.ca\/International\/wp-json\/wp\/v2\/tags?post=70170"}],"curies":[{"name":"wp","href":"https:\/\/api.w.org\/{rel}","templated":true}]}}