{"id":70172,"date":"2019-12-13T04:27:42","date_gmt":"2019-12-13T09:27:42","guid":{"rendered":"https:\/\/linitiative.ca\/International\/sierra-leone-la-decision-dun-tribunal-regional-redonne-espoir-a-des-milliers-de-filles-enceintes-exclues-de-lecole\/"},"modified":"2019-12-13T04:27:42","modified_gmt":"2019-12-13T09:27:42","slug":"sierra-leone-la-decision-dun-tribunal-regional-redonne-espoir-a-des-milliers-de-filles-enceintes-exclues-de-lecole","status":"publish","type":"post","link":"https:\/\/linitiative.ca\/International\/sierra-leone-la-decision-dun-tribunal-regional-redonne-espoir-a-des-milliers-de-filles-enceintes-exclues-de-lecole\/","title":{"rendered":"Sierra Leone: La d\u00e9cision d\u2019un tribunal r\u00e9gional redonne espoir \u00e0 des milliers de filles enceintes exclues de l\u2019\u00e9cole"},"content":{"rendered":"<div class=\"td-post-featured-image\"><a href=\"https:\/\/i0.wp.com\/www.sidwaya.info\/wp-content\/uploads\/2019\/12\/cedeao.jpg?fit=460%2C323&#038;ssl=1\" data-caption=\"\"><img loading=\"lazy\" decoding=\"async\" width=\"460\" height=\"323\" class=\"entry-thumb td-modal-image\" src=\"https:\/\/i0.wp.com\/www.sidwaya.info\/wp-content\/uploads\/2019\/12\/cedeao.jpg?resize=460%2C323&#038;ssl=1\" srcset=\"https:\/\/i0.wp.com\/www.sidwaya.info\/wp-content\/uploads\/2019\/12\/cedeao.jpg?w=460&#038;ssl=1 460w, https:\/\/i0.wp.com\/www.sidwaya.info\/wp-content\/uploads\/2019\/12\/cedeao.jpg?resize=300%2C211&#038;ssl=1 300w, https:\/\/i0.wp.com\/www.sidwaya.info\/wp-content\/uploads\/2019\/12\/cedeao.jpg?resize=100%2C70&#038;ssl=1 100w\" sizes=\"auto, (max-width: 460px) 100vw, 460px\" alt=\"\" title=\"cedeao\"\/><\/a><\/div>\n<p class=\"yiv4125230753ydpffa6d690yiv6845046886msonormal\"><strong><em><span lang=\"FR\">Le 12\u00a0d\u00e9cembre 2019, la Cour de justice de la Communaut\u00e9 \u00e9conomique des \u00c9tats de l\u2019Afrique de l\u2019Ouest (CEDEAO) s\u2019est prononc\u00e9e contre l\u2019interdiction faite par le gouvernement de Sierra Leone aux jeunes filles enceintes de passer des examens et de suivre des cours dans un \u00e9tablissement ordinaire. En r\u00e9action \u00e0 cette d\u00e9cision, Marta Colomer, directrice adjointe par int\u00e9rim des campagnes pour l\u2019Afrique de l\u2019Ouest et l\u2019Afrique centrale \u00e0 Amnesty International, a d\u00e9clar\u00e9\u00a0:<\/span><\/em><\/strong><\/p>\n<p class=\"yiv4125230753ydpffa6d690yiv6845046886msonormal\"><span lang=\"FR\">\u00a0<\/span><span lang=\"FR\">\u00ab\u00a0Le jugement rendu le 12\u00a0d\u00e9cembre 2019 est capital pour les milliers de jeunes filles exclues de l\u2019\u00e9cole et dont le droit \u00e0 l\u2019\u00e9ducation sans discrimination est bafou\u00e9 depuis quatre ans du fait de cette interdiction intrins\u00e8quement discriminatoire.<\/span><\/p>\n<div class=\"td-a-rec td-a-rec-id-content_inline tdi_30_5f1 td_block_template_1\"><a href=\"https:\/\/www.sidwaya.info\/wp-content\/uploads\/2019\/12\/Bandeau-11-De%CC%81cembre-3.jpg\"><img loading=\"lazy\" decoding=\"async\" src=\"https:\/\/www.sidwaya.info\/wp-content\/uploads\/2019\/12\/Bandeau-11-De%CC%81cembre-3.jpg\" alt=\"\" width=\"720\" height=\"90\" class=\"aligncenter size-full wp-image-17180\"\/><\/a><\/div>\n<p class=\"yiv4125230753ydpffa6d690yiv6845046886msonormal\"><span lang=\"FR\">\u00a0<\/span><span lang=\"FR\">\u00ab\u00a0Il repr\u00e9sente aussi une lueur d\u2019espoir pour toutes les filles qui, si elles sont enceintes \u00e0 l\u2019avenir, ne seront plus punies en \u00e9tant contraintes \u00e0 quitter l\u2019\u00e9cole et \u00e0 ne pas se pr\u00e9senter aux examens.<\/span><\/p>\n<p class=\"yiv4125230753ydpffa6d690yiv6845046886msonormal\"><span lang=\"FR\">\u00a0<\/span><span lang=\"FR\">\u00ab\u00a0Enfin, il envoie un message clair aux autres pays africains qui ont instaur\u00e9 des interdictions similaires, notamment la Tanzanie et la Guin\u00e9e \u00e9quatoriale, ou qui envisagent de le faire, \u00e0 savoir qu\u2019ils doivent se ranger \u00e0 cette d\u00e9cision sans pr\u00e9c\u00e9dent et prendre des mesures pour permettre aux jeunes filles enceintes d\u2019avoir acc\u00e8s \u00e0 l\u2019\u00e9ducation, conform\u00e9ment \u00e0 leurs obligations en mati\u00e8re de droits humains.<\/span><\/p>\n<p class=\"yiv4125230753ydpffa6d690yiv6845046886msonormal\"><span lang=\"FR\">\u00ab\u00a0Il faut maintenant que les autorit\u00e9s sierra-l\u00e9onaises appliquent la d\u00e9cision sans d\u00e9lai.\u00a0\u00bb<\/span><\/p>\n<p class=\"yiv4125230753ydpffa6d690yiv6845046886msonormal\"><span lang=\"FR\">\u00a0<\/span><strong><em><span lang=\"FR\">Pour obtenir de plus amples informations ou organiser un entretien, veuillez contacter le Service de presse d\u2019Amnesty International\u00a0:\u00a0<\/span><\/em><\/strong><span lang=\"FR\"><a href=\"mailto:press@amnesty.org\" target=\"_blank\" rel=\"nofollow noopener noreferrer\"><strong><em>press@amnesty.org<\/em><\/strong><\/a><\/span><strong><em><span lang=\"FR\">\u00a0; t\u00e9l\u00a0: +\u00a0221\u00a077\u00a0658\u00a062\u00a027 (Afrique de l\u2019Ouest et Afrique centrale).<\/span><\/em><\/strong><\/p>\n<p class=\"yiv4125230753ydpffa6d690yiv6845046886msonormal\"><span lang=\"FR\">\u00a0<\/span><strong><u><span lang=\"FR\">Compl\u00e9ment d\u2019information<\/span><\/u><\/strong><\/p>\n<p class=\"yiv4125230753ydpffa6d690yiv6845046886msonormal\"><span lang=\"FR\">\u00a0<\/span><span lang=\"FR\">Le 12\u00a0d\u00e9cembre 2019, la Cour de justice de la CEDEAO si\u00e9geant \u00e0 Abuja (Nigeria) s\u2019est prononc\u00e9e contre l\u2019interdiction faite par le gouvernement de Sierra Leone aux jeunes filles enceintes de passer des examens et de suivre des cours dans un \u00e9tablissement ordinaire.<\/span><\/p>\n<p class=\"yiv4125230753ydpffa6d690yiv6845046886msonormal\"><span lang=\"FR\">\u00a0<\/span><span lang=\"FR\">Elle a estim\u00e9 que la politique interdisant aux jeunes filles enceintes d\u2019\u00eatre scolaris\u00e9es dans un \u00e9tablissement ordinaire en Sierra Leone s\u2019apparentait \u00e0 une discrimination et allait \u00e0 l\u2019encontre des dispositions de la Charte africaine des droits de l\u2019homme et des peuples et d\u2019autres instruments de droit international auxquels cet \u00c9tat est partie. Elle a ordonn\u00e9 sa r\u00e9vocation imm\u00e9diate.<\/span><\/p>\n<p class=\"yiv4125230753ydpffa6d690yiv6845046886msonormal\"><span lang=\"FR\">\u00a0<\/span><span lang=\"FR\">WAVES, une organisation non gouvernementale (ONG) sierra-l\u00e9onaise, avait saisi la Cour de justice de la CEDEAO au sujet de l\u2019interdiction le 17\u00a0mai 2017, en partenariat avec \u00c9galit\u00e9 Maintenant et l\u2019Institut des droits de l\u2019homme et du d\u00e9veloppement en Afrique (IHRDA). Amnesty International \u00e9tait\u00a0<\/span><span lang=\"FR\"><a href=\"https:\/\/www.amnesty.org\/fr\/latest\/news\/2019\/06\/sierra-leone-amnesty-international-joins-legal-challenge-against-government-ban-on-pregnant-girls-attending-school\/\" target=\"_blank\" rel=\"nofollow noopener noreferrer\">intervenue<\/a><\/span><span lang=\"FR\">\u00a0en juin 2019 en qualit\u00e9 d\u2019<em>amicus curiae<\/em>.<\/span><\/p>\n<p class=\"yiv4125230753ydpffa6d690yiv6845046886msonormal\"><span lang=\"FR\">\u00a0<\/span><span lang=\"FR\">L\u2019organisation a\u00a0<\/span><span lang=\"FR\"><a href=\"https:\/\/www.amnesty.org\/fr\/documents\/afr51\/2695\/2015\/fr\/\" target=\"_blank\" rel=\"nofollow noopener noreferrer\">recueilli des informations<\/a><\/span><span lang=\"FR\">\u00a0indiquant en quoi l\u2019interdiction, impos\u00e9e en 2015 par le ministre de l\u2019\u00c9ducation \u00e0 la suite de l\u2019\u00e9pid\u00e9mie d\u2019Ebola, menace les droits de milliers de filles.\u00a0<\/span><span lang=\"FR\">On ne sait pas exactement combien de jeunes filles sont concern\u00e9es. Selon les chiffres officiels, elles sont 3\u00a0000 mais, d\u2019apr\u00e8s des experts qui dressent un bilan de la situation, le chiffre r\u00e9el est beaucoup plus \u00e9lev\u00e9.<\/span><\/p>\n<p class=\"yiv4125230753ydpffa6d690yiv6845046886msonormal\"><span lang=\"FR\">\u00a0<\/span><span lang=\"FR\">La Sierra Leone, la Tanzanie et la Guin\u00e9e \u00e9quatoriale doivent suivre l\u2019exemple d\u2019un nombre croissant d\u2019\u00c9tats africains qui ont adopt\u00e9 des lois et des politiques qui prot\u00e8gent le droit des adolescentes \u00e0 rester scolaris\u00e9es pendant leur grossesse, montrant ainsi qu\u2019une autre approche est possible.<\/span><\/p>\n<p class=\"yiv4125230753ydpffa6d690yiv6845046886msonormal\"><span lang=\"FR\">\u00a0<\/span><\/p>\n<p class=\"yiv4125230753ydpffa6d690yiv6845046886msonormal\"><strong>Sadibou MARONG<\/strong><\/p>\n<p class=\"yiv4125230753ydpffa6d690yiv6845046886MsoNormal\"><strong><em>\u2014\u2014\u2014\u2014\u2014\u2014\u2014\u2014\u2014\u2014\u2014\u2014\u2014\u2014-<\/em><\/strong><\/p>\n<p class=\"yiv4125230753ydpffa6d690yiv6845046886MsoNormal\"><strong>Regional Media Manager<\/strong><\/p>\n<p class=\"yiv4125230753ydpffa6d690yiv6845046886MsoNormal\"><strong><em>Amnesty International West and Central Africa Office<\/em><\/strong><\/p>\n<p class=\"yiv4125230753ydpffa6d690yiv6845046886MsoNormal\"><span lang=\"FR\">Immeuble Seydi Djamil, 3e \u00e9tage<\/span><\/p>\n<p class=\"yiv4125230753ydpffa6d690yiv6845046886MsoNormal\"><span lang=\"FR\">Avenue Cheikh Anta Diop x 3 rue Leo Frobenius<\/span><\/p>\n<p class=\"yiv4125230753ydpffa6d690yiv6845046886MsoNormal\">P.O. Box 47582<\/p>\n<p class=\"yiv4125230753ydpffa6d690yiv6845046886MsoNormal\">Dakar, Senegal<\/p>\n<p class=\"yiv4125230753ydpffa6d690yiv6845046886MsoNormal\">Tel direct: +221 33 869 82 31<\/p>\n<p class=\"yiv4125230753ydpffa6d690yiv6845046886MsoNormal\">Mob: 221 77 658 62 27<\/p>\n<p class=\"yiv4125230753ydpffa6d690yiv6845046886MsoNormal\">Email:\u00a0\u00a0<a href=\"mailto:sadibou.marong@amnesty.org\" target=\"_blank\" rel=\"nofollow noopener noreferrer\">sadibou.marong@amnesty.org<\/a><\/p>\n<p class=\"yiv4125230753ydpffa6d690yiv6845046886MsoNormal\">Twitter: @Cheikhsadbu<\/p>\n<p class=\"yiv4125230753ydpffa6d690yiv6845046886MsoNormal\"><a href=\"https:\/\/www.amnesty.org\/\" target=\"_blank\" rel=\"nofollow noopener noreferrer\"><strong>https:\/\/www.amnesty.org<\/strong><\/a><\/p>\n<div class=\"td-a-rec td-a-rec-id-content_bottom tdi_31_158 td_block_template_1\"><img loading=\"lazy\" decoding=\"async\" class=\"aligncenter size-full wp-image-9623\" src=\"https:\/\/www.sidwaya.info\/wp-content\/uploads\/2019\/06\/Projet-bannie%CC%80re-Orange-mobile.jpg\" alt=\"\" width=\"728\" height=\"81\"\/><\/div>\n<p>Auteur: BS. Sidwaya<br \/>\n<a href=\"https:\/\/www.sidwaya.info\/blog\/2019\/12\/13\/sierra-leone-la-decision-dun-tribunal-regional-redonne-espoir-a-des-milliers-de-filles-enceintes-exclues-de-lecole\/\">Cliquez ici pour lire l&rsquo;article depuis sa source.<\/a><\/p>\n","protected":false},"excerpt":{"rendered":"<p>Le 12\u00a0d\u00e9cembre 2019, la Cour de justice de la Communaut\u00e9 \u00e9conomique des \u00c9tats de l\u2019Afrique de l\u2019Ouest (CEDEAO) s\u2019est prononc\u00e9e contre l\u2019interdiction faite par le gouvernement de Sierra Leone aux jeunes filles enceintes de passer des examens et de suivre des cours dans un \u00e9tablissement ordinaire. En r\u00e9action \u00e0 cette d\u00e9cision, Marta Colomer, directrice adjointe [&hellip;]<\/p>\n","protected":false},"author":1816,"featured_media":0,"comment_status":"closed","ping_status":"closed","sticky":false,"template":"","format":"standard","meta":{"fifu_image_url":"","fifu_image_alt":"","footnotes":""},"categories":[73,81],"tags":[],"class_list":["post-70172","post","type-post","status-publish","format-standard","hentry","category-actualite","category-burkina-faso"],"_links":{"self":[{"href":"https:\/\/linitiative.ca\/International\/wp-json\/wp\/v2\/posts\/70172","targetHints":{"allow":["GET"]}}],"collection":[{"href":"https:\/\/linitiative.ca\/International\/wp-json\/wp\/v2\/posts"}],"about":[{"href":"https:\/\/linitiative.ca\/International\/wp-json\/wp\/v2\/types\/post"}],"author":[{"embeddable":true,"href":"https:\/\/linitiative.ca\/International\/wp-json\/wp\/v2\/users\/1816"}],"replies":[{"embeddable":true,"href":"https:\/\/linitiative.ca\/International\/wp-json\/wp\/v2\/comments?post=70172"}],"version-history":[{"count":0,"href":"https:\/\/linitiative.ca\/International\/wp-json\/wp\/v2\/posts\/70172\/revisions"}],"wp:attachment":[{"href":"https:\/\/linitiative.ca\/International\/wp-json\/wp\/v2\/media?parent=70172"}],"wp:term":[{"taxonomy":"category","embeddable":true,"href":"https:\/\/linitiative.ca\/International\/wp-json\/wp\/v2\/categories?post=70172"},{"taxonomy":"post_tag","embeddable":true,"href":"https:\/\/linitiative.ca\/International\/wp-json\/wp\/v2\/tags?post=70172"}],"curies":[{"name":"wp","href":"https:\/\/api.w.org\/{rel}","templated":true}]}}