{"id":70173,"date":"2019-12-13T14:50:08","date_gmt":"2019-12-13T19:50:08","guid":{"rendered":"https:\/\/linitiative.ca\/International\/retraites-six-francais-sur-dix-pas-convaincus-par-edouard-philippe\/"},"modified":"2019-12-13T14:50:08","modified_gmt":"2019-12-13T19:50:08","slug":"retraites-six-francais-sur-dix-pas-convaincus-par-edouard-philippe","status":"publish","type":"post","link":"https:\/\/linitiative.ca\/International\/retraites-six-francais-sur-dix-pas-convaincus-par-edouard-philippe\/","title":{"rendered":"Retraites: six Fran\u00e7ais sur dix pas convaincus par \u00c9douard Philippe"},"content":{"rendered":"<div readability=\"32\">\n<p>Publi\u00e9 le 13.12.2019 \u00e0 20h50 par AFP<\/p>\n<\/div>\n<div readability=\"94\">\n<p>Plus de six Fran\u00e7ais sur dix (61%) n\u2019ont pas trouv\u00e9 \u00c9douard Philippe convainquant lors de sa pr\u00e9sentation du projet de r\u00e9forme des retraites et 68% estiment le mouvement de gr\u00e8ve justifi\u00e9, selon un sondage Odoxa diffus\u00e9 jeudi.<\/p>\n<p>Deux tiers des Fran\u00e7ais (67%) ont entendu le discours du Premier ministre mercredi ou des commentaires sur son intervention. Mais seules 38% des personnes interrog\u00e9es l\u2019ont trouv\u00e9 convainquant.<\/p>\n<p>Si 54% l\u2019ont trouv\u00e9 \u00ab\u00a0clair\u00a0\u00bb dans ses explications, elles ne sont que 39% \u00e0 penser qu\u2019il a pr\u00e9sent\u00e9 une r\u00e9forme mettant en place un syst\u00e8me de retraite \u00ab\u00a0juste et durable\u00a0\u00bb, selon cette enqu\u00eate avec Dentsu consulting pour Le Figaro et France Info.<\/p>\n<p>Pour 42% des personnes interrog\u00e9es, \u00c9douard Philippe a montr\u00e9 qu\u2019il comprenait les pr\u00e9occupations des Fran\u00e7ais, mais il n\u2019a \u00ab\u00a0rassur\u00e9\u00a0\u00bb que 29% de l\u2019ensemble.<\/p>\n<p>Apr\u00e8s son intervention, plus de deux Fran\u00e7ais sur trois jugent que le mouvement de gr\u00e8ve contre la r\u00e9forme des retraites est \u00ab\u00a0justifi\u00e9\u00a0\u00bb, contre 32% d\u2019un avis contraire. Soit les m\u00eames proportions que lors d\u2019une pr\u00e9c\u00e9dente enqu\u00eate publi\u00e9e le 4 d\u00e9cembre, \u00e0 la veille de la premi\u00e8re journ\u00e9e de mobilisation contre le projet du gouvernement.<\/p>\n<p>Les plus jeunes sont les plus oppos\u00e9s \u00e0 la r\u00e9forme, avec 76% des personnes n\u00e9es \u00ab\u00a0\u00e0 partir de 1975\u00a0\u00bb qui jugent le mouvement de gr\u00e8ve justifi\u00e9, pour seulement 55% des 65 ans et plus.<\/p>\n<p>Plusieurs mesures annonc\u00e9es par le Premier ministre sont pourtant salu\u00e9es par les Fran\u00e7ais, notamment la pension minimale port\u00e9e \u00e0 1.000 euros (81%), et les Fran\u00e7ais sont toujours favorables (63%) \u00e0 la suppression des r\u00e9gimes sp\u00e9ciaux de retraite.<\/p>\n<p>Maintenir l\u2019\u00e2ge l\u00e9gal de d\u00e9part \u00e0 62 ans, \u00ab\u00a0mais inciter les Fran\u00e7ais \u00e0 travailler plus longtemps en instaurant un \u00e2ge +d\u2019\u00e9quilibre+ de 64 ans avec un syst\u00e8me de bonus\/malus\u00a0\u00bb, divise en revanche les Fran\u00e7ais : 51% y sont favorables, 48% oppos\u00e9s.<\/p>\n<p>La mise en place d\u2019un r\u00e9gime par points est soutenue par 49% des personnes interrog\u00e9es.<\/p>\n<p>Les deux tiers (66%) pensent que les retrait\u00e9s touchant \u00ab\u00a0moins de 1.000 euros\u00a0\u00bb seront \u00ab\u00a0plut\u00f4t gagnantes\u00a0\u00bb avec cette r\u00e9forme. Mais elles ne sont que 46% \u00e0 penser que les femmes seront gagnantes.<\/p>\n<p>Pour 56%, les salari\u00e9s du priv\u00e9 seront perdants et pour 66% ce sera aussi le cas de \u00ab\u00a0l\u2019ensemble des salari\u00e9s du secteur public\u00a0\u00bb.<\/p>\n<p>Enqu\u00eate r\u00e9alis\u00e9e en ligne les 11 et 12 d\u00e9cembre, apr\u00e8s l\u2019allocution d\u2019\u00c9douard Philippe, aupr\u00e8s de 1.002 Fran\u00e7ais de 18 ans et plus, selon la m\u00e9thode des quotas. Marge d\u2019erreur de 1,4 \u00e0 3,1 points.<\/p>\n<p>dch\/jk\/tes<\/p>\n<\/div>\n<p>Auteur: AFP<br \/>\n<a href=\"https:\/\/www.journalducameroun.com\/retraites-six-francais-sur-dix-pas-convaincus-par-edouard-philippe\/\">Cliquez ici pour lire l&rsquo;article depuis sa source.<\/a><\/p>\n","protected":false},"excerpt":{"rendered":"<p>Publi\u00e9 le 13.12.2019 \u00e0 20h50 par AFP Plus de six Fran\u00e7ais sur dix (61%) n\u2019ont pas trouv\u00e9 \u00c9douard Philippe convainquant lors de sa pr\u00e9sentation du projet de r\u00e9forme des retraites et 68% estiment le mouvement de gr\u00e8ve justifi\u00e9, selon un sondage Odoxa diffus\u00e9 jeudi. Deux tiers des Fran\u00e7ais (67%) ont entendu le discours du Premier [&hellip;]<\/p>\n","protected":false},"author":1965,"featured_media":0,"comment_status":"closed","ping_status":"closed","sticky":false,"template":"","format":"standard","meta":{"fifu_image_url":"","fifu_image_alt":"","footnotes":""},"categories":[73,82],"tags":[],"class_list":["post-70173","post","type-post","status-publish","format-standard","hentry","category-actualite","category-cameroun"],"_links":{"self":[{"href":"https:\/\/linitiative.ca\/International\/wp-json\/wp\/v2\/posts\/70173","targetHints":{"allow":["GET"]}}],"collection":[{"href":"https:\/\/linitiative.ca\/International\/wp-json\/wp\/v2\/posts"}],"about":[{"href":"https:\/\/linitiative.ca\/International\/wp-json\/wp\/v2\/types\/post"}],"author":[{"embeddable":true,"href":"https:\/\/linitiative.ca\/International\/wp-json\/wp\/v2\/users\/1965"}],"replies":[{"embeddable":true,"href":"https:\/\/linitiative.ca\/International\/wp-json\/wp\/v2\/comments?post=70173"}],"version-history":[{"count":0,"href":"https:\/\/linitiative.ca\/International\/wp-json\/wp\/v2\/posts\/70173\/revisions"}],"wp:attachment":[{"href":"https:\/\/linitiative.ca\/International\/wp-json\/wp\/v2\/media?parent=70173"}],"wp:term":[{"taxonomy":"category","embeddable":true,"href":"https:\/\/linitiative.ca\/International\/wp-json\/wp\/v2\/categories?post=70173"},{"taxonomy":"post_tag","embeddable":true,"href":"https:\/\/linitiative.ca\/International\/wp-json\/wp\/v2\/tags?post=70173"}],"curies":[{"name":"wp","href":"https:\/\/api.w.org\/{rel}","templated":true}]}}