{"id":70174,"date":"2019-12-13T14:50:11","date_gmt":"2019-12-13T19:50:11","guid":{"rendered":"https:\/\/linitiative.ca\/International\/liban-la-formation-du-gouvernement-prendra-du-temps-avertit-le-chef-du-hezbollah\/"},"modified":"2019-12-13T14:50:11","modified_gmt":"2019-12-13T19:50:11","slug":"liban-la-formation-du-gouvernement-prendra-du-temps-avertit-le-chef-du-hezbollah","status":"publish","type":"post","link":"https:\/\/linitiative.ca\/International\/liban-la-formation-du-gouvernement-prendra-du-temps-avertit-le-chef-du-hezbollah\/","title":{"rendered":"Liban: la formation du gouvernement prendra du temps avertit le chef du Hezbollah"},"content":{"rendered":"<div readability=\"32\">\n<p>Publi\u00e9 le 13.12.2019 \u00e0 20h50 par AFP<\/p>\n<\/div>\n<div readability=\"137\">\n<p>La formation du gouvernement au Liban pourrait prendre du temps, a estim\u00e9 vendredi le chef du puissant mouvement chiite Hezbollah, \u00e0 trois jours de consultations parlementaires organis\u00e9es pour nommer un Premier ministre dans un pays divis\u00e9 et au bord de l\u2019effondrement \u00e9conomique.<\/p>\n<p>Sous la pression de la rue le Premier ministre Saad Hariri avait d\u00e9missionn\u00e9 le 29 octobre, pr\u00e8s de deux semaines apr\u00e8s le d\u00e9but d\u2019un mouvement de contestation populaire in\u00e9dit, fustigeant toute la classe politique, accus\u00e9e de corruption et d\u2019incomp\u00e9tence.<\/p>\n<p>Les principaux partis du pays n\u2019ont pas r\u00e9ussi \u00e0 s\u2019entendre sur un successeur, tandis que dans la rue les manifestants r\u00e9clament un gouvernement compos\u00e9 de technocrates et d\u2019ind\u00e9pendants qui ne seraient pas issus du s\u00e9rail politique.<\/p>\n<p>Apr\u00e8s plusieurs semaines de tergiversations, les consultations parlementaires exig\u00e9es par la Constitution pour nommer un Premier ministre doivent se tenir lundi. Elles avaient \u00e9t\u00e9 report\u00e9es d\u2019une semaine apr\u00e8s le retrait \u00e0 la derni\u00e8re minute d\u2019un candidat potentiel.<\/p>\n<p>\u00ab\u00a0Les consultations devraient avoir lieu lundi, nous esp\u00e9rons une nomination, celui qui aura le plus de voix sera d\u00e9sign\u00e9 pour former le gouvernement\u00a0\u00bb, a indiqu\u00e9 le chef du Hezbollah, Hassan Nasrallah, dans une allocution retransmise \u00e0 la t\u00e9l\u00e9vision.<\/p>\n<p>\u00ab\u00a0Mais la formation (du gouvernement) ne sera pas une op\u00e9ration facile\u00a0\u00bb, a-t-il averti. \u00ab\u00a0Jusqu\u2019\u00e0 maintenant, aucun nom ne suscite le consensus parmi les blocs parlementaires\u00a0\u00bb, a-t-il ajout\u00e9.<\/p>\n<p>Le poste de Premier ministre est occup\u00e9 par un sunnite. Le pays multiconfessionnel est r\u00e9gi par un syst\u00e8me politique cens\u00e9 garantir un \u00e9quilibre entre les diff\u00e9rentes communaut\u00e9s. Mais cela ouvre la voie \u00e0 des tractations interminables entre les grands partis.<\/p>\n<p>M. Nasrallah a estim\u00e9 que les parlementaires nommeraient leur candidat pour le poste de Premier ministre \u00ab\u00a0sans aucun consensus pr\u00e9alable\u00a0\u00bb. La situation actuelle \u00ab\u00a0n\u00e9cessite la collaboration de tous\u00a0\u00bb, a-t-il soulign\u00e9.<\/p>\n<p>Le chef du Hezbollah a plaid\u00e9 pour un gouvernement alliant toutes les forces politiques avec \u00ab\u00a0une repr\u00e9sentation la plus large possible\u00a0\u00bb, sous la houlette de M. Hariri ou toute autre personne approuv\u00e9e par le Premier ministre sortant.<\/p>\n<p>Plusieurs noms ont circul\u00e9 ces derni\u00e8res semaines, sans \u00eatre retenus par les politiciens. Les candidats ont tous \u00e9t\u00e9 rejet\u00e9s par les manifestants.<\/p>\n<p>\u2013 Sanctions am\u00e9ricaines \u2013<\/p>\n<p>La situation \u00e9conomique tr\u00e8s pr\u00e9caire avant le d\u00e9but de la contestation le 17 octobre s\u2019est profond\u00e9ment d\u00e9grad\u00e9e depuis au Liban. La communaut\u00e9 internationale a appel\u00e9 \u00e0 la formation rapide d\u2019un gouvernement et \u00e0 des r\u00e9formes structurelles avant le d\u00e9blocage de toute aide.<\/p>\n<p>Poids lourd de la vie politique, seule faction \u00e0 avoir conserv\u00e9 son arsenal militaire \u00e0 la fin de la guerre civile (1975-1990), le Hezbollah est repr\u00e9sent\u00e9 au Parlement et au gouvernement.<\/p>\n<p>Ennemi jur\u00e9 d\u2019Isra\u00ebl, il est aussi militairement impliqu\u00e9 dans le conflit en Syrie voisine en soutien au r\u00e9gime de Damas, au c\u00f4t\u00e9 de T\u00e9h\u00e9ran.<\/p>\n<p>Le mouvement est consid\u00e9r\u00e9 comme une organisation \u00ab\u00a0terroriste\u00a0\u00bb par les Etats-Unis, qui ont impos\u00e9 des sanctions \u00e0 l\u2019encontre de ses institutions et ses responsables.<\/p>\n<p>Vendredi, M. Nasrallah a fustig\u00e9 de r\u00e9centes d\u00e9clarations de responsables am\u00e9ricains, notamment le chef de la diplomatie Mike Pompeo qui a estim\u00e9 que les Libanais \u00e9taient conscients du \u00ab\u00a0risque\u00a0\u00bb que repr\u00e9sente pour eux le Hezbollah.<\/p>\n<p>M. Nasrallah a accus\u00e9 Washington de proposer son aide aux Libanais en ces temps de crise \u00e0 la condition que ceux-ci se chargent de g\u00e9rer ce \u00ab\u00a0danger\u00a0\u00bb.<\/p>\n<p>Ce \u00ab\u00a0chantage\u00a0\u00bb intervient apr\u00e8s l\u2019\u00e9chec des Etats-Unis \u00e0 neutraliser le Hezbollah \u00ab\u00a0malgr\u00e9 les guerres et les sanctions\u00a0\u00bb, a-t-il expliqu\u00e9.<\/p>\n<p>Vendredi, le Tr\u00e9sor am\u00e9ricain a adopt\u00e9 de nouvelles sanctions contre deux personnes accus\u00e9es de \u00ab\u00a0blanchiment d\u2019argent\u00a0\u00bb pour le compte du Hezbollah.<\/p>\n<p>Parmi eux, Nazem Sa\u00efd Ahmad, un diamantaire \u00ab\u00a0impliqu\u00e9 dans le commerce de +diamants de sang+\u00a0\u00bb et collectionneur d\u2019art, qui poss\u00e8de notamment des oeuvres de Pablo Picasso et Andy Warhol, selon un communiqu\u00e9.<\/p>\n<p>Un autre homme, Saleh Assi, a aussi \u00e9t\u00e9 frapp\u00e9 de sanctions et accus\u00e9 de blanchiment d\u2019argent \u00e0 travers le commerce de M. Ahmad.<\/p>\n<\/div>\n<p>Auteur: AFP<br \/>\n<a href=\"https:\/\/www.journalducameroun.com\/liban-la-formation-du-gouvernement-prendra-du-temps-avertit-le-chef-du-hezbollah\/\">Cliquez ici pour lire l&rsquo;article depuis sa source.<\/a><\/p>\n","protected":false},"excerpt":{"rendered":"<p>Publi\u00e9 le 13.12.2019 \u00e0 20h50 par AFP La formation du gouvernement au Liban pourrait prendre du temps, a estim\u00e9 vendredi le chef du puissant mouvement chiite Hezbollah, \u00e0 trois jours de consultations parlementaires organis\u00e9es pour nommer un Premier ministre dans un pays divis\u00e9 et au bord de l\u2019effondrement \u00e9conomique. Sous la pression de la rue [&hellip;]<\/p>\n","protected":false},"author":1965,"featured_media":0,"comment_status":"closed","ping_status":"closed","sticky":false,"template":"","format":"standard","meta":{"fifu_image_url":"","fifu_image_alt":"","footnotes":""},"categories":[73,82],"tags":[],"class_list":["post-70174","post","type-post","status-publish","format-standard","hentry","category-actualite","category-cameroun"],"_links":{"self":[{"href":"https:\/\/linitiative.ca\/International\/wp-json\/wp\/v2\/posts\/70174","targetHints":{"allow":["GET"]}}],"collection":[{"href":"https:\/\/linitiative.ca\/International\/wp-json\/wp\/v2\/posts"}],"about":[{"href":"https:\/\/linitiative.ca\/International\/wp-json\/wp\/v2\/types\/post"}],"author":[{"embeddable":true,"href":"https:\/\/linitiative.ca\/International\/wp-json\/wp\/v2\/users\/1965"}],"replies":[{"embeddable":true,"href":"https:\/\/linitiative.ca\/International\/wp-json\/wp\/v2\/comments?post=70174"}],"version-history":[{"count":0,"href":"https:\/\/linitiative.ca\/International\/wp-json\/wp\/v2\/posts\/70174\/revisions"}],"wp:attachment":[{"href":"https:\/\/linitiative.ca\/International\/wp-json\/wp\/v2\/media?parent=70174"}],"wp:term":[{"taxonomy":"category","embeddable":true,"href":"https:\/\/linitiative.ca\/International\/wp-json\/wp\/v2\/categories?post=70174"},{"taxonomy":"post_tag","embeddable":true,"href":"https:\/\/linitiative.ca\/International\/wp-json\/wp\/v2\/tags?post=70174"}],"curies":[{"name":"wp","href":"https:\/\/api.w.org\/{rel}","templated":true}]}}