{"id":70180,"date":"2019-12-14T02:01:27","date_gmt":"2019-12-14T07:01:27","guid":{"rendered":"https:\/\/linitiative.ca\/International\/les-meilleures-ventes-se-font-en-cette-periode-de-lannee-la-ruee-vers-les-bonnes-affaires\/"},"modified":"2019-12-14T02:01:27","modified_gmt":"2019-12-14T07:01:27","slug":"les-meilleures-ventes-se-font-en-cette-periode-de-lannee-la-ruee-vers-les-bonnes-affaires","status":"publish","type":"post","link":"https:\/\/linitiative.ca\/International\/les-meilleures-ventes-se-font-en-cette-periode-de-lannee-la-ruee-vers-les-bonnes-affaires\/","title":{"rendered":"Les meilleures ventes se font en cette p\u00e9riode de l\u2019ann\u00e9e : La ru\u00e9e vers les bonnes affaires"},"content":{"rendered":"<p><img decoding=\"async\" class=\"post_layout_5_img\" src=\"http:\/\/aujourdhui.ma\/wp-content\/uploads\/2019\/12\/Promos-de-fin-d%E2%80%99anne%CC%81e.jpg?x29840\" alt=\"Les meilleures ventes se font en cette p\u00e9riode de l\u2019ann\u00e9e : La ru\u00e9e vers les bonnes affaires\"\/><\/p>\n<p class=\"p1\"><span class=\"c4\"><strong><span class=\"s1\">Tous les segments de la branche \u00abcommerce\u00bb s\u2019y mettent, et ce du petit vendeur aux grandes brands. Principal objectif\u00a0: renforcer le chiffre \u00e0 la fin de cet exercice.<\/span><\/strong><\/span><span id=\"more-326686\"\/><\/p>\n<p class=\"p1\">Oy\u00e9 Oy\u00e9\u00a0! Les f\u00eates de fin d\u2019ann\u00e9e sont d\u00e9clar\u00e9es ouvertes. 2019 touche \u00e0 sa fin. Si ce cycle de l\u2019ann\u00e9e est pour la plupart un moment de bilan et de r\u00e9solutions, il va sans dire qu\u2019il s\u2019agit d\u2019une p\u00e9riode de consommation par excellence. La c\u00e9l\u00e9bration \u00abcommerciale\u00bb de ces f\u00eates est devenue une tradition pour les Marocains. D\u00e8s que le mois de d\u00e9cembre pointe son nez, les art\u00e8res commerciales des grandes villes annoncent la couleur. Les vitrines s\u2019ornent de luminaires de tous les coloris. Des sapins d\u00e9cor\u00e9s aux derni\u00e8res tendances s\u2019installent et des banderoles brod\u00e9es de \u00abHappy New Year\u00bb s\u2019accrochent sur les devantures des magasins. Ce n\u2019est qu\u2019un avant-go\u00fbt que proposent les commer\u00e7ants pour attiser la curiosit\u00e9 des clients.<\/p>\n<p class=\"p1\">Car en parall\u00e8le \u00e0 la d\u00e9coration, des offres all\u00e9chantes sont concoct\u00e9es pour finir l\u2019ann\u00e9e en beaut\u00e9. En effet, les promos fusent d\u00e8s la premi\u00e8re semaine du mois de d\u00e9cembre. Ainsi, la course aux bonnes<span class=\"Apple-converted-space\">\u00a0<\/span> affaires d\u00e9marre dans une ambiance festive mais tr\u00e8s concurrentielle. Tous les segments de la branche \u00abcommerce\u00bb s\u2019y mettent, et ce du petit vendeur aux grandes brands. Principal objectif\u00a0: renforcer le chiffre \u00e0 la fin de cet exercice. D\u2019ailleurs les professionnels le confirment\u00a0: les meilleures ventes se font en cette p\u00e9riode de l\u2019ann\u00e9e.<\/p>\n<p class=\"p3\"><strong><span class=\"s1\">Les offres fusent de toute part<\/span><\/strong><\/p>\n<p class=\"p1\"><span class=\"s1\">La grande consommation, mode, restauration, h\u00f4tellerie sont les plus concern\u00e9s par cette tendance. Une panoplie de produits est expos\u00e9e sur les \u00e9talages r\u00e9pondant ainsi \u00e0 toutes les bourses et tous les go\u00fbts. Les fleuristes reviennent \u00e9galement sur sc\u00e8ne avec des compositions diverses aux fragrances des f\u00eates. Mais au-del\u00e0 de ces segments traditionnels, d\u2019autres commencent \u00e0 prendre place dans l\u2019agenda des promos de fin d\u2019ann\u00e9e.<\/span><\/p>\n<p class=\"p1\"><span class=\"s1\">Citons dans ce sens les market places, les agences de voyages, les transporteurs a\u00e9riens et fournisseurs high-tech. Chacun met du sien pour satisfaire les attentes de ses clients. Loin du d\u00e9bat sur l\u2019aspect religion de No\u00ebl et la Saint-Sylvestre, ces f\u00eates restent pour les Marocains une occasion pour s\u2019offrir et offrir \u00e0 leurs proches des pr\u00e9sents de fin d\u2019ann\u00e9e. Les habitudes des consommateurs ont bien chang\u00e9 ces derni\u00e8res ann\u00e9es. Elles restent en effet \u00e0 l\u2019aff\u00fbt des saisons prometteuses telles<span class=\"Apple-converted-space\">\u00a0<\/span> que la fin de l\u2019ann\u00e9e. Les rabais pratiqu\u00e9s en cette p\u00e9riode viennent en pr\u00e9lude des soldes d\u2019hiver pr\u00e9vus du 8 janvier au 4 f\u00e9vrier 2020.<\/span><\/p>\n<p class=\"p3\"><span class=\"s1\"><strong>Les march\u00e9s de No\u00ebl, une tradition \u00abnouvelle\u00bb<\/strong><\/span><\/p>\n<p class=\"p1\">Les pr\u00e9paratifs vont bon train pour r\u00e9ussir cette p\u00e9riode commerciale. Les pr\u00e9mices s\u2019annoncent avec l\u2019ouverture des march\u00e9s de No\u00ebl. Ces villages commencent \u00e0 \u00e9merger dans les diff\u00e9rentes villes du Royaume.<\/p>\n<p class=\"p1\">Il s\u2019agit d\u2019espaces en plein air qui allient \u00e0 la fois entre attraction commerciale et touristique. Les march\u00e9s de N\u00f6el avec leurs cabines d\u00e9cor\u00e9es et activit\u00e9s diversifi\u00e9es enchantent aussi bien les grands que les petits.<\/p>\n<p class=\"p1\">Les familles trouvent en ces lieux un espace de d\u00e9tente et de shopping. Outre l\u2019exposition commerciale, les enfants se voient g\u00e2t\u00e9s \u00e0 travers des ateliers ludiques et des kiosques de gourmandises. De quoi faire leur bonheur en cette p\u00e9riode magique de l\u2019ann\u00e9e.<\/p>\n<p>Auteur: ALM<br \/>\n<a href=\"http:\/\/aujourdhui.ma\/economie\/les-meilleures-ventes-se-font-en-cette-periode-de-lannee-la-ruee-vers-les-bonnes-affaires\">Cliquez ici pour lire l&rsquo;article depuis sa source.<\/a><\/p>\n","protected":false},"excerpt":{"rendered":"<p>Tous les segments de la branche \u00abcommerce\u00bb s\u2019y mettent, et ce du petit vendeur aux grandes brands. Principal objectif\u00a0: renforcer le chiffre \u00e0 la fin de cet exercice. Oy\u00e9 Oy\u00e9\u00a0! Les f\u00eates de fin d\u2019ann\u00e9e sont d\u00e9clar\u00e9es ouvertes. 2019 touche \u00e0 sa fin. Si ce cycle de l\u2019ann\u00e9e est pour la plupart un moment de [&hellip;]<\/p>\n","protected":false},"author":1759,"featured_media":0,"comment_status":"closed","ping_status":"closed","sticky":false,"template":"","format":"standard","meta":{"fifu_image_url":"","fifu_image_alt":"","footnotes":""},"categories":[73,54],"tags":[],"class_list":["post-70180","post","type-post","status-publish","format-standard","hentry","category-actualite","category-maroc"],"_links":{"self":[{"href":"https:\/\/linitiative.ca\/International\/wp-json\/wp\/v2\/posts\/70180","targetHints":{"allow":["GET"]}}],"collection":[{"href":"https:\/\/linitiative.ca\/International\/wp-json\/wp\/v2\/posts"}],"about":[{"href":"https:\/\/linitiative.ca\/International\/wp-json\/wp\/v2\/types\/post"}],"author":[{"embeddable":true,"href":"https:\/\/linitiative.ca\/International\/wp-json\/wp\/v2\/users\/1759"}],"replies":[{"embeddable":true,"href":"https:\/\/linitiative.ca\/International\/wp-json\/wp\/v2\/comments?post=70180"}],"version-history":[{"count":0,"href":"https:\/\/linitiative.ca\/International\/wp-json\/wp\/v2\/posts\/70180\/revisions"}],"wp:attachment":[{"href":"https:\/\/linitiative.ca\/International\/wp-json\/wp\/v2\/media?parent=70180"}],"wp:term":[{"taxonomy":"category","embeddable":true,"href":"https:\/\/linitiative.ca\/International\/wp-json\/wp\/v2\/categories?post=70180"},{"taxonomy":"post_tag","embeddable":true,"href":"https:\/\/linitiative.ca\/International\/wp-json\/wp\/v2\/tags?post=70180"}],"curies":[{"name":"wp","href":"https:\/\/api.w.org\/{rel}","templated":true}]}}