{"id":70183,"date":"2019-12-14T03:04:27","date_gmt":"2019-12-14T08:04:27","guid":{"rendered":"https:\/\/linitiative.ca\/International\/bmw-serie-8-quand-la-sportivite-sincarne-dans-le-segment-du-luxe\/"},"modified":"2019-12-14T03:04:27","modified_gmt":"2019-12-14T08:04:27","slug":"bmw-serie-8-quand-la-sportivite-sincarne-dans-le-segment-du-luxe","status":"publish","type":"post","link":"https:\/\/linitiative.ca\/International\/bmw-serie-8-quand-la-sportivite-sincarne-dans-le-segment-du-luxe\/","title":{"rendered":"BMW S\u00e9rie 8 : Quand la sportivit\u00e9 s\u2019incarne dans le segment du luxe"},"content":{"rendered":"<p><img decoding=\"async\" class=\"post_layout_5_img\" src=\"http:\/\/aujourdhui.ma\/wp-content\/uploads\/2019\/12\/BMW-Se%CC%81rie-8.jpg?x29840\" alt=\"BMW S\u00e9rie 8 : Quand la sportivit\u00e9 s\u2019incarne dans le segment du luxe\"\/><\/p>\n<p class=\"p1\"><span class=\"c4\"><strong>La BMW S\u00e9rie 8 s\u2019enrichit d\u2019un nouveau mod\u00e8le sportif \u00e0 quatre portes. Dot\u00e9e d\u2019un concept de carrosserie sp\u00e9cifique, d\u2019une gamme de motorisation puissante et d\u2019un ch\u00e2ssis r\u00e9gl\u00e9 pour offrir des performances optimales, la nouvelle BMW S\u00e9rie 8 Gran Coup\u00e9 incarne dans un style unique la sportivit\u00e9 dans le segment du luxe<\/strong><\/span>.<span id=\"more-326409\"\/><\/p>\n<p class=\"p1\">Troisi\u00e8me mod\u00e8le de la S\u00e9rie 8 apr\u00e8s la BMW S\u00e9rie 8 Coup\u00e9 et la BMW S\u00e9rie 8 Cabriolet, la BMW S\u00e9rie 8 Gran Coup\u00e9 se distingue par sa conduite hautement dynamique, son design tout en sportivit\u00e9 et en \u00e9l\u00e9gance, mais aussi son habitacle nettement plus spacieux \u00e0 l\u2019arri\u00e8re.<\/p>\n<p class=\"p1\">La BMW S\u00e9rie 8 Gran Coup\u00e9 assure un parfait \u00e9quilibre entre sportivit\u00e9 et confort et se r\u00e9v\u00e8le aussi pratique au quotidien que performante en conduite dynamique. Deux motorisations sont propos\u00e9es au lancement : la M850i xDrive et la 840d xDrive.<\/p>\n<p class=\"p1\"><strong><span class=\"s1\">Design ext\u00e9rieur : Sportivit\u00e9, exclusivit\u00e9, et personnalit\u00e9<\/span><\/strong><\/p>\n<p><a href=\"http:\/\/aujourdhui.ma\/wp-content\/uploads\/2019\/12\/BMW-Se%CC%81rie-8-1.jpg?x29840\"><img loading=\"lazy\" decoding=\"async\" class=\"size-full wp-image-326427 aligncenter\" src=\"http:\/\/aujourdhui.ma\/wp-content\/uploads\/2019\/12\/BMW-Se%CC%81rie-8-1.jpg?x29840\" alt=\"\" width=\"746\" height=\"380\" srcset=\"http:\/\/aujourdhui.ma\/wp-content\/uploads\/2019\/12\/BMW-Se\u0301rie-8-1.jpg 746w, http:\/\/aujourdhui.ma\/wp-content\/uploads\/2019\/12\/BMW-Se\u0301rie-8-1-300x153.jpg 300w\" sizes=\"auto, (max-width: 746px) 100vw, 746px\"\/><\/a><\/p>\n<p class=\"p1\"><span class=\"s1\">La pr\u00e9cision des lignes et du trac\u00e9 des surfaces, fil rouge du nouveau langage stylistique de la marque, conf\u00e8re \u00e0 l\u2019ext\u00e9rieur de la BMW S\u00e9rie 8 Gran Coup\u00e9 un style \u00e9quilibr\u00e9 et harmonieux, aussi \u00e9l\u00e9gant que dynamique. Typique d\u2019un coup\u00e9 \u00e0 quatre portes, la carrosserie du nouveau mod\u00e8le s\u00e9duit par son design moderne et sa forte personnalit\u00e9.<\/span><\/p>\n<p class=\"p1\"><strong><span class=\"s1\">Design int\u00e9rieur : Luxe et sportivit\u00e9 en parfaite harmonie<\/span><\/strong><\/p>\n<p><a href=\"http:\/\/aujourdhui.ma\/wp-content\/uploads\/2019\/12\/BMW-Se%CC%81rie-8-Interieur-.jpg?x29840\"><img loading=\"lazy\" decoding=\"async\" class=\"size-full wp-image-326428 aligncenter\" src=\"http:\/\/aujourdhui.ma\/wp-content\/uploads\/2019\/12\/BMW-Se%CC%81rie-8-Interieur-.jpg?x29840\" alt=\"\" width=\"746\" height=\"380\" srcset=\"http:\/\/aujourdhui.ma\/wp-content\/uploads\/2019\/12\/BMW-Se\u0301rie-8-Interieur-.jpg 746w, http:\/\/aujourdhui.ma\/wp-content\/uploads\/2019\/12\/BMW-Se\u0301rie-8-Interieur--300x153.jpg 300w\" sizes=\"auto, (max-width: 746px) 100vw, 746px\"\/><\/a><\/p>\n<p class=\"p1\"><span class=\"s1\">Le style distinctif du nouveau mod\u00e8le s\u2019exprime \u00e9galement \u00e0 travers le design int\u00e9rieur. \u00c0 l\u2019avant comme \u00e0 l\u2019arri\u00e8re, l\u2019habitacle de la BMW S\u00e9rie 8 Gran Coup\u00e9 r\u00e9ussit parfaitement la synth\u00e8se de la sportivit\u00e9 et du luxe. Gr\u00e2ce \u00e0 l\u2019empattement allong\u00e9 et aux ouvertures de portes g\u00e9n\u00e9reuses, les passagers install\u00e9s \u00e0 l\u2019arri\u00e8re b\u00e9n\u00e9ficient d\u2019un espace pour les jambes particuli\u00e8rement volumineux pour un coup\u00e9 BMW.<\/span><\/p>\n<p class=\"p1\"><strong><span class=\"s1\">Un style tout en sportivit\u00e9 pour tous les si\u00e8ges<\/span><\/strong><\/p>\n<p><a href=\"http:\/\/aujourdhui.ma\/wp-content\/uploads\/2019\/12\/BMW-Se%CC%81rie-8-Interieur.jpg?x29840\"><img loading=\"lazy\" decoding=\"async\" class=\"size-full wp-image-326429 aligncenter\" src=\"http:\/\/aujourdhui.ma\/wp-content\/uploads\/2019\/12\/BMW-Se%CC%81rie-8-Interieur.jpg?x29840\" alt=\"\" width=\"746\" height=\"380\" srcset=\"http:\/\/aujourdhui.ma\/wp-content\/uploads\/2019\/12\/BMW-Se\u0301rie-8-Interieur.jpg 746w, http:\/\/aujourdhui.ma\/wp-content\/uploads\/2019\/12\/BMW-Se\u0301rie-8-Interieur-300x153.jpg 300w\" sizes=\"auto, (max-width: 746px) 100vw, 746px\"\/><\/a><\/p>\n<p class=\"p1\"><span class=\"s1\">Fourni de s\u00e9rie dans la nouvelle BMW S\u00e9rie 8 Gran Coup\u00e9, l\u2019\u00e9clairage d\u2019ambiance accentue avec panache les lignes qui s\u2019\u00e9tirent vers l\u2019avant de l\u2019habitacle. La dotation de s\u00e9rie comprend \u00e9galement le tableau de bord et l\u2019habillage sup\u00e9rieur des portes en cuir Walknappa, les si\u00e8ges sport \u00e0 r\u00e9glage \u00e9lectrique avec appuie-t\u00eate int\u00e9gr\u00e9 \u00e9l\u00e9gamment dans le dossier ou encore la sellerie en cuir Vernasca.<\/span><\/p>\n<div class=\"base-box mom_box_sc_custom mom_box_sc clear c6\" readability=\"40\">\n<p class=\"p1\"><span class=\"s1\"><span class=\"c5\"><strong>Moteur V8 essence au caract\u00e8re affirm\u00e9, blocs six cylindres en ligne sans concession<\/strong><\/span><br \/><\/span><\/p>\n<p class=\"p2\"><span class=\"s1\">La puissance exceptionnelle d\u00e9livr\u00e9e par le V8 de 4,4 l de cylindr\u00e9e de la nouvelle BMW M850i xDrive Gran Coup\u00e9 s\u2019accompagne d\u2019un son au caract\u00e8re affirm\u00e9, amplifi\u00e9 par l\u2019\u00e9chappement M Sport. Le nouveau V8 de la BMW M850i xDrive Gran Coup\u00e9 d\u00e9veloppe une puissance de 530 ch et un couple maximal de 750 Nm, ce qui lui permet d\u2019abattre le 0 \u00e0 100 km\/h en 3,9 secondes.<\/span><\/p>\n<p class=\"p1\"><span class=\"s1\"><strong><span class=\"c5\">Ch\u00e2ssis : Sportivit\u00e9 exceptionnelle et confort hors pair sur les longues distances<\/span><\/strong><br \/><\/span><\/p>\n<p class=\"p2\"><span class=\"s1\">L\u2019ensemble des composants et des syst\u00e8mes de ch\u00e2ssis propos\u00e9s de s\u00e9rie et en option a \u00e9t\u00e9 pr\u00e9cis\u00e9ment r\u00e9gl\u00e9 en fonction des caract\u00e9ristiques fondamentales de la nouvelle BMW S\u00e9rie 8 Gran Coup\u00e9, qui se distingue des autres variantes par ses proportions et sa r\u00e9partition des charges.<\/span><\/p>\n<p class=\"p1\"><span class=\"c5\"><strong><span class=\"s1\">Utilisation intuitive et connectivit\u00e9 incomparable : Version 7.0 du syst\u00e8me\u00a0<\/span><span class=\"s1\">d\u2019exploitation et assistant personnel intelligent BMW<\/span><\/strong><\/span><\/p>\n<p class=\"p1\"><span class=\"s1\">Gr\u00e2ce \u00e0 son large \u00e9ventail de syst\u00e8mes d\u2019assistance \u00e0 la pointe de la technologie, la nouvelle BMW S\u00e9rie 8 Gran Coup\u00e9 est plus s\u00fbre et confortable que jamais.<\/span><\/p>\n<p class=\"p1\"><span class=\"s1\">La nouvelle BMW S\u00e9rie 8 Gran Coup\u00e9 \u00e9quip\u00e9e de s\u00e9rie de l\u2019offre BMW Live Cockpit Navigation Pro, se compose d\u2019un syst\u00e8me de navigation et de diffusion multim\u00e9dia, d\u2019un combin\u00e9 d\u2019instruments enti\u00e8rement num\u00e9rique haute r\u00e9solution de 12,3 pouces et de l\u2019\u00e9cran de contr\u00f4le central de 10,25 pouces.<\/span><\/p>\n<p><a href=\"http:\/\/aujourdhui.ma\/wp-content\/uploads\/2019\/12\/BMW-Se%CC%81rie-8-1-1.jpg?x29840\"><img loading=\"lazy\" decoding=\"async\" class=\"size-full wp-image-326426 aligncenter\" src=\"http:\/\/aujourdhui.ma\/wp-content\/uploads\/2019\/12\/BMW-Se%CC%81rie-8-1-1.jpg?x29840\" alt=\"\" width=\"746\" height=\"380\" srcset=\"http:\/\/aujourdhui.ma\/wp-content\/uploads\/2019\/12\/BMW-Se\u0301rie-8-1-1.jpg 746w, http:\/\/aujourdhui.ma\/wp-content\/uploads\/2019\/12\/BMW-Se\u0301rie-8-1-1-300x153.jpg 300w\" sizes=\"auto, (max-width: 746px) 100vw, 746px\"\/><\/a><\/p>\n<\/div>\n<p>Auteur: ALM<br \/>\n<a href=\"http:\/\/aujourdhui.ma\/automobile\/bmw-serie-8-quand-la-sportivite-sincarne-dans-le-segment-du-luxe\">Cliquez ici pour lire l&rsquo;article depuis sa source.<\/a><\/p>\n","protected":false},"excerpt":{"rendered":"<p>La BMW S\u00e9rie 8 s\u2019enrichit d\u2019un nouveau mod\u00e8le sportif \u00e0 quatre portes. Dot\u00e9e d\u2019un concept de carrosserie sp\u00e9cifique, d\u2019une gamme de motorisation puissante et d\u2019un ch\u00e2ssis r\u00e9gl\u00e9 pour offrir des performances optimales, la nouvelle BMW S\u00e9rie 8 Gran Coup\u00e9 incarne dans un style unique la sportivit\u00e9 dans le segment du luxe. Troisi\u00e8me mod\u00e8le de la [&hellip;]<\/p>\n","protected":false},"author":1759,"featured_media":0,"comment_status":"closed","ping_status":"closed","sticky":false,"template":"","format":"standard","meta":{"fifu_image_url":"","fifu_image_alt":"","footnotes":""},"categories":[73,54],"tags":[],"class_list":["post-70183","post","type-post","status-publish","format-standard","hentry","category-actualite","category-maroc"],"_links":{"self":[{"href":"https:\/\/linitiative.ca\/International\/wp-json\/wp\/v2\/posts\/70183","targetHints":{"allow":["GET"]}}],"collection":[{"href":"https:\/\/linitiative.ca\/International\/wp-json\/wp\/v2\/posts"}],"about":[{"href":"https:\/\/linitiative.ca\/International\/wp-json\/wp\/v2\/types\/post"}],"author":[{"embeddable":true,"href":"https:\/\/linitiative.ca\/International\/wp-json\/wp\/v2\/users\/1759"}],"replies":[{"embeddable":true,"href":"https:\/\/linitiative.ca\/International\/wp-json\/wp\/v2\/comments?post=70183"}],"version-history":[{"count":0,"href":"https:\/\/linitiative.ca\/International\/wp-json\/wp\/v2\/posts\/70183\/revisions"}],"wp:attachment":[{"href":"https:\/\/linitiative.ca\/International\/wp-json\/wp\/v2\/media?parent=70183"}],"wp:term":[{"taxonomy":"category","embeddable":true,"href":"https:\/\/linitiative.ca\/International\/wp-json\/wp\/v2\/categories?post=70183"},{"taxonomy":"post_tag","embeddable":true,"href":"https:\/\/linitiative.ca\/International\/wp-json\/wp\/v2\/tags?post=70183"}],"curies":[{"name":"wp","href":"https:\/\/api.w.org\/{rel}","templated":true}]}}