{"id":70188,"date":"2019-12-14T09:00:00","date_gmt":"2019-12-14T14:00:00","guid":{"rendered":"https:\/\/linitiative.ca\/International\/le-taux-de-participation-reel-ne-saurait-depasser-les-8\/"},"modified":"2019-12-14T09:00:00","modified_gmt":"2019-12-14T14:00:00","slug":"le-taux-de-participation-reel-ne-saurait-depasser-les-8","status":"publish","type":"post","link":"https:\/\/linitiative.ca\/International\/le-taux-de-participation-reel-ne-saurait-depasser-les-8\/","title":{"rendered":"Le taux de participation r\u00e9el \u00ab ne saurait d\u00e9passer les 8% \u00bb"},"content":{"rendered":"<div id=\"originalText\" readability=\"73\">\n<p class=\"c6\">Le Rassemblement pour la culture et la d\u00e9mocratie (RCD) a d\u00e9sapprouv\u00e9, ce samedi 14 d\u00e9cembre, dans un communiqu\u00e9, les r\u00e9sultats de\u00a0 l\u2019\u00e9lection pr\u00e9sidentielle. Selon le RCD le taux de participation r\u00e9el\u00a0\u00ab ne saurait d\u00e9passer\u00a0 d\u00e9passer les 8% \u00bb.<\/p>\n<p class=\"c6\">Le parti \u00e9pingle les forces militaires qui, \u00ab\u00a0en voulant, ainsi, sponsoriser la division et les peurs pour continuer \u00e0 r\u00e9genter le pays, le commandement de l&rsquo;arm\u00e9e pr\u00e9carise davantage sa position dans la recherche d&rsquo;un consensus pour sortir le pays de l&rsquo;orni\u00e8re o\u00f9 il se trouve. Son implication flagrante, \u00e0 tous les niveaux, dans le montage du sc\u00e9nario de la fraude le disqualifie aux yeux de l&rsquo;\u00e9crasante majorit\u00e9 du peuple\u00a0\u00bb.<\/p>\n<p class=\"c6\">Concernant la situation actuelle du pays, le RCD estime que \u00a0\u00ab la revendication pacifique, port\u00e9e par tout un peuple, dans la rue depuis 10 mois, pour exercer sa souverainet\u00e9 dans un climat apais\u00e9 et un environnement institutionnel d\u00e9barrass\u00e9 des pratiques et des symboles d&rsquo;un syst\u00e8me politique qui a men\u00e9 le pays \u00e0 l&rsquo;impasse, le clan de Gaid Salah n&rsquo;a vu qu&rsquo;une opportunit\u00e9 pour r\u00e9gler des comptes\u00bb.<\/p>\n<p class=\"c6\">Quant \u00e0 l\u2019initiative du Pacte de l&rsquo;alternative d\u00e9mocratique (PAD), le RCD la consid\u00e8re comme un \u00ab\u00a0espace de la promotion d&rsquo;une solution d\u00e9mocratique et pacifique \u00e0 m\u00eame d&rsquo;offrir au pays une transition constituante apais\u00e9e\u00a0\u00bb. Le parti de Mohcine Belabbas r\u00e9it\u00e8re, \u00e0 ce propos, le soutien du RCD, \u00ab\u00a0qui ne m\u00e9nagera aucun effort pour son renforcement et l&rsquo;\u00e9mergence d&rsquo;une v\u00e9ritable alternative pour le pays\u00a0\u00bb.<\/p>\n<p class=\"c6\">Par ailleurs, le RCD consid\u00e8re l&rsquo;heure \u00e0 la fois \u00ab\u00a0grave\u00a0\u00bb et\u00a0 \u00ab\u00a0porteuse de tous les espoirs\u00a0\u00bb, tout en croyant en \u00a0\u00ab\u00a0la mobilisation et la d\u00e9termination du peuple alg\u00e9rien\u00a0\u00bb \u00a0pour exercer souverainement son choix sur son avenir.<\/p>\n<p class=\"c7\"><strong>Kenza SIFI<\/strong><\/p>\n<\/div>\n<div id=\"text_core\" readability=\"73\">\n<p class=\"c6\">Le Rassemblement pour la culture et la d\u00e9mocratie (RCD) a d\u00e9sapprouv\u00e9, ce samedi 14 d\u00e9cembre, dans un communiqu\u00e9, les r\u00e9sultats de\u00a0 l\u2019\u00e9lection pr\u00e9sidentielle. Selon le RCD le taux de participation r\u00e9el\u00a0\u00ab ne saurait d\u00e9passer\u00a0 d\u00e9passer les 8% \u00bb.<\/p>\n<p class=\"c6\">Le parti \u00e9pingle les forces militaires qui, \u00ab\u00a0en voulant, ainsi, sponsoriser la division et les peurs pour continuer \u00e0 r\u00e9genter le pays, le commandement de l&rsquo;arm\u00e9e pr\u00e9carise davantage sa position dans la recherche d&rsquo;un consensus pour sortir le pays de l&rsquo;orni\u00e8re o\u00f9 il se trouve. Son implication flagrante, \u00e0 tous les niveaux, dans le montage du sc\u00e9nario de la fraude le disqualifie aux yeux de l&rsquo;\u00e9crasante majorit\u00e9 du peuple\u00a0\u00bb.<\/p>\n<p class=\"c6\">Concernant la situation actuelle du pays, le RCD estime que \u00a0\u00ab la revendication pacifique, port\u00e9e par tout un peuple, dans la rue depuis 10 mois, pour exercer sa souverainet\u00e9 dans un climat apais\u00e9 et un environnement institutionnel d\u00e9barrass\u00e9 des pratiques et des symboles d&rsquo;un syst\u00e8me politique qui a men\u00e9 le pays \u00e0 l&rsquo;impasse, le clan de Gaid Salah n&rsquo;a vu qu&rsquo;une opportunit\u00e9 pour r\u00e9gler des comptes\u00bb.<\/p>\n<p class=\"c6\">Quant \u00e0 l\u2019initiative du Pacte de l&rsquo;alternative d\u00e9mocratique (PAD), le RCD la consid\u00e8re comme un \u00ab\u00a0espace de la promotion d&rsquo;une solution d\u00e9mocratique et pacifique \u00e0 m\u00eame d&rsquo;offrir au pays une transition constituante apais\u00e9e\u00a0\u00bb. Le parti de Mohcine Belabbas r\u00e9it\u00e8re, \u00e0 ce propos, le soutien du RCD, \u00ab\u00a0qui ne m\u00e9nagera aucun effort pour son renforcement et l&rsquo;\u00e9mergence d&rsquo;une v\u00e9ritable alternative pour le pays\u00a0\u00bb.<\/p>\n<p class=\"c6\">Par ailleurs, le RCD consid\u00e8re l&rsquo;heure \u00e0 la fois \u00ab\u00a0grave\u00a0\u00bb et\u00a0 \u00ab\u00a0porteuse de tous les espoirs\u00a0\u00bb, tout en croyant en \u00a0\u00ab\u00a0la mobilisation et la d\u00e9termination du peuple alg\u00e9rien\u00a0\u00bb \u00a0pour exercer souverainement son choix sur son avenir.<\/p>\n<p class=\"c7\"><strong>Kenza SIFI<\/strong><\/p>\n<\/div>\n<p>Auteur:<br \/>\n<a href=\"https:\/\/www.liberte-algerie.com\/actualite\/le-taux-de-participation-reel-ne-saurait-depasser-les-8-330116\">Cliquez ici pour lire l&rsquo;article depuis sa source.<\/a><\/p>\n","protected":false},"excerpt":{"rendered":"<p>Le Rassemblement pour la culture et la d\u00e9mocratie (RCD) a d\u00e9sapprouv\u00e9, ce samedi 14 d\u00e9cembre, dans un communiqu\u00e9, les r\u00e9sultats de\u00a0 l\u2019\u00e9lection pr\u00e9sidentielle. Selon le RCD le taux de participation r\u00e9el\u00a0\u00ab ne saurait d\u00e9passer\u00a0 d\u00e9passer les 8% \u00bb. Le parti \u00e9pingle les forces militaires qui, \u00ab\u00a0en voulant, ainsi, sponsoriser la division et les peurs pour [&hellip;]<\/p>\n","protected":false},"author":1742,"featured_media":0,"comment_status":"closed","ping_status":"closed","sticky":false,"template":"","format":"standard","meta":{"fifu_image_url":"","fifu_image_alt":"","footnotes":""},"categories":[73,53],"tags":[],"class_list":["post-70188","post","type-post","status-publish","format-standard","hentry","category-actualite","category-algerie"],"_links":{"self":[{"href":"https:\/\/linitiative.ca\/International\/wp-json\/wp\/v2\/posts\/70188","targetHints":{"allow":["GET"]}}],"collection":[{"href":"https:\/\/linitiative.ca\/International\/wp-json\/wp\/v2\/posts"}],"about":[{"href":"https:\/\/linitiative.ca\/International\/wp-json\/wp\/v2\/types\/post"}],"author":[{"embeddable":true,"href":"https:\/\/linitiative.ca\/International\/wp-json\/wp\/v2\/users\/1742"}],"replies":[{"embeddable":true,"href":"https:\/\/linitiative.ca\/International\/wp-json\/wp\/v2\/comments?post=70188"}],"version-history":[{"count":0,"href":"https:\/\/linitiative.ca\/International\/wp-json\/wp\/v2\/posts\/70188\/revisions"}],"wp:attachment":[{"href":"https:\/\/linitiative.ca\/International\/wp-json\/wp\/v2\/media?parent=70188"}],"wp:term":[{"taxonomy":"category","embeddable":true,"href":"https:\/\/linitiative.ca\/International\/wp-json\/wp\/v2\/categories?post=70188"},{"taxonomy":"post_tag","embeddable":true,"href":"https:\/\/linitiative.ca\/International\/wp-json\/wp\/v2\/tags?post=70188"}],"curies":[{"name":"wp","href":"https:\/\/api.w.org\/{rel}","templated":true}]}}