{"id":70190,"date":"2019-12-14T07:27:56","date_gmt":"2019-12-14T12:27:56","guid":{"rendered":"https:\/\/linitiative.ca\/International\/le-secretariat-greffe-un-acteur-incontournable-du-systeme-judiciaire\/"},"modified":"2019-12-14T07:27:56","modified_gmt":"2019-12-14T12:27:56","slug":"le-secretariat-greffe-un-acteur-incontournable-du-systeme-judiciaire","status":"publish","type":"post","link":"https:\/\/linitiative.ca\/International\/le-secretariat-greffe-un-acteur-incontournable-du-systeme-judiciaire\/","title":{"rendered":"Le Secr\u00e9tariat-greffe, un acteur incontournable du syst\u00e8me judiciaire"},"content":{"rendered":"<div readability=\"41\">\n<p>Marrakech \u2013 Le Secr\u00e9tariat-greffe a d\u00e9montr\u00e9, gr\u00e2ce aux efforts d\u00e9ploy\u00e9s par ses fonctionnaires, qu\u2019il est un acteur incontournable du syst\u00e8me de la justice et l\u2019un des principaux pr\u00e9ludes pour gagner le pari de la r\u00e9forme qui est intimement li\u00e9e aux missions d\u00e9volues \u00e0 cette profession, a affirm\u00e9, vendredi soir \u00e0 Marrakech, le ministre de la Justice, M. Mohamed Benabdelkader.<\/p>\n<\/div>\n<div readability=\"108\">\n<p>\u00ab\u00a0Nous sommes convaincus au sein du minist\u00e8re de la Justice que la r\u00e9forme que nous nous employons \u00e0 mettre en \u0153uvre ne pourra aboutir sans l\u2019adh\u00e9sion s\u00e9rieuse et responsable des fonctionnaires du Secr\u00e9tariat-greffe dans le cadre des grands chantiers lanc\u00e9s par le minist\u00e8re\u00a0\u00bb, a soulign\u00e9 M. Benabdelkader \u00e0 l\u2019ouverture du Forum national des professions sp\u00e9cifiques de l\u2019Administration judiciaire, initi\u00e9 sous le th\u00e8me \u00ab\u00a0L\u2019Ordre du Secr\u00e9tariat-greffe : entre probl\u00e8me d\u2019identit\u00e9 et question de diversit\u00e9\u00a0\u00bb.<\/p>\n<p>\u00ab\u00a0Ces chantiers exigent de tous de s\u2019y atteler afin d\u2019honorer les responsabilit\u00e9s qui nous incombent et ce, \u00e0 travers la mise en lumi\u00e8re du v\u00e9ritable r\u00f4le du Secr\u00e9tariat-greffe, d\u2019une part, et la consolidation de la diversit\u00e9 parmi les composantes du syst\u00e8me de la justice, d\u2019autre part, tout en veillant \u00e0 pr\u00e9server la coh\u00e9sion et la compl\u00e9mentarit\u00e9 entre ces composantes et \u00e0 permettre \u00e0 chaque partie de conserver ses attributions\u00a0\u00bb, a-t-il indiqu\u00e9 lors de ce Forum de deux jours, organis\u00e9 \u00e0 l\u2019initiative de l\u2019Amicale des Fonctionnaires de la Justice en partenariat avec le minist\u00e8re de la Justice et en coordination avec le Syndicat d\u00e9mocratique de la Justice.<\/p>\n<p>M. Benabdelkader a aussi soutenu que le Secr\u00e9tariat-greffe jouit d\u2019une place privil\u00e9gi\u00e9e aupr\u00e8s du minist\u00e8re, ajoutant que la formation solide des greffiers demeure l\u2019un des d\u00e9fis majeurs \u00e0 relever pour conserver cette place de choix.<\/p>\n<p>Dans ce cadre, il a indiqu\u00e9 que le niveau scientifique et la formation acad\u00e9mique du corps du Secr\u00e9tariat-greffe n\u2019ont rien \u00e0 envier \u00e0 ceux du personnel des autres professions judiciaires.<\/p>\n<p>Pour le ministre, la v\u00e9ritable diff\u00e9renciation entre les uns et les autres r\u00e9side dans la capacit\u00e9 de tel ou tel fonctionnaire d\u2019entre eux \u00e0 honorer ses engagements en mati\u00e8re de gouvernance et d\u2019efficacit\u00e9, \u00e0 contribuer \u00e0 mettre le syst\u00e8me judiciaire au service du citoyen, de la promotion des investissements et du d\u00e9veloppement, \u00e0 r\u00e9tablir la confiance du citoyen et de l\u2019investisseur dans la justice du Royaume, \u00e0 garder \u00e0 l\u2019esprit l\u2019importance de la gestion du temps judiciaire, et \u00e0 faciliter l\u2019acc\u00e8s \u00e0 une justice efficace, efficiente et attentive aux pr\u00e9occupations du justiciable.<\/p>\n<p>Une justice, a-t-il poursuivi, qui veille \u00e0 guider et \u00e0 orienter tout citoyen dans les proc\u00e9dures judiciaires, sans d\u00e9vier du principe de neutralit\u00e9, et \u00e0 l\u2019assister pour jouir pleinement de ses droits sans porter atteinte \u00e0 l\u2019ind\u00e9pendance du syst\u00e8me judiciaire.<\/p>\n<p>Il a, \u00e0 ce titre, rappel\u00e9 les efforts consentis pour la red\u00e9finition des r\u00f4les dont s\u2019acquitte le minist\u00e8re de la Justice et ce, selon une politique avanc\u00e9e qui consacre les principes de modernisation et de digitalisation, promeut l\u2019\u00e9l\u00e9ment humain, am\u00e9liore la gouvernance et l\u2019efficacit\u00e9, d\u00e9veloppe la structure administrative, assure la communication, la coordination et la coop\u00e9ration avec les autres pouvoirs op\u00e9rant dans le domaine de la justice et stimule la dynamique de l\u00e9gislation pour r\u00e9aliser un saut qualitatif dans tous les domaines n\u00e9cessitant la cons\u00e9cration de la philosophie de r\u00e9forme.<\/p>\n<p>A ce propos, M. Benabdelkader a \u00e9mis le voeu de voir le Secr\u00e9tariat-greffe repr\u00e9senter en permanence une valeur ajout\u00e9e, avec un personnel qualifi\u00e9 qui veille notamment \u00e0 assumer pleinement ses responsabilit\u00e9s, \u00e0 apporter du sang nouveau, \u00e0 \u00eatre au service des justiciables, \u00e0 tirer profit des meilleures pratiques, \u00e0 faire preuve d\u2019humilit\u00e9 sur les plans scientifique et pratique, et \u00e0 favoriser la bonne communication avec tous les acteurs du syst\u00e8me de la justice avec la c\u00e9l\u00e9rit\u00e9 requise et la comp\u00e9tence souhait\u00e9e.<\/p>\n<p>Et le ministre de conclure que le chantier de r\u00e9forme de la profession de greffier figure parmi les principales priorit\u00e9s de son D\u00e9partement, affirmant que l\u2019identit\u00e9 du corps du Secr\u00e9tariat-greffe fait partie int\u00e9grante de l\u2019identit\u00e9 de la justice du Royaume.<\/p>\n<\/div>\n<p>Auteur: Meriem IGASS<br \/>\n<a href=\"http:\/\/www.mapmarrakech.ma\/fr\/le-secretariat-greffe-un-acteur-incontournable-du-systeme-judiciaire\/\">Cliquez ici pour lire l&rsquo;article depuis sa source.<\/a><\/p>\n","protected":false},"excerpt":{"rendered":"<p>Marrakech \u2013 Le Secr\u00e9tariat-greffe a d\u00e9montr\u00e9, gr\u00e2ce aux efforts d\u00e9ploy\u00e9s par ses fonctionnaires, qu\u2019il est un acteur incontournable du syst\u00e8me de la justice et l\u2019un des principaux pr\u00e9ludes pour gagner le pari de la r\u00e9forme qui est intimement li\u00e9e aux missions d\u00e9volues \u00e0 cette profession, a affirm\u00e9, vendredi soir \u00e0 Marrakech, le ministre de la [&hellip;]<\/p>\n","protected":false},"author":1788,"featured_media":0,"comment_status":"closed","ping_status":"closed","sticky":false,"template":"","format":"standard","meta":{"fifu_image_url":"","fifu_image_alt":"","footnotes":""},"categories":[54,76],"tags":[],"class_list":["post-70190","post","type-post","status-publish","format-standard","hentry","category-maroc","category-regions"],"_links":{"self":[{"href":"https:\/\/linitiative.ca\/International\/wp-json\/wp\/v2\/posts\/70190","targetHints":{"allow":["GET"]}}],"collection":[{"href":"https:\/\/linitiative.ca\/International\/wp-json\/wp\/v2\/posts"}],"about":[{"href":"https:\/\/linitiative.ca\/International\/wp-json\/wp\/v2\/types\/post"}],"author":[{"embeddable":true,"href":"https:\/\/linitiative.ca\/International\/wp-json\/wp\/v2\/users\/1788"}],"replies":[{"embeddable":true,"href":"https:\/\/linitiative.ca\/International\/wp-json\/wp\/v2\/comments?post=70190"}],"version-history":[{"count":0,"href":"https:\/\/linitiative.ca\/International\/wp-json\/wp\/v2\/posts\/70190\/revisions"}],"wp:attachment":[{"href":"https:\/\/linitiative.ca\/International\/wp-json\/wp\/v2\/media?parent=70190"}],"wp:term":[{"taxonomy":"category","embeddable":true,"href":"https:\/\/linitiative.ca\/International\/wp-json\/wp\/v2\/categories?post=70190"},{"taxonomy":"post_tag","embeddable":true,"href":"https:\/\/linitiative.ca\/International\/wp-json\/wp\/v2\/tags?post=70190"}],"curies":[{"name":"wp","href":"https:\/\/api.w.org\/{rel}","templated":true}]}}