{"id":70191,"date":"2019-12-14T07:53:01","date_gmt":"2019-12-14T12:53:01","guid":{"rendered":"https:\/\/linitiative.ca\/International\/justice-le-corps-du-secretariat-greffe-joue-un-role-central\/"},"modified":"2019-12-14T07:53:01","modified_gmt":"2019-12-14T12:53:01","slug":"justice-le-corps-du-secretariat-greffe-joue-un-role-central","status":"publish","type":"post","link":"https:\/\/linitiative.ca\/International\/justice-le-corps-du-secretariat-greffe-joue-un-role-central\/","title":{"rendered":"Justice: Le corps du Secr\u00e9tariat-greffe joue un r\u00f4le \u00ab\u00a0central\u00a0\u00bb"},"content":{"rendered":"<div readability=\"44\">\n<p>Marrakech \u2013 Le Procureur g\u00e9n\u00e9ral du Roi pr\u00e8s la Cour de Cassation, Pr\u00e9sident du Minist\u00e8re Public, M. Mohammed Abdennabaoui, a affirm\u00e9, vendredi soir, \u00e0 Marrakech, que le corps du Secr\u00e9tariat-greffe joue un r\u00f4le \u00ab\u00a0pr\u00e9pond\u00e9rant et central\u00a0\u00bb dans le syst\u00e8me judiciaire du Royaume, soulignant que l\u2019aboutissement de la r\u00e9forme de la justice est tributaire de l\u2019adh\u00e9sion des diff\u00e9rents intervenants, et \u00e0 leur t\u00eate, le Secr\u00e9tariat-greffe.<\/p>\n<\/div>\n<div readability=\"152\">\n<p>Dans une allocution lue en son nom par Mme Amina Oufroukhi, Chef du P\u00f4le du Minist\u00e8re Public sp\u00e9cialis\u00e9 et de la Coop\u00e9ration judiciaire, \u00e0 l\u2019ouverture du Forum national des professions sp\u00e9cifiques de l\u2019Administration judiciaire, initi\u00e9 sous le th\u00e8me \u00ab\u00a0l\u2019Ordre du Secr\u00e9tariat-greffe : entre probl\u00e8me d\u2019identit\u00e9 et question de diversit\u00e9\u00a0\u00bb, M. Abdennabaoui a indiqu\u00e9 que le Maroc s\u2019est engag\u00e9 avec courage et force dans le processus de r\u00e9forme de la justice, dont le lancement a \u00e9t\u00e9 donn\u00e9 par SM le Roi Mohammed VI dans le Discours Royal prononc\u00e9 par le Souverain \u00e0 l\u2019occasion du 56\u00e8me anniversaire de la R\u00e9volution du Roi et du peuple.<\/p>\n<p>\u00ab\u00a0C\u2019est ainsi que se sont succ\u00e9d\u00e9 les r\u00e9formes profondes dont nous sommes tous fiers et qui ont abouti \u00e0 l\u2019ind\u00e9pendance du Pouvoir Judiciaire et du Minist\u00e8re Public, en tant qu\u2019entit\u00e9 constitutionnelle s\u00e9par\u00e9e des Institutions l\u00e9gislatives et ex\u00e9cutives\u00a0\u00bb, s\u2019est-il f\u00e9licit\u00e9 \u00e0 l\u2019occasion de ce Forum de deux jours, organis\u00e9 par l\u2019Amicale des Fonctionnaires de la Justice en partenariat avec le minist\u00e8re de la Justice et en coordination avec le Syndicat d\u00e9mocratique de la Justice.<\/p>\n<p>Relevant que le corps du Secr\u00e9tariat-greffe est, sans nul doute, un pilier fondamental de l\u2019\u00e9difice judiciaire, M. Abdennabaoui a assur\u00e9 que cette profession contribue aussi \u00e0 la cons\u00e9cration de l\u2019ind\u00e9pendance de la Justice, \u00e0 la garantie des droits, au redressement des injustices et \u00e0 la cr\u00e9ation du climat de confiance qui stimule l\u2019essor \u00e9conomique et social ainsi que le d\u00e9veloppement du pays.<\/p>\n<p>Il a, en outre, pr\u00e9cis\u00e9 que ledit corps, avec ses diff\u00e9rentes composantes, fait partie int\u00e9grante de la famille du syst\u00e8me de la justice, soutenant qu\u2019il constitue aussi l\u2019une des garanties d\u2019un Pouvoir judiciaire juste et \u00e9quitable, eu \u00e9gard aux r\u00f4les importants qu\u2019il assume en mati\u00e8re de r\u00e9alisation de la justice, de gestion des affaires port\u00e9es devant les tribunaux et des proc\u00e9dures y aff\u00e9rentes, ainsi que pour faciliter l\u2019acc\u00e8s \u00e0 la justice en g\u00e9n\u00e9ral pour les citoyens, toutes cat\u00e9gories confondues, \u00e9tant donn\u00e9 que le corps du Secr\u00e9tariat-greffe est en contact quotidien et direct avec les justiciables, \u00e0 m\u00eame d\u2019\u00eatre la cl\u00e9 de r\u00e9ussite ou d\u2019\u00e9chec de l\u2019acc\u00e8s \u00e0 la protection judiciaire.<\/p>\n<p>Par cons\u00e9quent, a-t-il insist\u00e9, la modernisation de ce corps, \u00e0 l\u2019instar des autres professions qui composent le syst\u00e8me judiciaire, repr\u00e9sente un enjeu majeur \u00e0 relever et \u00e0 \u00e9riger parmi les priorit\u00e9s \u00e0 ex\u00e9cuter pour la r\u00e9forme de l\u2019administration judiciaire et la satisfaction des besoins de ses cadres et responsables administratifs.<\/p>\n<p>M. Abdennabaoui a, par ailleurs, mis en avant la richesse des attributions, des missions et des expertises des cadres qui repr\u00e9sentent le corps du Secr\u00e9tariat-greffe ainsi que la diversit\u00e9 de ses sp\u00e9cialit\u00e9s professionnelles et techniques, avec le recrutement de comptables, d\u2019assistants sociaux, d\u2019ing\u00e9nieurs, d\u2019administrateurs et de traducteurs, entre autres, qui sont, a-t-il indiqu\u00e9, tous anim\u00e9s par un seul et m\u00eame but : \u00eatre au service de la justice et contribuer \u00e0 l\u2019atteinte de ses objectifs qui requi\u00e8rent de l\u2019efficacit\u00e9 pour prot\u00e9ger les droits, redresser les injustices et r\u00e9pondre aux aspirations des citoyens.<\/p>\n<p>Cela, a-t-il dit, a permis \u00e0 tout observateur de percevoir l\u2019incidence positive de la diversit\u00e9 de ces sp\u00e9cialit\u00e9s sur le syst\u00e8me judiciaire du Royaume aussi bien au sein du pays qu\u2019\u00e0 l\u2019\u00e9tranger, soulignant l\u2019importance du th\u00e8me arr\u00eat\u00e9 pour cette Rencontre d\u2019envergure et la pertinence des probl\u00e9matiques qui seront d\u00e9battues, lesquelles exigent la proposition de solutions efficaces pour garantir l\u2019efficience de tous les instruments et m\u00e9canismes de la Justice, \u00e0 m\u00eame d\u2019assumer pleinement le r\u00f4le qui lui est assign\u00e9e.<\/p>\n<p>De son c\u00f4t\u00e9, le pr\u00e9sident de l\u2019Amicale des Fonctionnaires de la Justice, Abdessadek Essaidi, s\u2019est f\u00e9licit\u00e9 de l\u2019organisation de ce Forum rehauss\u00e9 par la participation d\u2019une pl\u00e9iade de fonctionnaires des diff\u00e9rentes juridictions du Royaume et de l\u2019Administration centrale, qui vont d\u00e9battre, deux jours durant, du r\u00f4le de l\u2019Administration judiciaire dans l\u2019accompagnement et la satisfaction des attentes des citoyens marocains dans le domaine de la justice.<\/p>\n<p>Il a ajout\u00e9 que ce conclave se tient dans un contexte transitionnel marqu\u00e9 par le grand chantier de r\u00e9forme du syst\u00e8me de la justice, estimant que la forte pr\u00e9sence de ses diff\u00e9rentes composantes \u00e0 cette Rencontre traduit cette volont\u00e9 commune d\u2019aller de l\u2019avant dans ce processus de r\u00e9forme, de m\u00eame qu\u2019elle refl\u00e8te l\u2019engagement collectif des institutions officielles, des professionnels et des acteurs de la soci\u00e9t\u00e9 civile \u00e0 conjuguer leurs efforts pour passer \u00e0 une cadence plus acc\u00e9l\u00e9r\u00e9e afin de concr\u00e9tiser cette r\u00e9forme tant souhait\u00e9e.<\/p>\n<p>M. Essaidi a, dans ce sens, insist\u00e9 sur l\u2019imp\u00e9ratif de f\u00e9d\u00e9rer les \u00e9nergies et de mener une r\u00e9flexion commune pour trouver des r\u00e9ponses appropri\u00e9es en vue d\u2019acc\u00e9l\u00e9rer le rythme de cette r\u00e9forme car, a-t-il martel\u00e9, il n\u2019est plus permis de perdre du temps pour traduire dans les faits les opportunit\u00e9s de cette refonte.<\/p>\n<p>Apr\u00e8s avoir donn\u00e9 un large aper\u00e7u sur l\u2019Amicale des Fonctionnaires de la Justice et ses efforts en vue de contribuer \u00e0 la r\u00e9forme du syst\u00e8me judiciaire, il a soulign\u00e9 l\u2019imp\u00e9ratif de la pr\u00e9servation de l\u2019identit\u00e9 professionnelle du Secr\u00e9tariat-greffe, tout en veillant \u00e0 la red\u00e9finition de cette profession qui comprend aujourd\u2019hui divers m\u00e9tiers.<\/p>\n<p>Il a, par ailleurs, appel\u00e9 \u00e0 l\u2019ouverture d\u2019un dialogue s\u00e9rieux sur toutes les questions se rapportant au corps du Secr\u00e9tariat-greffe, pr\u00e9cisant que l\u2019Amicale doit \u00eatre une force essentielle et un acteur agissant dans la gestion des ressources humaines du minist\u00e8re de la Justice.<\/p>\n<\/div>\n<p>Auteur: Meriem IGASS<br \/>\n<a href=\"http:\/\/www.mapmarrakech.ma\/fr\/justice-le-corps-du-secretariat-greffe-joue-un-role-central\/\">Cliquez ici pour lire l&rsquo;article depuis sa source.<\/a><\/p>\n","protected":false},"excerpt":{"rendered":"<p>Marrakech \u2013 Le Procureur g\u00e9n\u00e9ral du Roi pr\u00e8s la Cour de Cassation, Pr\u00e9sident du Minist\u00e8re Public, M. Mohammed Abdennabaoui, a affirm\u00e9, vendredi soir, \u00e0 Marrakech, que le corps du Secr\u00e9tariat-greffe joue un r\u00f4le \u00ab\u00a0pr\u00e9pond\u00e9rant et central\u00a0\u00bb dans le syst\u00e8me judiciaire du Royaume, soulignant que l\u2019aboutissement de la r\u00e9forme de la justice est tributaire de l\u2019adh\u00e9sion [&hellip;]<\/p>\n","protected":false},"author":1788,"featured_media":0,"comment_status":"closed","ping_status":"closed","sticky":false,"template":"","format":"standard","meta":{"fifu_image_url":"","fifu_image_alt":"","footnotes":""},"categories":[54,76],"tags":[],"class_list":["post-70191","post","type-post","status-publish","format-standard","hentry","category-maroc","category-regions"],"_links":{"self":[{"href":"https:\/\/linitiative.ca\/International\/wp-json\/wp\/v2\/posts\/70191","targetHints":{"allow":["GET"]}}],"collection":[{"href":"https:\/\/linitiative.ca\/International\/wp-json\/wp\/v2\/posts"}],"about":[{"href":"https:\/\/linitiative.ca\/International\/wp-json\/wp\/v2\/types\/post"}],"author":[{"embeddable":true,"href":"https:\/\/linitiative.ca\/International\/wp-json\/wp\/v2\/users\/1788"}],"replies":[{"embeddable":true,"href":"https:\/\/linitiative.ca\/International\/wp-json\/wp\/v2\/comments?post=70191"}],"version-history":[{"count":0,"href":"https:\/\/linitiative.ca\/International\/wp-json\/wp\/v2\/posts\/70191\/revisions"}],"wp:attachment":[{"href":"https:\/\/linitiative.ca\/International\/wp-json\/wp\/v2\/media?parent=70191"}],"wp:term":[{"taxonomy":"category","embeddable":true,"href":"https:\/\/linitiative.ca\/International\/wp-json\/wp\/v2\/categories?post=70191"},{"taxonomy":"post_tag","embeddable":true,"href":"https:\/\/linitiative.ca\/International\/wp-json\/wp\/v2\/tags?post=70191"}],"curies":[{"name":"wp","href":"https:\/\/api.w.org\/{rel}","templated":true}]}}