{"id":70192,"date":"2019-12-14T08:32:33","date_gmt":"2019-12-14T13:32:33","guid":{"rendered":"https:\/\/linitiative.ca\/International\/juges-et-greffiers-doivent-satisfaire-le-justiciable\/"},"modified":"2019-12-14T08:32:33","modified_gmt":"2019-12-14T13:32:33","slug":"juges-et-greffiers-doivent-satisfaire-le-justiciable","status":"publish","type":"post","link":"https:\/\/linitiative.ca\/International\/juges-et-greffiers-doivent-satisfaire-le-justiciable\/","title":{"rendered":"Juges et greffiers doivent satisfaire le justiciable"},"content":{"rendered":"<div readability=\"43\">\n<p>Marrakech \u2013 Toutes les composantes de la famille de la justice, notamment son \u00e9pine dorsale, \u00e0 savoir les magistrats et les cadres et fonctionnaires du Secr\u00e9tariat-greffe, doivent faire preuve d\u2019esprit d\u2019\u00e9quipe et travailler en harmonie pour satisfaire les exigences du justiciable, a affirm\u00e9, vendredi soir \u00e0 Marrakech, le Premier Pr\u00e9sident de la Cour de Cassation, Pr\u00e9sident d\u00e9l\u00e9gu\u00e9 du Conseil Sup\u00e9rieur du Pouvoir Judiciaire (CSPJ), M. Mustapha Fares.<\/p>\n<\/div>\n<div readability=\"174\">\n<p>\u00ab\u00a0Le justiciable d\u2019aujourd\u2019hui r\u00e9clame l\u2019efficacit\u00e9, la gouvernance, la transparence et la moralisation. Des exigences qui obligent toutes les composantes de la famille de la justice, en particulier son \u00e9pine dorsale, les magistrats et les cadres et fonctionnaires du Secr\u00e9tariat-greffe, \u00e0 faire preuve d\u2019esprit d\u2019\u00e9quipe et \u00e0 travailler en harmonie selon un plan d\u2019action efficace\u00a0\u00bb, a-t-il expliqu\u00e9 dans une allocution lue en son nom par le chef de la division de la communication institutionnelle au CSPJ, Mohamed Khadraoui, \u00e0 l\u2019ouverture du Forum national des professions sp\u00e9cifiques de l\u2019Administration judiciaire.<\/p>\n<p>Un plan d\u2019action, qui fixe les t\u00e2ches et responsabilit\u00e9s et unifie les efforts, loin de toute vision \u00e9litiste \u00e9triqu\u00e9e, a-t-il ajout\u00e9 \u00e0 l\u2019occasion de cette Rencontre de deux jours, organis\u00e9e par l\u2019Amicale des Fonctionnaires de la Justice en partenariat avec le minist\u00e8re de la Justice et en coordination avec le Syndicat d\u00e9mocratique de la Justice, sous le th\u00e8me \u00ab\u00a0l\u2019Ordre du secr\u00e9tariat-greffe: entre probl\u00e8me d\u2019identit\u00e9 et question de diversit\u00e9\u00a0\u00bb.<\/p>\n<p>Dans ce cadre, M. Fares a tenu \u00e0 exprimer sa grande fiert\u00e9 d\u2019avoir travaill\u00e9 tout au long de sa carri\u00e8re professionnelle avec nombre de femmes et d\u2019hommes du Secr\u00e9tariat-greffe, qui \u00e9taient un mod\u00e8le d\u2019assiduit\u00e9, de sacrifices et de g\u00e9n\u00e9rosit\u00e9 \u00e0 donner le meilleur d\u2019eux-m\u00eames malgr\u00e9 l\u2019absence des moyens, des incitations et des conditions favorables de travail.<\/p>\n<p>Rappelant que le Royaume, et avec lui la justice, a toujours \u00e9t\u00e9 riche par sa diversit\u00e9 et fort de sa capacit\u00e9 \u00e0 assimiler sa pluralit\u00e9 dans le cadre d\u2019un projet soci\u00e9tal unifi\u00e9 par ses objectifs, sa vision et sa mission, M. Fares a expliqu\u00e9 qu\u2019il s\u2019agit d\u2019un projet visant \u00e0 consacrer l\u2019Etat de Droit et des Institutions et reposant, entre autres, sur une justice comp\u00e9tente, int\u00e8gre et moderne, toujours proche des attentes et aspirations des justiciables.<\/p>\n<p>Ce sont des d\u00e9fis qu\u2019aucune composante, \u00e0 elle seule, ne peut plus relever et affronter dans le cadre d\u2019une approche o\u00f9 elle s\u2019accapare la gestion et la mise en place des plans et strat\u00e9gies, a-t-il dit.<\/p>\n<p>A cet \u00e9gard, il a fait observer qu\u2019aujourd\u2019hui, la justice \u00e0 travers le monde est tenue de garantir les droits, de consacrer les libert\u00e9s, de diversifier et d\u2019am\u00e9liorer la qualit\u00e9 des services, de statuer sur les affaires dans des d\u00e9lais raisonnables, d\u2019acc\u00e9l\u00e9rer les proc\u00e9dures, d\u2019activer leur mise en \u0153uvre et d\u2019assurer la s\u00e9curit\u00e9 judiciaire dans toutes ses dimensions politiques, sociales, \u00e9conomiques, solidaires et des droits de l\u2019Homme.<\/p>\n<p>Il a, en outre, insist\u00e9 sur la n\u00e9cessit\u00e9 d\u2019\u00e9riger en priorit\u00e9 la mani\u00e8re de faire de cette diversit\u00e9 un capital immat\u00e9riel qui \u00ab\u00a0nous permettra de jouir de la confiance des justiciables, de r\u00e9aliser la justice, de mettre en \u0153uvre le contenu de la vision Royale pour la r\u00e9forme de la justice et d\u2019\u00eatre \u00e0 la hauteur des multiples attentes et aspirations\u00a0\u00bb.<\/p>\n<p>Mettant en avant la vision Royale incarn\u00e9e \u00e0 travers de nombreux Discours, dont le Discours historique prononc\u00e9 par le Souverain en 2009 \u00e0 l\u2019occasion de l\u2019anniversaire de la R\u00e9volution du Roi et du Peuple, dans lequel Sa Majest\u00e9 le Roi Mohammed VI a trac\u00e9 un plan de r\u00e9forme bas\u00e9e sur six axes dans le cadre d\u2019une approche participative et int\u00e9gr\u00e9e, M. Fares a fait remarquer que ces axes d\u00e9montrent, sans ambages, le rapport et le lien constant entre le syst\u00e8me judiciaire et le Secr\u00e9tariat-greffe et t\u00e9moignent de leur centralit\u00e9 et de l\u2019imp\u00e9ratif de leur r\u00e9forme, de leur encadrement, de leur formation, de leur moralisation et de leur mise \u00e0 niveau en vue de relever le d\u00e9fi de la r\u00e9forme du syst\u00e8me judiciaire.<\/p>\n<p>\u00ab\u00a0Apr\u00e8s tous les acquis positifs cumul\u00e9s par notre pays dans le domaine de la justice, nous sommes tenus aujourd\u2019hui de traduire dans les faits toutes ces conclusions et livrables dans le cadre de projets concrets et clairs avec patriotisme, professionnalisme et un esprit responsable\u00a0\u00bb, a-t-il insist\u00e9.<\/p>\n<p>A cet \u00e9gard, il a soutenu qu\u2019il n\u2019y a plus de place dans la justice d\u2019aujourd\u2019hui \u00e0 une quelconque approche fragmentaire \u00e9triqu\u00e9e ou id\u00e9ologie \u00e9litiste, soulignant que tous sont appel\u00e9s \u00e0 tirer profit de la diversit\u00e9 et \u00e0 r\u00e9pondre aux questions d\u2019actualit\u00e9 pour aboutir \u00e0 une justice efficace et \u00e9quitable.<\/p>\n<p>Pour sa part, le premier secr\u00e9taire g\u00e9n\u00e9ral adjoint du Syndicat D\u00e9mocratique de la Justice, Fakhreddine Benhaddou a salu\u00e9 l\u2019importance de la tenue de ce Forum qui permet d\u2019ouvrir le d\u00e9bat sur un chantier complexe ayant trait aux professions sp\u00e9cifiques de l\u2019Administration judiciaire et de poser des questions profondes exigeant des r\u00e9ponses appropri\u00e9es selon une approche participative.<\/p>\n<p>Il a \u00e9galement mis l\u2019accent sur l\u2019importance du corps du Secr\u00e9tariat-greffe dans la r\u00e9forme du syst\u00e8me judiciaire, pr\u00e9cisant que les diff\u00e9rentes composantes de ce corps professionnel ont le devoir de pr\u00e9server, de consacrer et de consolider les fondements de l\u2019ind\u00e9pendance du Pouvoir Judiciaire en vue de garantir l\u2019efficacit\u00e9, la gouvernance, la transparence et l\u2019int\u00e9grit\u00e9 du syst\u00e8me de la justice.<\/p>\n<p>Dans ce sillage, M. Benhaddou a insist\u00e9 sur l\u2019imp\u00e9ratif de la modernisation de l\u2019administration judiciaire et du corps du Secr\u00e9tariat-greffe pour mieux servir la justice et les justiciables, ajoutant que les greffiers ont un r\u00f4le central et repr\u00e9sentent une valeur ajout\u00e9e pour le renforcement et l\u2019appui de l\u2019Administration judiciaire.<\/p>\n<p>Il a, en outre, expliqu\u00e9 que le chantier de r\u00e9forme des professions sp\u00e9cifiques de l\u2019Administration judiciaire ne peut se concr\u00e9tiser sans la promotion du corps du Secr\u00e9tariat-greffe et la red\u00e9finition de ses attributions, vu la diversit\u00e9 des sp\u00e9cialit\u00e9s qui composent ce corps.<\/p>\n<p>M. Benhaddou a, par ailleurs, invit\u00e9 les responsables, notamment au minist\u00e8re de la Justice, \u00e0 accorder un grand int\u00e9r\u00eat \u00e0 cette cat\u00e9gorie professionnelle et \u00e0 les motiver sur les plans professionnel, mat\u00e9riel et social afin que ses membres puissent mener \u00e0 bien les missions qui leur incombent.<\/p>\n<\/div>\n<p>Auteur: Meriem IGASS<br \/>\n<a href=\"http:\/\/www.mapmarrakech.ma\/fr\/juges-et-greffiers-doivent-satisfaire-le-justiciable\/\">Cliquez ici pour lire l&rsquo;article depuis sa source.<\/a><\/p>\n","protected":false},"excerpt":{"rendered":"<p>Marrakech \u2013 Toutes les composantes de la famille de la justice, notamment son \u00e9pine dorsale, \u00e0 savoir les magistrats et les cadres et fonctionnaires du Secr\u00e9tariat-greffe, doivent faire preuve d\u2019esprit d\u2019\u00e9quipe et travailler en harmonie pour satisfaire les exigences du justiciable, a affirm\u00e9, vendredi soir \u00e0 Marrakech, le Premier Pr\u00e9sident de la Cour de Cassation, [&hellip;]<\/p>\n","protected":false},"author":1788,"featured_media":0,"comment_status":"closed","ping_status":"closed","sticky":false,"template":"","format":"standard","meta":{"fifu_image_url":"","fifu_image_alt":"","footnotes":""},"categories":[54,76],"tags":[],"class_list":["post-70192","post","type-post","status-publish","format-standard","hentry","category-maroc","category-regions"],"_links":{"self":[{"href":"https:\/\/linitiative.ca\/International\/wp-json\/wp\/v2\/posts\/70192","targetHints":{"allow":["GET"]}}],"collection":[{"href":"https:\/\/linitiative.ca\/International\/wp-json\/wp\/v2\/posts"}],"about":[{"href":"https:\/\/linitiative.ca\/International\/wp-json\/wp\/v2\/types\/post"}],"author":[{"embeddable":true,"href":"https:\/\/linitiative.ca\/International\/wp-json\/wp\/v2\/users\/1788"}],"replies":[{"embeddable":true,"href":"https:\/\/linitiative.ca\/International\/wp-json\/wp\/v2\/comments?post=70192"}],"version-history":[{"count":0,"href":"https:\/\/linitiative.ca\/International\/wp-json\/wp\/v2\/posts\/70192\/revisions"}],"wp:attachment":[{"href":"https:\/\/linitiative.ca\/International\/wp-json\/wp\/v2\/media?parent=70192"}],"wp:term":[{"taxonomy":"category","embeddable":true,"href":"https:\/\/linitiative.ca\/International\/wp-json\/wp\/v2\/categories?post=70192"},{"taxonomy":"post_tag","embeddable":true,"href":"https:\/\/linitiative.ca\/International\/wp-json\/wp\/v2\/tags?post=70192"}],"curies":[{"name":"wp","href":"https:\/\/api.w.org\/{rel}","templated":true}]}}