{"id":70193,"date":"2019-12-14T08:54:53","date_gmt":"2019-12-14T13:54:53","guid":{"rendered":"https:\/\/linitiative.ca\/International\/reflexion-sur-les-defis-de-la-facade-atlantique-de-lafrique\/"},"modified":"2019-12-14T08:54:53","modified_gmt":"2019-12-14T13:54:53","slug":"reflexion-sur-les-defis-de-la-facade-atlantique-de-lafrique","status":"publish","type":"post","link":"https:\/\/linitiative.ca\/International\/reflexion-sur-les-defis-de-la-facade-atlantique-de-lafrique\/","title":{"rendered":"R\u00e9flexion sur les d\u00e9fis de la fa\u00e7ade Atlantique de l\u2019Afrique"},"content":{"rendered":"<div readability=\"42\">\n<p>Marrakech \u2013 Les participants aux travaux de la 2\u00e8me journ\u00e9e de la 8\u00e8me Conf\u00e9rence internationale annuelle \u00ab\u00a0Atlantic Dialogues\u00a0\u00bb, organis\u00e9e \u00e0 l\u2019initiative du Policy Center for the New South (PCNS), se sont pench\u00e9s sur les d\u00e9fis et enjeux de la fa\u00e7ade Atlantique de l\u2019Afrique, en braquant les projecteurs, vendredi, sur les questions li\u00e9es aux technologies, \u00e0 l\u2019acc\u00e8s \u00e0 l\u2019\u00e9nergie, \u00e0 la d\u00e9mocratie et \u00e0 la migration.<\/p>\n<\/div>\n<div readability=\"165\">\n<p>Ainsi, dans la session pl\u00e9ni\u00e8re portant sur \u00ab\u00a0la technologie, le bien-\u00eatre et les in\u00e9galit\u00e9s\u00a0\u00bb, Serigne Gueye Diop, ministre conseiller du Pr\u00e9sident du S\u00e9n\u00e9gal, a relev\u00e9 que l\u2019Afrique \u00ab\u00a0travaille autour de 400 heures par an dans ses champs au lieu de 2000 heures possibles, en raison du manque d\u2019acc\u00e8s aux technologies de l\u2019eau et de l\u2019irrigation\u00a0\u00bb.<\/p>\n<p>\u00ab\u00a0Une fois cette lacune combl\u00e9e, le S\u00e9n\u00e9gal pourrait travailler en dehors de la saison des pluies, soit huit mois de plus par an, ou 1400 heures, et permettrait de contribuer \u00e0 hauteur de 8 milliards de dollars suppl\u00e9mentaires au PIB du pays\u00a0\u00bb, a-t-il soulign\u00e9.<\/p>\n<p>De son c\u00f4t\u00e9, Mar\u00eda Teresa Fern\u00e1ndez de la Vega, Pr\u00e9sidente du Conseil d\u2019Etat espagnol, s\u2019est inqui\u00e9t\u00e9e des prolongements dans le secteur des TIC d\u2019une in\u00e9galit\u00e9 de genre structurelle, avec des femmes sous-repr\u00e9sent\u00e9es.<\/p>\n<p>Quant \u00e0 Sunjoy Joshi, Pr\u00e9sident de l\u2019Observer Research Foundation (ORF) en Inde, il a relev\u00e9 un paradoxe de \u00ab\u00a0l\u2019info-nation\u00a0\u00bb qu\u2019est devenue l\u2019Inde, focalis\u00e9e sur les nouvelles technologies au point d\u2019avoir \u00ab\u00a0manqu\u00e9 10 ans de d\u00e9veloppement des manufactures orient\u00e9es vers l\u2019export\u00a0\u00bb, alors que Bruno Boccara, expert fran\u00e7ais, fondateur du \u00ab\u00a0Socio-analytic Dialogue\u00a0\u00bb \u00e0 New York, a fait observer que la technologie, en particulier les m\u00e9dias sociaux, augmente le d\u00e9sir de \u00ab\u00a0gratification narcissique\u00a0\u00bb, un processus pervers parce qu\u2019il emp\u00eache de consid\u00e9rer l\u2019autre comme un v\u00e9ritable sujet.<\/p>\n<p>Un autre panel a planch\u00e9 sur une th\u00e9matique devenue une pr\u00e9occupation majeure, \u00e0 savoir la crise d\u00e9mocratique, not\u00e9e par endroits, aussi dans certains pays du Nord que du Sud.<\/p>\n<p>Sur ce sujet, Michelle Ndiaye, Directrice du programme pour la paix et la s\u00e9curit\u00e9 en Afrique, pense que la mont\u00e9e du populisme est l\u2019une des causes de cette crise. Selon elle, \u00ab\u00a0la d\u00e9mocratie lib\u00e9rale telle que nous la voyons n\u2019a pas fonctionn\u00e9 dans de nombreux contextes et contextes, y compris en Afrique\u00a0\u00bb.<\/p>\n<p>\u00ab\u00a0Nous devons disposer de freins et contrepoids pour contr\u00f4ler la mise en \u0153uvre des piliers de la d\u00e9mocratie, mais ils n\u2019existent pas dans de nombreux pays. La faible implication des jeunes est aussi une des causes de cette crise\u00a0\u00bb, a-t-elle consid\u00e9r\u00e9.<\/p>\n<p>Par ailleurs, dans la pl\u00e9ni\u00e8re abordant un th\u00e8me aussi sensible et pol\u00e9mique, \u00ab\u00a0R\u00e9fugi\u00e9s : protection et migration\u00a0\u00bb, Richard Dantziger, Directeur r\u00e9gional pour l\u2019Afrique de l\u2019Ouest et du centre de l\u2019Office international des migrations (OIM), a dress\u00e9 un tableau plut\u00f4t sombre: \u00ab\u00a0Ce n\u2019est pas le bon moment pour \u00eatre r\u00e9fugi\u00e9, dans un contexte d\u2019affaiblissement des droits de l\u2019homme et du r\u00e9gime des r\u00e9fugi\u00e9s, d\u2019absence de l\u2019Etat dans les zones o\u00f9 des personnes se d\u00e9placent\u00a0\u00bb.<\/p>\n<p>Une pr\u00e9occupation partag\u00e9e par le G\u00e9n\u00e9ral Birame Diop, chef d\u2019Etat-major particulier du Pr\u00e9sident de la R\u00e9publique du S\u00e9n\u00e9gal, en charge du Comit\u00e9 national de la gestion des r\u00e9fugi\u00e9s, des rapatri\u00e9s, et des personnes d\u00e9plac\u00e9s (CNRRPD), qui pense que l\u2019humanisme doit \u00eatre au c\u0153ur des solutions : \u00ab\u00a0Vous devez accompagner les r\u00e9fugi\u00e9s pour qu\u2019ils se sentent prot\u00e9g\u00e9s et que leurs besoins humains fondamentaux soient satisfaits -\u00e9ducation, sant\u00e9, espoir. La confiance doit \u00eatre \u00e9tablie\u00a0\u00bb.<\/p>\n<p>S\u2019agissant de la pl\u00e9ni\u00e8re ax\u00e9e sur l\u2019acc\u00e8s \u00e0 l\u2019\u00e9nergie, Thione Niang, ancien conseiller du pr\u00e9sident Barack Obama, entrepreneur social au S\u00e9n\u00e9gal et co-fondateur et co-PDG de Akon Lighting Africa, a relev\u00e9 que \u00ab\u00a0le Continent africain dispose de 30% des ressources mondiales, mais nous devons encore trouver comment allumer les lumi\u00e8res dans nos maisons\u00a0\u00bb.<\/p>\n<p>\u00ab\u00a0En Afrique, nous avons 600 millions de personnes sans acc\u00e8s \u00e0 l\u2019\u00e9nergie et 900 millions sans acc\u00e8s \u00e0 l\u2019\u00e9nergie propre\u00a0\u00bb, a indiqu\u00e9 de son c\u00f4t\u00e9, Francis Perrin, Senior Fellow du Policy Center for the New South.<\/p>\n<p>Plac\u00e9e sous le Haut Patronage de SM le Roi Mohammed VI, la 8\u00e8me Conf\u00e9rence \u00ab\u00a0Atlantic Dialogues\u00a0\u00bb, initi\u00e9e sous le th\u00e8me \u00ab\u00a0Le Sud en p\u00e9riode de tourmente\u00a0\u00bb, est rehauss\u00e9e par la participation de pr\u00e8s de 500 participants issus de 66 nationalit\u00e9s.<\/p>\n<p>La th\u00e9matique retenue, cette ann\u00e9e, pour cette Rencontre d\u2019envergure prolonge et compl\u00e8te celle de 2018 consacr\u00e9e aux \u00ab\u00a0Dynamiques atlantiques : surmonter les points de rupture\u00a0\u00bb, un choix dict\u00e9 par les multiples d\u00e9fis qui interpellent les pays du Sud face \u00e0 la persistance des conflits et des menaces terroristes, aux faibles taux de croissance non g\u00e9n\u00e9rateurs d\u2019emplois pour les jeunes, \u00e0 l\u2019urbanisation acc\u00e9l\u00e9r\u00e9e et \u00e0 la d\u00e9gradation irr\u00e9versible et \u00e0 vue d\u2019\u0153il de leur environnement naturel.<\/p>\n<p>Lanc\u00e9 en 2014 \u00e0 Rabat avec 39 chercheurs associ\u00e9s du Sud comme du Nord, le Policy Center for the New South est un think tank qui offre une perspective du Sud sur les enjeux des pays en d\u00e9veloppement.<\/p>\n<p>Il vise \u00e0 faciliter les d\u00e9cisions strat\u00e9giques relevant de ses quatre principaux programmes : agriculture, environnement et s\u00e9curit\u00e9 alimentaire; \u00e9conomie et d\u00e9veloppement social, mati\u00e8res premi\u00e8res et finance; g\u00e9opolitique et relations internationales.<\/p>\n<\/div>\n<p>Auteur: Meriem IGASS<br \/>\n<a href=\"http:\/\/www.mapmarrakech.ma\/fr\/reflexion-sur-les-defis-de-la-facade-atlantique-de-lafrique\/\">Cliquez ici pour lire l&rsquo;article depuis sa source.<\/a><\/p>\n","protected":false},"excerpt":{"rendered":"<p>Marrakech \u2013 Les participants aux travaux de la 2\u00e8me journ\u00e9e de la 8\u00e8me Conf\u00e9rence internationale annuelle \u00ab\u00a0Atlantic Dialogues\u00a0\u00bb, organis\u00e9e \u00e0 l\u2019initiative du Policy Center for the New South (PCNS), se sont pench\u00e9s sur les d\u00e9fis et enjeux de la fa\u00e7ade Atlantique de l\u2019Afrique, en braquant les projecteurs, vendredi, sur les questions li\u00e9es aux technologies, \u00e0 [&hellip;]<\/p>\n","protected":false},"author":1788,"featured_media":0,"comment_status":"closed","ping_status":"closed","sticky":false,"template":"","format":"standard","meta":{"fifu_image_url":"","fifu_image_alt":"","footnotes":""},"categories":[54,76],"tags":[],"class_list":["post-70193","post","type-post","status-publish","format-standard","hentry","category-maroc","category-regions"],"_links":{"self":[{"href":"https:\/\/linitiative.ca\/International\/wp-json\/wp\/v2\/posts\/70193","targetHints":{"allow":["GET"]}}],"collection":[{"href":"https:\/\/linitiative.ca\/International\/wp-json\/wp\/v2\/posts"}],"about":[{"href":"https:\/\/linitiative.ca\/International\/wp-json\/wp\/v2\/types\/post"}],"author":[{"embeddable":true,"href":"https:\/\/linitiative.ca\/International\/wp-json\/wp\/v2\/users\/1788"}],"replies":[{"embeddable":true,"href":"https:\/\/linitiative.ca\/International\/wp-json\/wp\/v2\/comments?post=70193"}],"version-history":[{"count":0,"href":"https:\/\/linitiative.ca\/International\/wp-json\/wp\/v2\/posts\/70193\/revisions"}],"wp:attachment":[{"href":"https:\/\/linitiative.ca\/International\/wp-json\/wp\/v2\/media?parent=70193"}],"wp:term":[{"taxonomy":"category","embeddable":true,"href":"https:\/\/linitiative.ca\/International\/wp-json\/wp\/v2\/categories?post=70193"},{"taxonomy":"post_tag","embeddable":true,"href":"https:\/\/linitiative.ca\/International\/wp-json\/wp\/v2\/tags?post=70193"}],"curies":[{"name":"wp","href":"https:\/\/api.w.org\/{rel}","templated":true}]}}