{"id":70194,"date":"2019-12-14T09:57:22","date_gmt":"2019-12-14T14:57:22","guid":{"rendered":"https:\/\/linitiative.ca\/International\/atlantic-dialogues-une-invitation-a-formuler-des-reponses-aux-defis\/"},"modified":"2019-12-14T09:57:22","modified_gmt":"2019-12-14T14:57:22","slug":"atlantic-dialogues-une-invitation-a-formuler-des-reponses-aux-defis","status":"publish","type":"post","link":"https:\/\/linitiative.ca\/International\/atlantic-dialogues-une-invitation-a-formuler-des-reponses-aux-defis\/","title":{"rendered":"Atlantic Dialogues, une invitation \u00e0 formuler des r\u00e9ponses aux d\u00e9fis"},"content":{"rendered":"<p><iframe loading=\"lazy\" width=\"1170\" height=\"658\" src=\"https:\/\/www.youtube.com\/embed\/aZ3MuJR5B2A?feature=oembed\" frameborder=\"0\" allow=\"accelerometer; autoplay; encrypted-media; gyroscope; picture-in-picture\" allowfullscreen=\"\">[embedded content]<\/iframe><\/p>\n<div class=\"single-post-excerpt post-excerpt-bc\" readability=\"39\">\n<p>La 8\u00e8me \u00e9dition de la Conf\u00e9rence internationale annuelle \u00ab Atlantic Dialogues \u00bb se veut une invitation \u00e0 formuler des r\u00e9ponses urgentes aux grands d\u00e9fis et probl\u00e9matiques communs, a soulign\u00e9, \u00e0 Marrakech, le pr\u00e9sident du think tank Policy Center for the New South (PCNS), Karim El Aynaoui.<\/p>\n<\/div>\n<p>Auteur: Meriem IGASS<br \/>\n<a href=\"http:\/\/www.mapmarrakech.ma\/fr\/atlantic-dialogues-une-invitation-a-formuler-des-reponses-aux-defis\/\">Cliquez ici pour lire l&rsquo;article depuis sa source.<\/a><\/p>\n","protected":false},"excerpt":{"rendered":"<p>[embedded content] La 8\u00e8me \u00e9dition de la Conf\u00e9rence internationale annuelle \u00ab Atlantic Dialogues \u00bb se veut une invitation \u00e0 formuler des r\u00e9ponses urgentes aux grands d\u00e9fis et probl\u00e9matiques communs, a soulign\u00e9, \u00e0 Marrakech, le pr\u00e9sident du think tank Policy Center for the New South (PCNS), Karim El Aynaoui. Auteur: Meriem IGASS Cliquez ici pour lire [&hellip;]<\/p>\n","protected":false},"author":1788,"featured_media":0,"comment_status":"closed","ping_status":"closed","sticky":false,"template":"","format":"standard","meta":{"fifu_image_url":"","fifu_image_alt":"","footnotes":""},"categories":[54,76],"tags":[],"class_list":["post-70194","post","type-post","status-publish","format-standard","hentry","category-maroc","category-regions"],"_links":{"self":[{"href":"https:\/\/linitiative.ca\/International\/wp-json\/wp\/v2\/posts\/70194","targetHints":{"allow":["GET"]}}],"collection":[{"href":"https:\/\/linitiative.ca\/International\/wp-json\/wp\/v2\/posts"}],"about":[{"href":"https:\/\/linitiative.ca\/International\/wp-json\/wp\/v2\/types\/post"}],"author":[{"embeddable":true,"href":"https:\/\/linitiative.ca\/International\/wp-json\/wp\/v2\/users\/1788"}],"replies":[{"embeddable":true,"href":"https:\/\/linitiative.ca\/International\/wp-json\/wp\/v2\/comments?post=70194"}],"version-history":[{"count":0,"href":"https:\/\/linitiative.ca\/International\/wp-json\/wp\/v2\/posts\/70194\/revisions"}],"wp:attachment":[{"href":"https:\/\/linitiative.ca\/International\/wp-json\/wp\/v2\/media?parent=70194"}],"wp:term":[{"taxonomy":"category","embeddable":true,"href":"https:\/\/linitiative.ca\/International\/wp-json\/wp\/v2\/categories?post=70194"},{"taxonomy":"post_tag","embeddable":true,"href":"https:\/\/linitiative.ca\/International\/wp-json\/wp\/v2\/tags?post=70194"}],"curies":[{"name":"wp","href":"https:\/\/api.w.org\/{rel}","templated":true}]}}