{"id":70196,"date":"2019-12-14T05:07:25","date_gmt":"2019-12-14T10:07:25","guid":{"rendered":"https:\/\/linitiative.ca\/International\/lelection-dabdelmadjid-tebboune-a-la-une-de-la-presse-oranaise\/"},"modified":"2019-12-14T05:07:25","modified_gmt":"2019-12-14T10:07:25","slug":"lelection-dabdelmadjid-tebboune-a-la-une-de-la-presse-oranaise","status":"publish","type":"post","link":"https:\/\/linitiative.ca\/International\/lelection-dabdelmadjid-tebboune-a-la-une-de-la-presse-oranaise\/","title":{"rendered":"L\u2019\u00e9lection d\u2019Abdelmadjid Tebboune \u00e0 la \u00ab\u00a0une\u00a0\u00bb de la presse oranaise"},"content":{"rendered":"<div readability=\"36\">\n<p><strong>ORAN- Les diff\u00e9rents titres paraissant \u00e0 Oran ont consacr\u00e9 une large place de leur \u00e9dition de samedi \u00e0 l\u2019\u00e9lection du nouveau pr\u00e9sident de la r\u00e9publique, Abdelmadjid Tebboune, \u00e0 l\u2019issue du scrutin du\u00a012 d\u00e9cembre.<\/strong><\/p>\n<\/div>\n<div readability=\"79\">\n<p>\u00ab\u00a0El Djoumhouria \u00a0\u00bb titre en premi\u00e8re page et en caract\u00e8res gras \u00ab\u00a0l\u2019Alg\u00e9rie a r\u00e9ussi \u00a0\u00bb et souligne que \u00ab\u00a0le peuple a r\u00e9pondu \u00e0 l\u2019appel et fait taire les ennemis\u00a0\u00bb .<\/p>\n<p>Dans son \u00e9ditorial intitul\u00e9 \u00ab\u00a0La voix du peuple\u00a0\u00bb , ce titre de la presse publique estime qu\u2019 \u00ab\u00a0en \u00e9lisant son nouveau pr\u00e9sident, le peuple a sign\u00e9 l\u2019av\u00e8nement d\u2019une nouvelle r\u00e9publique, celle \u00e0 laquelle aspirait le Hirak pacifique, n\u00e9 un 22 f\u00e9vrier 2019, revendiquant un changement radical par voie civilisationnelle et pacifique\u00a0\u00bb .<\/p>\n<p>\u00ab\u00a0L\u2019Alg\u00e9rie, son Etat et son peuple veulent vivre, \u00e0 l\u2019instar des autres pays stables, dans la qui\u00e9tude pour garantir \u00e0 ses enfants davantage de progr\u00e8s et faire face \u00e0 toutes les difficult\u00e9s dans un monde impitoyable\u00a0\u00bb, \u00e9crit encore l\u2019\u00e9ditorialiste.<\/p>\n<p>De son c\u00f4t\u00e9, le quotidien \u00ab\u00a0Cap Ouest\u00a0\u00bb\u00a0 consacre sa \u00ab\u00a0une\u00a0\u00bb\u00a0 \u00e0 cet \u00e9v\u00e9nement national avec comme principal titre \u00ab\u00a0Tebboune, pr\u00e9sident de tous les alg\u00e9riens\u00a0\u00bb .<\/p>\n<p>\u00ab\u00a0Abdelmadjid Tebboune est \u00e9lu Pr\u00e9sident de la R\u00e9publique Alg\u00e9rienne, 58,15% des \u00e9lecteurs lui ont fait confiance, votant pour lui. Il est le 8\u00e8me Pr\u00e9sident de l\u2019Alg\u00e9rie et des Alg\u00e9riens, mais il est aussi le 1er\u00a0Pr\u00e9sident de l\u2019Alg\u00e9rie nouvelle \u00ab\u00a0, \u00e9crit le journal dans un \u00e9ditorial intitul\u00e9 \u00a0\u00bb Tebboune, premier pr\u00e9sident de l\u2019Alg\u00e9rie nouvelle\u00a0\u00bb.<\/p>\n<p>\u00ab\u00a0Tebboune est \u00e9lu dans un moment o\u00f9 le pays est en crise o\u00f9 des mains occultes tentent de disloquer une Alg\u00e9rie r\u00e9sistante que nul ne peut diviser. Abdelmadjid Tebboune est le Pr\u00e9sident qui rassemblera les\u00a0Alg\u00e9riens autour d\u2019un seul objectif une Alg\u00e9rie forte et digne, d\u00e9mocratique et prosp\u00e8re\u00a0\u00bb , souligne encore le quotidien oranais.<\/p>\n<p>Les deux journaux tout comme \u00ab\u00a0Ouest Tribune\u00a0\u00bb\u00a0 et \u00ab\u00a0Carrefour d\u2019Alg\u00e9rie\u00a0\u00bb\u00a0 ont \u00e9voqu\u00e9 en pages int\u00e9rieures le d\u00e9roulement du scrutin pr\u00e9sidentiel dans les wilayas de l\u2019Ouest et du Sud Ouest du pays et consacr\u00e9 de larges espaces aux r\u00e9sultats du vote ainsi que les r\u00e9actions des cinq candidats \u00e0 la magistrature supr\u00eame.<\/p>\n<\/div>\n<p>Auteur:<br \/>\n<a href=\"http:\/\/www.aps.dz\/regions\/98941-l-election-d-abdelmadjid-tebboune-a-la-une-de-la-presse-oranaise\">Cliquez ici pour lire l&rsquo;article depuis sa source.<\/a><\/p>\n","protected":false},"excerpt":{"rendered":"<p>ORAN- Les diff\u00e9rents titres paraissant \u00e0 Oran ont consacr\u00e9 une large place de leur \u00e9dition de samedi \u00e0 l\u2019\u00e9lection du nouveau pr\u00e9sident de la r\u00e9publique, Abdelmadjid Tebboune, \u00e0 l\u2019issue du scrutin du\u00a012 d\u00e9cembre. \u00ab\u00a0El Djoumhouria \u00a0\u00bb titre en premi\u00e8re page et en caract\u00e8res gras \u00ab\u00a0l\u2019Alg\u00e9rie a r\u00e9ussi \u00a0\u00bb et souligne que \u00ab\u00a0le peuple a r\u00e9pondu [&hellip;]<\/p>\n","protected":false},"author":1790,"featured_media":0,"comment_status":"closed","ping_status":"closed","sticky":false,"template":"","format":"standard","meta":{"fifu_image_url":"","fifu_image_alt":"","footnotes":""},"categories":[53,76],"tags":[],"class_list":["post-70196","post","type-post","status-publish","format-standard","hentry","category-algerie","category-regions"],"_links":{"self":[{"href":"https:\/\/linitiative.ca\/International\/wp-json\/wp\/v2\/posts\/70196","targetHints":{"allow":["GET"]}}],"collection":[{"href":"https:\/\/linitiative.ca\/International\/wp-json\/wp\/v2\/posts"}],"about":[{"href":"https:\/\/linitiative.ca\/International\/wp-json\/wp\/v2\/types\/post"}],"author":[{"embeddable":true,"href":"https:\/\/linitiative.ca\/International\/wp-json\/wp\/v2\/users\/1790"}],"replies":[{"embeddable":true,"href":"https:\/\/linitiative.ca\/International\/wp-json\/wp\/v2\/comments?post=70196"}],"version-history":[{"count":0,"href":"https:\/\/linitiative.ca\/International\/wp-json\/wp\/v2\/posts\/70196\/revisions"}],"wp:attachment":[{"href":"https:\/\/linitiative.ca\/International\/wp-json\/wp\/v2\/media?parent=70196"}],"wp:term":[{"taxonomy":"category","embeddable":true,"href":"https:\/\/linitiative.ca\/International\/wp-json\/wp\/v2\/categories?post=70196"},{"taxonomy":"post_tag","embeddable":true,"href":"https:\/\/linitiative.ca\/International\/wp-json\/wp\/v2\/tags?post=70196"}],"curies":[{"name":"wp","href":"https:\/\/api.w.org\/{rel}","templated":true}]}}