{"id":70197,"date":"2019-12-14T09:51:34","date_gmt":"2019-12-14T14:51:34","guid":{"rendered":"https:\/\/linitiative.ca\/International\/colloque-international-sur-le-tourisme-innovant-a-oran\/"},"modified":"2019-12-14T09:51:34","modified_gmt":"2019-12-14T14:51:34","slug":"colloque-international-sur-le-tourisme-innovant-a-oran","status":"publish","type":"post","link":"https:\/\/linitiative.ca\/International\/colloque-international-sur-le-tourisme-innovant-a-oran\/","title":{"rendered":"Colloque international sur le tourisme innovant \u00e0 Oran"},"content":{"rendered":"<p><span class=\"sp-nh-title\">Le pr\u00e9sident palestinien f\u00e9licite le pr\u00e9sident de la R\u00e9publique \u00e9lu Abdelmadjid Tebboune<\/span> &#8211; <span class=\"sp-nh-date\">samedi 14 d\u00e9cembre 2019 18:33<\/span><\/p>\n<p><span class=\"sp-nh-title\">Le pr\u00e9sident des EAU f\u00e9licite le pr\u00e9sident \u00e9lu Abdelmadjid Tebboune<\/span> &#8211; <span class=\"sp-nh-date\">samedi 14 d\u00e9cembre 2019 18:28<\/span><\/p>\n<p><span class=\"sp-nh-title\">Des souverains, chefs d&rsquo;Etat et personnalit\u00e9s arabes f\u00e9licitent le pr\u00e9sident \u00e9lu Tebboune<\/span> &#8211; <span class=\"sp-nh-date\">samedi 14 d\u00e9cembre 2019 17:50<\/span><\/p>\n<p><span class=\"sp-nh-title\">Le Serviteur des deux Lieux Saints de l&rsquo;Islam, le Roi Salmane Ben Abdelaziz f\u00e9licite le pr\u00e9sident \u00e9lu Abdelmadjid Tebboune<\/span> &#8211; <span class=\"sp-nh-date\">samedi 14 d\u00e9cembre 2019 17:48<\/span><\/p>\n<p><span class=\"sp-nh-title\">Le pr\u00e9sident tunisien f\u00e9licite le pr\u00e9sident de la R\u00e9publique \u00e9lu Abdelmadjid Tebboune<\/span> &#8211; <span class=\"sp-nh-date\">samedi 14 d\u00e9cembre 2019 17:46<\/span><\/p>\n<p><span class=\"sp-nh-title\">Dialogue national au Mali: r\u00e9formes institutionnelles et s\u00e9curit\u00e9 au centre des d\u00e9bats<\/span> &#8211; <span class=\"sp-nh-date\">samedi 14 d\u00e9cembre 2019 17:36<\/span><\/p>\n<p><span class=\"sp-nh-title\">Ga\u00efd Salah f\u00e9licite le pr\u00e9sident \u00e9lu Tebboune, l&rsquo;homme apte \u00e0 mener l&rsquo;Alg\u00e9rie vers un avenir meilleur<\/span> &#8211; <span class=\"sp-nh-date\">samedi 14 d\u00e9cembre 2019 16:15<\/span><\/p>\n<p><span class=\"sp-nh-title\">Colloque international sur le tourisme innovant \u00e0 Oran<\/span> &#8211; <span class=\"sp-nh-date\">samedi 14 d\u00e9cembre 2019 15:51<\/span><\/p>\n<p><span class=\"sp-nh-title\">Une nouvelle Constitution pour une nouvelle R\u00e9publique (Pr\u00e9sident \u00e9lu )<\/span> &#8211; <span class=\"sp-nh-date\">samedi 14 d\u00e9cembre 2019 15:37<\/span><\/p>\n<p><span class=\"sp-nh-title\">Tebboune plaide pour le dialogue et s&rsquo;engage \u00e0 op\u00e9rer une profonde r\u00e9forme constitutionnelle<\/span> &#8211; <span class=\"sp-nh-date\">samedi 14 d\u00e9cembre 2019 15:12<\/span><\/p>\n<p><span class=\"sp-nh-title\">L&rsquo;ONU r\u00e9affirme ses responsabilit\u00e9s envers le peuple sahraoui et son droit inali\u00e9nable \u00e0 l&rsquo;autod\u00e9termination<\/span> &#8211; <span class=\"sp-nh-date\">samedi 14 d\u00e9cembre 2019 14:53<\/span><\/p>\n<p><span class=\"sp-nh-title\">Lutte contre la contrebande : 5 individus arr\u00eat\u00e9s au sud du pays \u00a0<\/span> &#8211; <span class=\"sp-nh-date\">samedi 14 d\u00e9cembre 2019 13:53<\/span><\/p>\n<p><span class=\"sp-nh-title\">Le pr\u00e9sident \u00e9lu Tebboune s&rsquo;engage \u00e0 lutter rigoureusement contre la corruption\u00a0<\/span> &#8211; <span class=\"sp-nh-date\">samedi 14 d\u00e9cembre 2019 13:35<\/span><\/p>\n<p><span class=\"sp-nh-title\">Mers Eddadjadj \u00e0 Zemmouri Marine: un site arch\u00e9ologique \u00e0 revaloriser \u00a0<\/span> &#8211; <span class=\"sp-nh-date\">samedi 14 d\u00e9cembre 2019 13:21<\/span><\/p>\n<p><span class=\"sp-nh-title\">Le gouvernement espagnol f\u00e9licite le pr\u00e9sident \u00e9lu Abdelmadjid Tebboune \u00a0<\/span> &#8211; <span class=\"sp-nh-date\">samedi 14 d\u00e9cembre 2019 12:54<\/span><\/p>\n<p><span class=\"sp-nh-title\">Hydrocarbures: publication de trois d\u00e9crets pr\u00e9sidentiels validant des contrats d&rsquo;exploitation (JO)<\/span> &#8211; <span class=\"sp-nh-date\">samedi 14 d\u00e9cembre 2019 12:15<\/span><\/p>\n<p><span class=\"sp-nh-title\">Les Etats-Unis f\u00e9licitent l&rsquo;Alg\u00e9rie et souhaitent travailler avec le pr\u00e9sident \u00e9lu\u00a0<\/span> &#8211; <span class=\"sp-nh-date\">samedi 14 d\u00e9cembre 2019 11:14<\/span><\/p>\n<p><span class=\"sp-nh-title\">L\u2019\u00e9lection d\u2019Abdelmadjid Tebboune \u00e0 la une de la presse oranaise<\/span> &#8211; <span class=\"sp-nh-date\">samedi 14 d\u00e9cembre 2019 11:07<\/span><\/p>\n<p><span class=\"sp-nh-title\">L\u2019Alg\u00e9rie franchit une nouvelle \u00e8re empreinte d\u2019optimisme et d\u2019espoir<\/span> &#8211; <span class=\"sp-nh-date\">samedi 14 d\u00e9cembre 2019 11:03<\/span><\/p>\n<p><span class=\"sp-nh-title\">Presse nationale: l&rsquo;\u00e9lection de Tebboune une victoire de l&rsquo;Alg\u00e9rie et du peuple . \u00a0<\/span> &#8211; <span class=\"sp-nh-date\">samedi 14 d\u00e9cembre 2019 10:01<\/span><\/p>\n<p>Auteur:<br \/>\n<a href=\"http:\/\/www.aps.dz\/regions\/98953-colloque-international-sur-le-tourisme-innovant-dimanche-a-oran\">Cliquez ici pour lire l&rsquo;article depuis sa source.<\/a><\/p>\n","protected":false},"excerpt":{"rendered":"<p>Le pr\u00e9sident palestinien f\u00e9licite le pr\u00e9sident de la R\u00e9publique \u00e9lu Abdelmadjid Tebboune &#8211; samedi 14 d\u00e9cembre 2019 18:33 Le pr\u00e9sident des EAU f\u00e9licite le pr\u00e9sident \u00e9lu Abdelmadjid Tebboune &#8211; samedi 14 d\u00e9cembre 2019 18:28 Des souverains, chefs d&rsquo;Etat et personnalit\u00e9s arabes f\u00e9licitent le pr\u00e9sident \u00e9lu Tebboune &#8211; samedi 14 d\u00e9cembre 2019 17:50 Le Serviteur des [&hellip;]<\/p>\n","protected":false},"author":1790,"featured_media":0,"comment_status":"closed","ping_status":"closed","sticky":false,"template":"","format":"standard","meta":{"fifu_image_url":"","fifu_image_alt":"","footnotes":""},"categories":[53,76],"tags":[],"class_list":["post-70197","post","type-post","status-publish","format-standard","hentry","category-algerie","category-regions"],"_links":{"self":[{"href":"https:\/\/linitiative.ca\/International\/wp-json\/wp\/v2\/posts\/70197","targetHints":{"allow":["GET"]}}],"collection":[{"href":"https:\/\/linitiative.ca\/International\/wp-json\/wp\/v2\/posts"}],"about":[{"href":"https:\/\/linitiative.ca\/International\/wp-json\/wp\/v2\/types\/post"}],"author":[{"embeddable":true,"href":"https:\/\/linitiative.ca\/International\/wp-json\/wp\/v2\/users\/1790"}],"replies":[{"embeddable":true,"href":"https:\/\/linitiative.ca\/International\/wp-json\/wp\/v2\/comments?post=70197"}],"version-history":[{"count":0,"href":"https:\/\/linitiative.ca\/International\/wp-json\/wp\/v2\/posts\/70197\/revisions"}],"wp:attachment":[{"href":"https:\/\/linitiative.ca\/International\/wp-json\/wp\/v2\/media?parent=70197"}],"wp:term":[{"taxonomy":"category","embeddable":true,"href":"https:\/\/linitiative.ca\/International\/wp-json\/wp\/v2\/categories?post=70197"},{"taxonomy":"post_tag","embeddable":true,"href":"https:\/\/linitiative.ca\/International\/wp-json\/wp\/v2\/tags?post=70197"}],"curies":[{"name":"wp","href":"https:\/\/api.w.org\/{rel}","templated":true}]}}