{"id":70198,"date":"2019-12-13T17:38:50","date_gmt":"2019-12-13T22:38:50","guid":{"rendered":"https:\/\/linitiative.ca\/International\/province-de-taourirt-akhannouch-visite-des-projets-agricoles\/"},"modified":"2019-12-13T17:38:50","modified_gmt":"2019-12-13T22:38:50","slug":"province-de-taourirt-akhannouch-visite-des-projets-agricoles","status":"publish","type":"post","link":"https:\/\/linitiative.ca\/International\/province-de-taourirt-akhannouch-visite-des-projets-agricoles\/","title":{"rendered":"Province de Taourirt: Akhannouch visite des projets agricoles"},"content":{"rendered":"<p class=\"c4\">Le ministre de l\u2019Agriculture, de la P\u00eache maritime, du D\u00e9veloppement rural et des Eaux et For\u00eats, Aziz Akhannouch, a effectu\u00e9, vendredi, des visites de terrain pour s\u2019enqu\u00e9rir de projets agricoles au niveau de la province de Taourirt.<\/p>\n<p class=\"c4\">Le premier projet porte sur le lancement des travaux de reconversion de c\u00e9r\u00e9aliculture en amandier et en olivier sur une superficie de 3.100 ha, dont 2.950 ha d\u2019amandier et 150 ha d\u2019olivier, pour un montant de 43,5 millions de dirhams.<\/p>\n<p class=\"c4\">S\u2019inscrivant dans le cadre du pilier II du Plan Maroc Vert, ce projet vise le d\u00e9veloppement des fili\u00e8res amandier et olivier, l\u2019am\u00e9lioration des revenus des agriculteurs et la cr\u00e9ation d\u2019emplois.<\/p>\n<p class=\"c4\">Par la m\u00eame occasion, le ministre qui \u00e9tait accompagn\u00e9 notamment du gouverneur de la province de Taourirt, Larbi Touijer, de responsables du minist\u00e8re et d\u2019autres personnalit\u00e9s, a suivi des explications sur le programme de d\u00e9veloppement de la fili\u00e8re ol\u00e9icole dans la r\u00e9gion de l\u2019Oriental.<\/p>\n<p class=\"c4\">La fili\u00e8re ol\u00e9icole au niveau de l\u2019oriental est parmi les fili\u00e8res v\u00e9g\u00e9tales les plus importantes en termes de superficie de production et de cr\u00e9ation d\u2019emploi. Elle repr\u00e9sente pr\u00e8s de 11% de la superficie ol\u00e9icole nationale.<\/p>\n<p class=\"c4\">La superficie ol\u00e9icole totale est de 118.000 ha dont 87.000 ha productifs (campagne 2018-2019). Depuis le lancement du Plan Agricole R\u00e9gional, le rythme d\u2019extension a \u00e9t\u00e9 multipli\u00e9 par deux, passant de 2.000 ha\/an \u00e0 4.000 ha\/an.<\/p>\n<p class=\"c4\">La production ol\u00e9icole est pass\u00e9e de 103.000 tonnes en 2008 \u00e0 192.000 tonnes en 2018, gr\u00e2ce \u00e0 l\u2019entr\u00e9e en production des plantations ol\u00e9icoles r\u00e9alis\u00e9es dans le cadre des projets Pilier II du Plan Maroc Vert et \u00e0 l\u2019am\u00e9lioration de la conduite technique des vergers, alors que la capacit\u00e9 de transformation est pass\u00e9e de 62.000 tonnes en 2008 \u00e0 86.000 tonnes en 2018, soit une progression de 38%.<\/p>\n<p class=\"c4\">Depuis le lancement du Plan Agricole R\u00e9gional (PAR) de l\u2019Oriental, 33 projets de d\u00e9veloppement de l\u2019olivier ont \u00e9t\u00e9 lanc\u00e9s sur une superficie de 44.000 ha, avec un investissement \u00e0 terme de 670 MDH au profit de 19.100 b\u00e9n\u00e9ficiaires.<\/p>\n<p class=\"c4\">Le chiffre d\u2019affaires de la fili\u00e8re est pass\u00e9 de 500 MDH en 2008 \u00e0 pr\u00e8s de 1,15 MMDH en 2018, soit une progression de +130%, et la valeur ajout\u00e9e a progress\u00e9 de +122%, passant de 382 MDH en 2008 \u00e0 plus de 850 MDH en 2018. En mati\u00e8re d\u2019emploi, la fili\u00e8re a g\u00e9n\u00e9r\u00e9 4 millions de journ\u00e9es de travail\/an, soit pr\u00e8s de 31 % de la main d\u2019\u0153uvre employ\u00e9e en production v\u00e9g\u00e9tale \u00e0 l\u2019\u00e9chelle de la r\u00e9gion.<\/p>\n<p><img class=\"wp-image-16562 aligncenter\" data-src=\"http:\/\/www.mapoujda.ma\/map\/uploads\/2019\/12\/Akhanouach-visite-une-unit\u00e9-de-trituration-des-olives-M750\u00d7430-MAP.jpg\" alt=\"\" width=\"576\" height=\"330\" srcset=\"http:\/\/www.mapoujda.ma\/map\/uploads\/2019\/12\/Akhanouach-visite-une-unit\u00e9-de-trituration-des-olives-M750\u00d7430-MAP.jpg 750w, http:\/\/www.mapoujda.ma\/map\/uploads\/2019\/12\/Akhanouach-visite-une-unit\u00e9-de-trituration-des-olives-M750\u00d7430-MAP-300x172.jpg 300w\" sizes=\"(max-width: 576px) 100vw, 576px\"\/><\/p>\n<p class=\"c4\">La R\u00e9gion dispose de 357 unit\u00e9s de trituration des olives (13% modernes) d\u2019une capacit\u00e9 de 45.500 T\/an et 10 unit\u00e9s de conservation d\u2019une capacit\u00e9 de 27.000 T\/an et au programme 2020, la mise en place de 4 unit\u00e9s de valorisation.<\/p>\n<p class=\"c4\">Le deuxi\u00e8me projet visit\u00e9 par M. Akhannouch et la d\u00e9l\u00e9gation l\u2019accompagnant concerne l\u2019inauguration d\u2019une unit\u00e9 int\u00e9gr\u00e9e de conditionnement de piment cerise \u00e0 Taourirt.<\/p>\n<p class=\"c4\">Etal\u00e9e sur une superficie de plus de 9 hectares, cette structure a n\u00e9cessit\u00e9 un montant d\u2019investissement de l\u2019ordre de 29,5 millions de dirhams.<\/p>\n<p class=\"c4\">L\u2019unit\u00e9 int\u00e9gr\u00e9e comporte une unit\u00e9 de traitement, une unit\u00e9 de conditionnement, 4 unit\u00e9s d\u2019emballage, des unit\u00e9s de stockage, de maintenance et autres d\u00e9pendances. Ce projet devrait permettre de cr\u00e9er 45 emplois permanents et 300 emplois saisonniers.<\/p>\n<p class=\"c4\">Ces visites ont \u00e9t\u00e9 effectu\u00e9es en marge de l\u2019ouverture de la premi\u00e8re \u00e9dition du Salon de l\u2019industrie de transformation de l\u2019olive \u00e0 Taourirt.<\/p>\n<p class=\"c4\">Le salon, qui se poursuivra jusqu\u2019au 17 d\u00e9cembre, vise \u00e0 renforcer la chaine de valeur agricole de la fili\u00e8re ol\u00e9icole en tant que vecteur de d\u00e9veloppement \u00e9conomique et de promotion de l\u2019emploi.<\/p>\n<p class=\"c4\">Occupant une superficie de 2.600 m\u00b2, le salon conna\u00eet la participation de plus de 100 exposants dont pr\u00e8s de 80 coop\u00e9ratives et Groupements d\u2019int\u00e9r\u00eat \u00e9conomique (GIE) d\u2019huile d\u2019olive et olives de table et de produits de terroir.<\/p>\n<p class=\"c4\">En marge de ce Salon seront tenus des ateliers de r\u00e9flexions et des tables rondes pour le conseil et l\u2019assistance aux agriculteurs dans l\u2019esplanade r\u00e9serv\u00e9e \u00e0 cet effet, limitrophe de l\u2019aire d\u2019exposition et d\u2019une superficie de 600 m\u00e8tres carr\u00e9s, enti\u00e8rement \u00e9quip\u00e9e et fonctionnelle.<\/p>\n<p class=\"c4\">Au programme aussi un atelier technique pour la d\u00e9gustation de l\u2019huile d\u2019olive, l\u2019un des principaux produits \u00e0 forte valeur ajout\u00e9e de la r\u00e9gion, qui sera cl\u00f4tur\u00e9 par la remise du prix de la meilleure huile.<\/p>\n<p>Auteur: Soufiane ELAHMAR<br \/>\n<a href=\"http:\/\/www.mapoujda.ma\/fr\/province-de-taourirt-akhannouch-visite-des-projets-agricoles\/\">Cliquez ici pour lire l&rsquo;article depuis sa source.<\/a><\/p>\n","protected":false},"excerpt":{"rendered":"<p>Le ministre de l\u2019Agriculture, de la P\u00eache maritime, du D\u00e9veloppement rural et des Eaux et For\u00eats, Aziz Akhannouch, a effectu\u00e9, vendredi, des visites de terrain pour s\u2019enqu\u00e9rir de projets agricoles au niveau de la province de Taourirt. Le premier projet porte sur le lancement des travaux de reconversion de c\u00e9r\u00e9aliculture en amandier et en olivier [&hellip;]<\/p>\n","protected":false},"author":1788,"featured_media":70199,"comment_status":"closed","ping_status":"closed","sticky":false,"template":"","format":"standard","meta":{"fifu_image_url":"","fifu_image_alt":"","footnotes":""},"categories":[54,76],"tags":[],"class_list":["post-70198","post","type-post","status-publish","format-standard","has-post-thumbnail","hentry","category-maroc","category-regions"],"_links":{"self":[{"href":"https:\/\/linitiative.ca\/International\/wp-json\/wp\/v2\/posts\/70198","targetHints":{"allow":["GET"]}}],"collection":[{"href":"https:\/\/linitiative.ca\/International\/wp-json\/wp\/v2\/posts"}],"about":[{"href":"https:\/\/linitiative.ca\/International\/wp-json\/wp\/v2\/types\/post"}],"author":[{"embeddable":true,"href":"https:\/\/linitiative.ca\/International\/wp-json\/wp\/v2\/users\/1788"}],"replies":[{"embeddable":true,"href":"https:\/\/linitiative.ca\/International\/wp-json\/wp\/v2\/comments?post=70198"}],"version-history":[{"count":0,"href":"https:\/\/linitiative.ca\/International\/wp-json\/wp\/v2\/posts\/70198\/revisions"}],"wp:featuredmedia":[{"embeddable":true,"href":"https:\/\/linitiative.ca\/International\/wp-json\/"}],"wp:attachment":[{"href":"https:\/\/linitiative.ca\/International\/wp-json\/wp\/v2\/media?parent=70198"}],"wp:term":[{"taxonomy":"category","embeddable":true,"href":"https:\/\/linitiative.ca\/International\/wp-json\/wp\/v2\/categories?post=70198"},{"taxonomy":"post_tag","embeddable":true,"href":"https:\/\/linitiative.ca\/International\/wp-json\/wp\/v2\/tags?post=70198"}],"curies":[{"name":"wp","href":"https:\/\/api.w.org\/{rel}","templated":true}]}}