{"id":70204,"date":"2019-12-14T15:13:58","date_gmt":"2019-12-14T20:13:58","guid":{"rendered":"https:\/\/linitiative.ca\/International\/pros-belle-premiere-pour-boutoutaou-en-ligue-2\/"},"modified":"2019-12-14T15:13:58","modified_gmt":"2019-12-14T20:13:58","slug":"pros-belle-premiere-pour-boutoutaou-en-ligue-2","status":"publish","type":"post","link":"https:\/\/linitiative.ca\/International\/pros-belle-premiere-pour-boutoutaou-en-ligue-2\/","title":{"rendered":"Pros : Belle premi\u00e8re pour Boutoutaou en Ligue 2"},"content":{"rendered":"<div readability=\"32\">\n<p>Auteur : <span>Moumen A.<\/span> <span class=\"time\">samedi 14 d\u00e9cembre 2019 17:41<\/span><\/p>\n<\/div>\n<div id=\"post_core\" readability=\"44\">\n<p>L\u2019autre joueur alg\u00e9rien de Valenciennes FC, Aymen Boutoutaou a sign\u00e9 sa premi\u00e8re apparition \u00a0en Ligue 2 fran\u00e7aise avec l\u2019\u00e9quipe professionnelle, vendredi soir contre le Paris FC. Retenu dans la liste des 18 joueurs concern\u00e9s par cette rencontre, Aymen qui avait marqu\u00e9 son premier but en Coupe de France il y a quelques jours, a \u00e9t\u00e9 intronis\u00e9 par son entraineur\u00a0 \u00e0 la\u00a074\u2019 de jeu. Son entr\u00e9e a ramen\u00e9 le plus escompt\u00e9 puisque ce jeune espoir \u00a0de 18 ans, qui a montr\u00e9 son\u00a0 d\u00e9sir de porter le maillot alg\u00e9rien, dans une interview accord\u00e9e au Buteur, a r\u00e9ussi \u00e0 d\u00e9s\u00e9quilibrer la d\u00e9fense parisienne regroup\u00e9e \u00a0derri\u00e8re.\u00a0Boutoutaou s&rsquo;entraine avec le groupe Professionnel apr\u00e8s avoir fait ses preuves avec la r\u00e9serve;\u00a0<\/p>\n<p><strong>\u00a0Moumen A.\u00a0<\/strong><\/p>\n<p><strong>Publi\u00e9 dans :<\/strong> <span>djamel belmadi<\/span> <span>Aymen Boutoutaou<\/span><\/p>\n<\/div>\n<p>Auteur:<br \/>\n<a href=\"http:\/\/www.lebuteur.com\/article\/detail?titre=belle-premiere-pour-boutoutaou-en-ligue-2&#038;id=93568&#038;utm_source=feedburner&#038;utm_medium=feed&#038;utm_campaign=Feed%3A+GalerieFArtciles+%28Les+derniers+articles++-+lebuteur.com%29\">Cliquez ici pour lire l&rsquo;article depuis sa source.<\/a><\/p>\n","protected":false},"excerpt":{"rendered":"<p>Auteur : Moumen A. samedi 14 d\u00e9cembre 2019 17:41 L\u2019autre joueur alg\u00e9rien de Valenciennes FC, Aymen Boutoutaou a sign\u00e9 sa premi\u00e8re apparition \u00a0en Ligue 2 fran\u00e7aise avec l\u2019\u00e9quipe professionnelle, vendredi soir contre le Paris FC. Retenu dans la liste des 18 joueurs concern\u00e9s par cette rencontre, Aymen qui avait marqu\u00e9 son premier but en Coupe [&hellip;]<\/p>\n","protected":false},"author":1738,"featured_media":70205,"comment_status":"closed","ping_status":"closed","sticky":false,"template":"","format":"standard","meta":{"fifu_image_url":"","fifu_image_alt":"","footnotes":""},"categories":[53,75],"tags":[],"class_list":["post-70204","post","type-post","status-publish","format-standard","has-post-thumbnail","hentry","category-algerie","category-sport"],"_links":{"self":[{"href":"https:\/\/linitiative.ca\/International\/wp-json\/wp\/v2\/posts\/70204","targetHints":{"allow":["GET"]}}],"collection":[{"href":"https:\/\/linitiative.ca\/International\/wp-json\/wp\/v2\/posts"}],"about":[{"href":"https:\/\/linitiative.ca\/International\/wp-json\/wp\/v2\/types\/post"}],"author":[{"embeddable":true,"href":"https:\/\/linitiative.ca\/International\/wp-json\/wp\/v2\/users\/1738"}],"replies":[{"embeddable":true,"href":"https:\/\/linitiative.ca\/International\/wp-json\/wp\/v2\/comments?post=70204"}],"version-history":[{"count":0,"href":"https:\/\/linitiative.ca\/International\/wp-json\/wp\/v2\/posts\/70204\/revisions"}],"wp:featuredmedia":[{"embeddable":true,"href":"https:\/\/linitiative.ca\/International\/wp-json\/"}],"wp:attachment":[{"href":"https:\/\/linitiative.ca\/International\/wp-json\/wp\/v2\/media?parent=70204"}],"wp:term":[{"taxonomy":"category","embeddable":true,"href":"https:\/\/linitiative.ca\/International\/wp-json\/wp\/v2\/categories?post=70204"},{"taxonomy":"post_tag","embeddable":true,"href":"https:\/\/linitiative.ca\/International\/wp-json\/wp\/v2\/tags?post=70204"}],"curies":[{"name":"wp","href":"https:\/\/api.w.org\/{rel}","templated":true}]}}