{"id":70206,"date":"2019-12-14T15:14:01","date_gmt":"2019-12-14T20:14:01","guid":{"rendered":"https:\/\/linitiative.ca\/International\/pros-naples-ghoulam-aurait-pris-une-decision-pour-son-avenir\/"},"modified":"2019-12-14T15:14:01","modified_gmt":"2019-12-14T20:14:01","slug":"pros-naples-ghoulam-aurait-pris-une-decision-pour-son-avenir","status":"publish","type":"post","link":"https:\/\/linitiative.ca\/International\/pros-naples-ghoulam-aurait-pris-une-decision-pour-son-avenir\/","title":{"rendered":"Pros : Naples : Ghoulam aurait pris une d\u00e9cision pour son avenir"},"content":{"rendered":"<div readability=\"32\">\n<p>Auteur : <span class=\"time\">samedi 14 d\u00e9cembre 2019 18:54<\/span><\/p>\n<\/div>\n<div id=\"post_core\" readability=\"41\">\n<p>Alors que Faouzi Ghoulam est de nouveau absent de l&rsquo;\u00e9quipe qui affronte Parme ce samedi pour ce qui est la premi\u00e8re composition de Gennaro Gattuso depuis son arriv\u00e9e, des articles de presse en Italie expliquent que l&rsquo;international alg\u00e9rien aurait l&rsquo;intention de quitter le Napoli lors du mercato hivernal.<\/p>\n<p>Toujours selon la presse italienne, l&rsquo;arri\u00e8re gauche de 28 ans ne figurerait pas dans les plans du nouveau staff technique du club italien. Une donn\u00e9e qui aurait pouss\u00e9 Ghoulam \u00e0 se chercher une porte de sortie le plus t\u00f4t possible.<\/p>\n<p><strong>Publi\u00e9 dans :<\/strong> <span>ghoulam<\/span><\/p>\n<\/div>\n<p>Auteur:<br \/>\n<a href=\"http:\/\/www.lebuteur.com\/article\/detail?titre=naples-ghoulam-aurait-pris-une-decision-pour-son-avenir&#038;id=93569&#038;utm_source=feedburner&#038;utm_medium=feed&#038;utm_campaign=Feed%3A+GalerieFArtciles+%28Les+derniers+articles++-+lebuteur.com%29\">Cliquez ici pour lire l&rsquo;article depuis sa source.<\/a><\/p>\n","protected":false},"excerpt":{"rendered":"<p>Auteur : samedi 14 d\u00e9cembre 2019 18:54 Alors que Faouzi Ghoulam est de nouveau absent de l&rsquo;\u00e9quipe qui affronte Parme ce samedi pour ce qui est la premi\u00e8re composition de Gennaro Gattuso depuis son arriv\u00e9e, des articles de presse en Italie expliquent que l&rsquo;international alg\u00e9rien aurait l&rsquo;intention de quitter le Napoli lors du mercato hivernal. [&hellip;]<\/p>\n","protected":false},"author":1738,"featured_media":70207,"comment_status":"closed","ping_status":"closed","sticky":false,"template":"","format":"standard","meta":{"fifu_image_url":"","fifu_image_alt":"","footnotes":""},"categories":[53,75],"tags":[],"class_list":["post-70206","post","type-post","status-publish","format-standard","has-post-thumbnail","hentry","category-algerie","category-sport"],"_links":{"self":[{"href":"https:\/\/linitiative.ca\/International\/wp-json\/wp\/v2\/posts\/70206","targetHints":{"allow":["GET"]}}],"collection":[{"href":"https:\/\/linitiative.ca\/International\/wp-json\/wp\/v2\/posts"}],"about":[{"href":"https:\/\/linitiative.ca\/International\/wp-json\/wp\/v2\/types\/post"}],"author":[{"embeddable":true,"href":"https:\/\/linitiative.ca\/International\/wp-json\/wp\/v2\/users\/1738"}],"replies":[{"embeddable":true,"href":"https:\/\/linitiative.ca\/International\/wp-json\/wp\/v2\/comments?post=70206"}],"version-history":[{"count":0,"href":"https:\/\/linitiative.ca\/International\/wp-json\/wp\/v2\/posts\/70206\/revisions"}],"wp:featuredmedia":[{"embeddable":true,"href":"https:\/\/linitiative.ca\/International\/wp-json\/"}],"wp:attachment":[{"href":"https:\/\/linitiative.ca\/International\/wp-json\/wp\/v2\/media?parent=70206"}],"wp:term":[{"taxonomy":"category","embeddable":true,"href":"https:\/\/linitiative.ca\/International\/wp-json\/wp\/v2\/categories?post=70206"},{"taxonomy":"post_tag","embeddable":true,"href":"https:\/\/linitiative.ca\/International\/wp-json\/wp\/v2\/tags?post=70206"}],"curies":[{"name":"wp","href":"https:\/\/api.w.org\/{rel}","templated":true}]}}