{"id":70208,"date":"2019-12-14T15:14:03","date_gmt":"2019-12-14T20:14:03","guid":{"rendered":"https:\/\/linitiative.ca\/International\/pros-le-beau-geste-des-joueurs-nicois-pour-youcef-atal-photos\/"},"modified":"2019-12-14T15:14:03","modified_gmt":"2019-12-14T20:14:03","slug":"pros-le-beau-geste-des-joueurs-nicois-pour-youcef-atal-photos","status":"publish","type":"post","link":"https:\/\/linitiative.ca\/International\/pros-le-beau-geste-des-joueurs-nicois-pour-youcef-atal-photos\/","title":{"rendered":"Pros : Le beau geste des joueurs ni\u00e7ois pour Youcef Atal (Photos)"},"content":{"rendered":"<div readability=\"32\">\n<p>Auteur : <span class=\"time\">samedi 14 d\u00e9cembre 2019 20:11<\/span><\/p>\n<\/div>\n<div id=\"post_core\" readability=\"36\">\n<p>Avec un maillot sp\u00e9cial arbor\u00e9 pendant l&rsquo;\u00e9chauffement, et floqu\u00e9 au nom et au num\u00e9ro 20 port\u00e9 habituellement par l&rsquo;international alg\u00e9rien. Une belle pens\u00e9e pour le joueur victime d&rsquo;une l\u00e9sion au m\u00e9nisque contre Metz (4-1) samedi dernier, et absent pour plusieurs mois :<\/p>\n<p><img decoding=\"async\" alt=\"\" src=\"https:\/\/pbs.twimg.com\/media\/ELxIovKWwAA8K5h.jpg\" class=\"c1\"\/><\/p>\n<p><img decoding=\"async\" alt=\"\" src=\"https:\/\/pbs.twimg.com\/media\/ELxIovKWoAIln-a.jpg\" class=\"c1\"\/><\/p>\n<p><strong>Publi\u00e9 dans :<\/strong> <span>Nice<\/span><\/p>\n<\/div>\n<p>Auteur:<br \/>\n<a href=\"http:\/\/www.lebuteur.com\/article\/detail?titre=le-beau-geste-des-joueurs-nicois-pour-youcef-atal-photos&#038;id=93570&#038;utm_source=feedburner&#038;utm_medium=feed&#038;utm_campaign=Feed%3A+GalerieFArtciles+%28Les+derniers+articles++-+lebuteur.com%29\">Cliquez ici pour lire l&rsquo;article depuis sa source.<\/a><\/p>\n","protected":false},"excerpt":{"rendered":"<p>Auteur : samedi 14 d\u00e9cembre 2019 20:11 Avec un maillot sp\u00e9cial arbor\u00e9 pendant l&rsquo;\u00e9chauffement, et floqu\u00e9 au nom et au num\u00e9ro 20 port\u00e9 habituellement par l&rsquo;international alg\u00e9rien. Une belle pens\u00e9e pour le joueur victime d&rsquo;une l\u00e9sion au m\u00e9nisque contre Metz (4-1) samedi dernier, et absent pour plusieurs mois : Publi\u00e9 dans : Nice Auteur: Cliquez [&hellip;]<\/p>\n","protected":false},"author":1738,"featured_media":70209,"comment_status":"closed","ping_status":"closed","sticky":false,"template":"","format":"standard","meta":{"fifu_image_url":"","fifu_image_alt":"","footnotes":""},"categories":[53,75],"tags":[],"class_list":["post-70208","post","type-post","status-publish","format-standard","has-post-thumbnail","hentry","category-algerie","category-sport"],"_links":{"self":[{"href":"https:\/\/linitiative.ca\/International\/wp-json\/wp\/v2\/posts\/70208","targetHints":{"allow":["GET"]}}],"collection":[{"href":"https:\/\/linitiative.ca\/International\/wp-json\/wp\/v2\/posts"}],"about":[{"href":"https:\/\/linitiative.ca\/International\/wp-json\/wp\/v2\/types\/post"}],"author":[{"embeddable":true,"href":"https:\/\/linitiative.ca\/International\/wp-json\/wp\/v2\/users\/1738"}],"replies":[{"embeddable":true,"href":"https:\/\/linitiative.ca\/International\/wp-json\/wp\/v2\/comments?post=70208"}],"version-history":[{"count":0,"href":"https:\/\/linitiative.ca\/International\/wp-json\/wp\/v2\/posts\/70208\/revisions"}],"wp:featuredmedia":[{"embeddable":true,"href":"https:\/\/linitiative.ca\/International\/wp-json\/"}],"wp:attachment":[{"href":"https:\/\/linitiative.ca\/International\/wp-json\/wp\/v2\/media?parent=70208"}],"wp:term":[{"taxonomy":"category","embeddable":true,"href":"https:\/\/linitiative.ca\/International\/wp-json\/wp\/v2\/categories?post=70208"},{"taxonomy":"post_tag","embeddable":true,"href":"https:\/\/linitiative.ca\/International\/wp-json\/wp\/v2\/tags?post=70208"}],"curies":[{"name":"wp","href":"https:\/\/api.w.org\/{rel}","templated":true}]}}