{"id":70213,"date":"2019-12-14T15:19:07","date_gmt":"2019-12-14T20:19:07","guid":{"rendered":"https:\/\/linitiative.ca\/International\/il-plaide-pour-le-dialogue-et-de-profondes-reformes-m-tebboune-tend-la-main-au-hirak\/"},"modified":"2019-12-14T15:19:07","modified_gmt":"2019-12-14T20:19:07","slug":"il-plaide-pour-le-dialogue-et-de-profondes-reformes-m-tebboune-tend-la-main-au-hirak","status":"publish","type":"post","link":"https:\/\/linitiative.ca\/International\/il-plaide-pour-le-dialogue-et-de-profondes-reformes-m-tebboune-tend-la-main-au-hirak\/","title":{"rendered":"Il plaide pour le dialogue et de profondes r\u00e9formes : M. Tebboune tend la main au hirak"},"content":{"rendered":"<p><strong>Manifestement, le nouveau Pr\u00e9sident \u00e9lu, M. Abdelmadjid Tebboune, ouvre grandement la voie \u00e0 une concertation inclusive\u00a0 avec le mouvement citoyen, qu\u2019il qualifie de \u00abHirak b\u00e9ni\u00bb.<\/strong><\/p>\n<p>\u00abJe m&rsquo;adresse directement au Hirak, pour lui tendre la main afin d&rsquo;amorcer un dialogue s\u00e9rieux au service de l&rsquo;Alg\u00e9rie et seulement l&rsquo;Alg\u00e9rie\u00bb, a-t-il d\u00e9clar\u00e9, lors d&rsquo;une conf\u00e9rence de presse, tenue apr\u00e8s l&rsquo;annonce des r\u00e9sultats de l&rsquo;\u00e9lection pr\u00e9sidentielle.<br \/>Il estime que le Hirak, qui a permis l&rsquo;\u00e9mergence de plusieurs m\u00e9canismes, \u00e0 l&rsquo;instar de l&rsquo;Autorit\u00e9 nationale ind\u00e9pendante des \u00e9lections (ANIE), \u00aba remis l&rsquo;Alg\u00e9rie sur les rails de la l\u00e9gitimit\u00e9, la pr\u00e9servant ainsi de l&rsquo;aventurisme et des man\u0153uvres qui ont failli torpiller le peuple alg\u00e9rien\u00bb, promettant d&rsquo;\u0153uvrer \u00e0 \u00abrendre justice \u00e0 toutes les victimes de la Issaba (bande criminelle)\u00bb. \u00abIl est temps de concr\u00e9tiser les engagements pris, lors de la campagne \u00e9lectorale, sans aucune exclusion ou marginalisation, ni intention de vengeance\u00bb, a-t-il soutenu, soulignant qu&rsquo;il \u0153uvrerait avec \u00abtoutes les parties pour tourner la page du pass\u00e9 et aller vers une Nouvelle R\u00e9publique, avec un esprit nouveau et une nouvelle approche\u00bb. Le Pr\u00e9sident \u00e9lu a saisi cette occasion pour rendre hommage \u00e0 l&rsquo;Arm\u00e9e nationale populaire (ANP), \u00abdigne h\u00e9riti\u00e8re de l&rsquo;Arm\u00e9e de lib\u00e9ration nationale (ALN), et \u00e0 son Haut Commandement\u00bb, en particulier le g\u00e9n\u00e9ral de Corps d&rsquo;Arm\u00e9e, Ahmed Ga\u00efd Salah, vice-ministre de la D\u00e9fense nationale, chef d&rsquo;\u00c9tat-major de l&rsquo;ANP, ainsi qu&rsquo;aux autres corps de s\u00e9curit\u00e9, qui ont \u00abg\u00e9r\u00e9 la situation avec sagesse et clairvoyance, et veill\u00e9 \u00e0 la protection absolue du Hirak\u00bb.<\/p>\n<p><strong>Op\u00e9rer une profonde r\u00e9forme de la Constitution<\/strong><\/p>\n<p>Partant de l\u00e0, M. Tebboune a affirm\u00e9 que sa priorit\u00e9, sur le plan politique, en tant que Pr\u00e9sident, consistera \u00e0 op\u00e9rer une \u00abprofonde r\u00e9forme\u00bb de la Constitution, \u00e0 laquelle seront associ\u00e9s des universitaires, des intellectuels, des sp\u00e9cialistes et des membres de la communaut\u00e9 nationale \u00e9tablie \u00e0 l&rsquo;\u00e9tranger. Parmi les autres priorit\u00e9s, figure \u00e9galement \u00abla r\u00e9vision de la loi \u00e9lectorale\u00bb, a-t-il ajout\u00e9, en affirmant qu&rsquo;il n&rsquo;avait pas \u00abl&rsquo;intention de cr\u00e9er un parti politique\u00bb.<br \/>\u00c9voquant le dossier de la politique ext\u00e9rieure du pays, Abdelmadjid Tebboune a dit \u00eatre \u00abtr\u00e8s sensible lorsqu&rsquo;il est question de souverainet\u00e9 nationale\u00bb, soulignant que \u00abnul ne peut pr\u00e9tendre avoir de tutelle sur l&rsquo;Alg\u00e9rie\u00bb.\u00a0 Interrog\u00e9 sur les relations avec le Maroc et le dossier de la fronti\u00e8re, ferm\u00e9e depuis 1994, le pr\u00e9sident de la R\u00e9publique a qualifi\u00e9 ce dossier d&rsquo;\u00abextr\u00eamement sensible\u00bb.\u00a0\u00a0 \u00abDes circonstances ont conduit \u00e0 cette situation. La r\u00e9solution du probl\u00e8me d\u00e9pend de l&rsquo;\u00e9limination de ces causes\u00bb, a d\u00e9clar\u00e9 M. Tebboune, rappelant, dans ce cadre, les bonnes relations liant les deux peuples, alg\u00e9rien et marocain. Il signale que la politique ext\u00e9rieure de l&rsquo;Alg\u00e9rie repose sur \u00able principe de r\u00e9ciprocit\u00e9\u00bb, affirmant que l&rsquo;Alg\u00e9rie est \u00abun pays pivot\u00bb au niveau africain, m\u00e9diterran\u00e9en et arabe. Par ailleurs, M. Tebboune dit porter \u00abun sentiment sp\u00e9cial\u00bb pour les wilayas qui ont connu les taux de participation les plus faibles, lors de cette pr\u00e9sidentielle, exprimant son souhait d\u2019effectuer une \u00e9ventuelle visite pr\u00e9sidentielle \u00e0 Tizi Ouzou et \u00e0 B\u00e9ja\u00efa. \u00abL&rsquo;\u00e9ch\u00e9ance pr\u00e9sidentielle est achev\u00e9e, et l&rsquo;Alg\u00e9rie est pour tous ses enfants sans exclusion aucune\u00bb, a-t-il encore soutenu. \u00c0 une question sur la position du pr\u00e9sident fran\u00e7ais Emmanuel Macron vis-\u00e0-vis de son \u00e9lection \u00e0 la t\u00eate du pays, M. Tebboune a r\u00e9pliqu\u00e9 : \u00abje ne r\u00e9ponds pas au pr\u00e9sident fran\u00e7ais, et ne reconnais que le peuple alg\u00e9rien.\u00bb<\/p>\n<p><strong>La future \u00e9quipe gouvernementale comprendra de jeunes ministres<\/strong><\/p>\n<p>Au sujet de la composante du prochain ex\u00e9cutif, M. Tebboune a reconnu que la constitution d&rsquo;un nouveau gouvernement est une t\u00e2che \u00abtr\u00e8s difficile\u00bb, assurant que le peuple alg\u00e9rien sera \u00absurpris\u00bb par la nomination de nouveaux jeunes ministres.<br \/>Il a affirm\u00e9 qu&rsquo;il sera toujours aux c\u00f4t\u00e9s des jeunes et qu&rsquo;il \u0153uvrera \u00e0 leur int\u00e9gration effective dans la vie \u00e9conomique, soulignant que le nouveau gouvernement \u00abcomptera dans ses rangs des ministres jeunes ne d\u00e9passant pas les 26-27 ans\u00bb.<br \/>Il a \u00e9galement promis que \u00abpersonne ne sera exclu ni marginalis\u00e9\u00bb, car, a-t-il martel\u00e9, \u00abil y a de la place pour tout le monde en Alg\u00e9rie\u00bb.<br \/>Concernant la presse et les m\u00e9dias, M.\u2008Tebboune a d\u00e9clar\u00e9 qu&rsquo;il \u00e9tait pour la libert\u00e9 de la presse \u00abjusqu&rsquo;au bout\u00bb, tout en relevant qu&rsquo;il combattrait \u00abrigoureusement\u00bb toutes les formes de diffamation et d&rsquo;insulte.<\/p>\n<p><strong>\u00abLa gr\u00e2ce pr\u00e9sidentielle ne touchera pas les\u00a0 corrompus\u00bb<\/strong><\/p>\n<p>Au sujet de la lutte contre la corruption, le nouveau pr\u00e9sident de la R\u00e9publique a affirm\u00e9 que la \u00abgr\u00e2ce pr\u00e9sidentielle ne touchera pas les personnes impliqu\u00e9es dans des affaires de corruption\u00bb.<br \/>\u00abLa loi relative \u00e0 la lutte contre la corruption sera maintenue\u00bb, a-t-il indiqu\u00e9, soulignant que la \u00abgr\u00e2ce pr\u00e9sidentielle ne touchera pas les personnes impliqu\u00e9es dans des affaires de corruption\u00bb.<br \/>Le Pr\u00e9sident a assur\u00e9, dans le m\u00eame ordre d&rsquo;id\u00e9es, que \u00abla lutte contre la corruption et les corrompus se poursuivra\u00bb.<br \/>Abdelmadjid Tebboune a \u00e9t\u00e9 \u00e9lu pr\u00e9sident de la R\u00e9publique, lors de la pr\u00e9sidentielle de jeudi, avec un taux de 58,15% des suffrages exprim\u00e9s.<br \/><strong>\u00a0\u00a0\u00a0 Salima Ettouahria<\/strong><\/p>\n<p>Auteur: elmoudjahid<br \/>\n<a href=\"http:\/\/www.elmoudjahid.com\/fr\/actualites\/145835\">Cliquez ici pour lire l&rsquo;article depuis sa source.<\/a><\/p>\n","protected":false},"excerpt":{"rendered":"<p>Manifestement, le nouveau Pr\u00e9sident \u00e9lu, M. Abdelmadjid Tebboune, ouvre grandement la voie \u00e0 une concertation inclusive\u00a0 avec le mouvement citoyen, qu\u2019il qualifie de \u00abHirak b\u00e9ni\u00bb. \u00abJe m&rsquo;adresse directement au Hirak, pour lui tendre la main afin d&rsquo;amorcer un dialogue s\u00e9rieux au service de l&rsquo;Alg\u00e9rie et seulement l&rsquo;Alg\u00e9rie\u00bb, a-t-il d\u00e9clar\u00e9, lors d&rsquo;une conf\u00e9rence de presse, tenue [&hellip;]<\/p>\n","protected":false},"author":1744,"featured_media":0,"comment_status":"closed","ping_status":"closed","sticky":false,"template":"","format":"standard","meta":{"fifu_image_url":"","fifu_image_alt":"","footnotes":""},"categories":[73,53],"tags":[],"class_list":["post-70213","post","type-post","status-publish","format-standard","hentry","category-actualite","category-algerie"],"_links":{"self":[{"href":"https:\/\/linitiative.ca\/International\/wp-json\/wp\/v2\/posts\/70213","targetHints":{"allow":["GET"]}}],"collection":[{"href":"https:\/\/linitiative.ca\/International\/wp-json\/wp\/v2\/posts"}],"about":[{"href":"https:\/\/linitiative.ca\/International\/wp-json\/wp\/v2\/types\/post"}],"author":[{"embeddable":true,"href":"https:\/\/linitiative.ca\/International\/wp-json\/wp\/v2\/users\/1744"}],"replies":[{"embeddable":true,"href":"https:\/\/linitiative.ca\/International\/wp-json\/wp\/v2\/comments?post=70213"}],"version-history":[{"count":0,"href":"https:\/\/linitiative.ca\/International\/wp-json\/wp\/v2\/posts\/70213\/revisions"}],"wp:attachment":[{"href":"https:\/\/linitiative.ca\/International\/wp-json\/wp\/v2\/media?parent=70213"}],"wp:term":[{"taxonomy":"category","embeddable":true,"href":"https:\/\/linitiative.ca\/International\/wp-json\/wp\/v2\/categories?post=70213"},{"taxonomy":"post_tag","embeddable":true,"href":"https:\/\/linitiative.ca\/International\/wp-json\/wp\/v2\/tags?post=70213"}],"curies":[{"name":"wp","href":"https:\/\/api.w.org\/{rel}","templated":true}]}}