{"id":70215,"date":"2019-12-14T15:19:11","date_gmt":"2019-12-14T20:19:11","guid":{"rendered":"https:\/\/linitiative.ca\/International\/le-calife-general-de-la-tidjania-rassembler-les-algeriens\/"},"modified":"2019-12-14T15:19:11","modified_gmt":"2019-12-14T20:19:11","slug":"le-calife-general-de-la-tidjania-rassembler-les-algeriens","status":"publish","type":"post","link":"https:\/\/linitiative.ca\/International\/le-calife-general-de-la-tidjania-rassembler-les-algeriens\/","title":{"rendered":"Le Calife g\u00e9n\u00e9ral  de la Tidjania  : Rassembler  les Alg\u00e9riens"},"content":{"rendered":"<p>Le Calife g\u00e9n\u00e9ral de la Tariqa (confr\u00e9rie) Tidjania, Cheikh Mohamed Ben Ali El-Arabie \u00e0 Ain-Madhi (Laghouat) a adress\u00e9 un message de f\u00e9licitations \u00e0 M. Abdelmadjid Tebboune, apr\u00e8s sa victoire \u00e0 l&rsquo;\u00e9lection pr\u00e9sidentielle du 12 d\u00e9cembre, a indiqu\u00e9 \u00e0 l&rsquo;APS le charg\u00e9 de communication de la Zaou\u00efa, Bechar El Tidjani.\u00a0\u00a0\u00a0\u00a0<br \/>A ce titre, le Calife g\u00e9n\u00e9ral a pr\u00e9sent\u00e9 ses f\u00e9licitations et exprim\u00e9 son soutien au nouveau pr\u00e9sident, l&rsquo;appelant \u00e0 la n\u00e9cessit\u00e9 de \u00abrassembler les Alg\u00e9riens et d&rsquo;\u0153uvrer \u00e0 la satisfaction de leurs revendications l\u00e9gitimes, outre la pr\u00e9servation des fondements de la Nation alg\u00e9rienne, unie et unifi\u00e9e, du Nord au Sud et de l&rsquo;Est \u00e0 l&rsquo;Ouest\u00bb, a pr\u00e9cis\u00e9 la m\u00eame source.<br \/>Le Cheikh El-Arabie a salu\u00e9 le peuple alg\u00e9rien qu&rsquo;il a qualifi\u00e9 de \u00absouverain juste notamment dans les moments d\u00e9cisifs\u00a0\u00bb, affirmant que la participation des Alg\u00e9riens \u00e0 travers tout le territoire national, \u00e0 cette \u00e9lection, dans le calme et la s\u00e9r\u00e9nit\u00e9, pour la patrie \u00abest une preuve du haut degr\u00e9 de conscience du citoyen alg\u00e9rien\u00bb, estimant qu&rsquo; \u00abelle se veut l&rsquo;amorce d&rsquo;une v\u00e9ritable r\u00e9forme de la Patrie et de la Nation\u00bb.<br \/>Le Calife g\u00e9n\u00e9ral de la Tariqa Tidjania s&rsquo;est aussi f\u00e9licit\u00e9, dans son message, du r\u00f4le majeur et important des diff\u00e9rents services de s\u00e9curit\u00e9 dans l&rsquo;accompagnement de l&rsquo;op\u00e9ration \u00e9lectorale, qui est devenue une v\u00e9ritable f\u00eate nationale pour l&rsquo;Alg\u00e9rie.<br \/>\u00a0<\/p>\n<p>Auteur: elmoudjahid<br \/>\n<a href=\"http:\/\/www.elmoudjahid.com\/fr\/actualites\/145837\">Cliquez ici pour lire l&rsquo;article depuis sa source.<\/a><\/p>\n","protected":false},"excerpt":{"rendered":"<p>Le Calife g\u00e9n\u00e9ral de la Tariqa (confr\u00e9rie) Tidjania, Cheikh Mohamed Ben Ali El-Arabie \u00e0 Ain-Madhi (Laghouat) a adress\u00e9 un message de f\u00e9licitations \u00e0 M. Abdelmadjid Tebboune, apr\u00e8s sa victoire \u00e0 l&rsquo;\u00e9lection pr\u00e9sidentielle du 12 d\u00e9cembre, a indiqu\u00e9 \u00e0 l&rsquo;APS le charg\u00e9 de communication de la Zaou\u00efa, Bechar El Tidjani.\u00a0\u00a0\u00a0\u00a0A ce titre, le Calife g\u00e9n\u00e9ral a [&hellip;]<\/p>\n","protected":false},"author":1744,"featured_media":0,"comment_status":"closed","ping_status":"closed","sticky":false,"template":"","format":"standard","meta":{"fifu_image_url":"","fifu_image_alt":"","footnotes":""},"categories":[73,53],"tags":[],"class_list":["post-70215","post","type-post","status-publish","format-standard","hentry","category-actualite","category-algerie"],"_links":{"self":[{"href":"https:\/\/linitiative.ca\/International\/wp-json\/wp\/v2\/posts\/70215","targetHints":{"allow":["GET"]}}],"collection":[{"href":"https:\/\/linitiative.ca\/International\/wp-json\/wp\/v2\/posts"}],"about":[{"href":"https:\/\/linitiative.ca\/International\/wp-json\/wp\/v2\/types\/post"}],"author":[{"embeddable":true,"href":"https:\/\/linitiative.ca\/International\/wp-json\/wp\/v2\/users\/1744"}],"replies":[{"embeddable":true,"href":"https:\/\/linitiative.ca\/International\/wp-json\/wp\/v2\/comments?post=70215"}],"version-history":[{"count":0,"href":"https:\/\/linitiative.ca\/International\/wp-json\/wp\/v2\/posts\/70215\/revisions"}],"wp:attachment":[{"href":"https:\/\/linitiative.ca\/International\/wp-json\/wp\/v2\/media?parent=70215"}],"wp:term":[{"taxonomy":"category","embeddable":true,"href":"https:\/\/linitiative.ca\/International\/wp-json\/wp\/v2\/categories?post=70215"},{"taxonomy":"post_tag","embeddable":true,"href":"https:\/\/linitiative.ca\/International\/wp-json\/wp\/v2\/tags?post=70215"}],"curies":[{"name":"wp","href":"https:\/\/api.w.org\/{rel}","templated":true}]}}