{"id":70217,"date":"2019-12-14T10:18:00","date_gmt":"2019-12-14T15:18:00","guid":{"rendered":"https:\/\/linitiative.ca\/International\/mostaganem-un-ouvrier-chute-du-2eme-etage\/"},"modified":"2019-12-14T10:18:00","modified_gmt":"2019-12-14T15:18:00","slug":"mostaganem-un-ouvrier-chute-du-2eme-etage","status":"publish","type":"post","link":"https:\/\/linitiative.ca\/International\/mostaganem-un-ouvrier-chute-du-2eme-etage\/","title":{"rendered":"MOSTAGANEM : Un ouvrier chute du 2\u00e8me \u00e9tage"},"content":{"rendered":"<p><br id=\"sep_para_1\" class=\"sep_para access\"\/><\/p>\n<div id=\"para_1\" class=\"para_34498925 resize\">\n<div class=\"texte access firstletter\">Alert\u00e9s, les services de la protection civile de Mostaganem relevant de l&rsquo;unit\u00e9 maritime sont\u00a0 intervenus pour \u00e9vacuer un ouvrier, \u00e2g\u00e9 d\u2019environ\u00a0 19 ans, ayant chut\u00e9\u00a0 du 2\u00e8me \u00e9tage. Ces derniers se sont rendus imm\u00e9diatement sur les lieux afin d\u2019apporter les premiers soins \u00e0 la victime, laquelle a subi diverses fractures au niveau de son corps. Cette derni\u00e8re\u00a0 a \u00e9t\u00e9 ensuite transf\u00e9r\u00e9e aux urgences m\u00e9dicales, relevant de l\u2019h\u00f4pital de Mostaganem pour\u00a0 recevoir les soins appropri\u00e9s.\u00a0 Une enqu\u00eate a \u00e9t\u00e9 ouverte par les services comp\u00e9tents pour d\u00e9terminer les circonstances exactes de cet accident\u00a0\u00a0<\/div>\n<\/div>\n<p>Auteur: G.Yacine<br \/>\n<a href=\"https:\/\/www.reflexiondz.net\/MOSTAGANEM-Un-ouvrier-chute-du-2eme-etage_a59382.html\">Cliquez ici pour lire l&rsquo;article depuis sa source.<\/a><\/p>\n","protected":false},"excerpt":{"rendered":"<p>Alert\u00e9s, les services de la protection civile de Mostaganem relevant de l&rsquo;unit\u00e9 maritime sont\u00a0 intervenus pour \u00e9vacuer un ouvrier, \u00e2g\u00e9 d\u2019environ\u00a0 19 ans, ayant chut\u00e9\u00a0 du 2\u00e8me \u00e9tage. Ces derniers se sont rendus imm\u00e9diatement sur les lieux afin d\u2019apporter les premiers soins \u00e0 la victime, laquelle a subi diverses fractures au niveau de son corps. [&hellip;]<\/p>\n","protected":false},"author":1740,"featured_media":0,"comment_status":"closed","ping_status":"closed","sticky":false,"template":"","format":"standard","meta":{"fifu_image_url":"","fifu_image_alt":"","footnotes":""},"categories":[53,76],"tags":[],"class_list":["post-70217","post","type-post","status-publish","format-standard","hentry","category-algerie","category-regions"],"_links":{"self":[{"href":"https:\/\/linitiative.ca\/International\/wp-json\/wp\/v2\/posts\/70217","targetHints":{"allow":["GET"]}}],"collection":[{"href":"https:\/\/linitiative.ca\/International\/wp-json\/wp\/v2\/posts"}],"about":[{"href":"https:\/\/linitiative.ca\/International\/wp-json\/wp\/v2\/types\/post"}],"author":[{"embeddable":true,"href":"https:\/\/linitiative.ca\/International\/wp-json\/wp\/v2\/users\/1740"}],"replies":[{"embeddable":true,"href":"https:\/\/linitiative.ca\/International\/wp-json\/wp\/v2\/comments?post=70217"}],"version-history":[{"count":0,"href":"https:\/\/linitiative.ca\/International\/wp-json\/wp\/v2\/posts\/70217\/revisions"}],"wp:attachment":[{"href":"https:\/\/linitiative.ca\/International\/wp-json\/wp\/v2\/media?parent=70217"}],"wp:term":[{"taxonomy":"category","embeddable":true,"href":"https:\/\/linitiative.ca\/International\/wp-json\/wp\/v2\/categories?post=70217"},{"taxonomy":"post_tag","embeddable":true,"href":"https:\/\/linitiative.ca\/International\/wp-json\/wp\/v2\/tags?post=70217"}],"curies":[{"name":"wp","href":"https:\/\/api.w.org\/{rel}","templated":true}]}}