{"id":70218,"date":"2019-12-14T10:18:00","date_gmt":"2019-12-14T15:18:00","guid":{"rendered":"https:\/\/linitiative.ca\/International\/presidentielle-a-mostaganem-un-taux-de-participation-de-4775\/"},"modified":"2019-12-14T10:18:00","modified_gmt":"2019-12-14T15:18:00","slug":"presidentielle-a-mostaganem-un-taux-de-participation-de-4775","status":"publish","type":"post","link":"https:\/\/linitiative.ca\/International\/presidentielle-a-mostaganem-un-taux-de-participation-de-4775\/","title":{"rendered":"PRESIDENTIELLE A MOSTAGANEM : Un taux de participation de 47,75 %"},"content":{"rendered":"<p><br id=\"sep_para_1\" class=\"sep_para access\"\/><\/p>\n<div id=\"para_1\" class=\"para_34498918 resize\">\n<div class=\"texte access firstletter\">Un taux de participation appr\u00e9ciable de 47,75 % a \u00e9t\u00e9 enregistr\u00e9 \u00e0 Mostaganem\u00a0 lors de l&rsquo;\u00e9lection pr\u00e9sidentielle du jeudi 12 d\u00e9cembre, a indiqu\u00e9\u00a0 l\u2019autorit\u00e9 de la wilaya de l\u2019\u00e9lection ind\u00e9pendante. En effet, la wilaya de Mostaganem a enregistr\u00e9 dans la liste \u00e9lectorale, 488175 \u00e9lecteurs inscrits\u00a0 dont : 263105 hommes et 295070 femmes, r\u00e9partis dans 336 centres de vote, compos\u00e9s de 1346 bureaux de vote. Un taux de participation de 47,75%\u00a0 a \u00e9t\u00e9 enregistr\u00e9 dans la matin\u00e9e du vendredi 13 d\u00e9cembre 2019\u00a0 au niveau de la wilaya. L\u2019autorit\u00e9 ind\u00e9pendante des \u00e9lections pr\u00e9sidentielles, a confi\u00e9 qu\u2019elle est ind\u00e9pendante et restera ind\u00e9pendante, jusqu\u2019\u00e0 ce que soit\u00a0 install\u00e9 un nouveau pr\u00e9sident de la R\u00e9publique l\u00e9gitime, a-t-on soulign\u00e9 qui a pr\u00e9cis\u00e9, par ailleurs, qu\u2019elle n\u2019a enregistr\u00e9 aucun d\u00e9passement, ni perturbation pendant le d\u00e9roulement de l\u2019op\u00e9ration \u00e9lectorale.\u00a0 Il est utile de pr\u00e9ciser que\u00a0 l\u2019autorit\u00e9 poursuit et contr\u00f4le toutes les op\u00e9rations de l\u2019\u00e9lection, depuis son lancement jusqu\u2019\u00e0\u00a0 sa cl\u00f4ture. Le lancement de ce processus \u00e9lectoral se fait dans la transparence et dans un esprit de d\u00e9mocratie, sachant que le citoyen de la wilaya de Mostaganem\u00a0 ressent le sens de la responsabilit\u00e9.\u00a0\u00a0\u00a0\u00a0\u00a0\u00a0\u00a0\u00a0\u00a0\u00a0\u00a0<\/div>\n<\/div>\n<p>Auteur: G.Yacine<br \/>\n<a href=\"https:\/\/www.reflexiondz.net\/PRESIDENTIELLE-A-MOSTAGANEM-Un-taux-de-participation-de-4775_a59380.html\">Cliquez ici pour lire l&rsquo;article depuis sa source.<\/a><\/p>\n","protected":false},"excerpt":{"rendered":"<p>Un taux de participation appr\u00e9ciable de 47,75 % a \u00e9t\u00e9 enregistr\u00e9 \u00e0 Mostaganem\u00a0 lors de l&rsquo;\u00e9lection pr\u00e9sidentielle du jeudi 12 d\u00e9cembre, a indiqu\u00e9\u00a0 l\u2019autorit\u00e9 de la wilaya de l\u2019\u00e9lection ind\u00e9pendante. En effet, la wilaya de Mostaganem a enregistr\u00e9 dans la liste \u00e9lectorale, 488175 \u00e9lecteurs inscrits\u00a0 dont : 263105 hommes et 295070 femmes, r\u00e9partis dans 336 [&hellip;]<\/p>\n","protected":false},"author":1740,"featured_media":0,"comment_status":"closed","ping_status":"closed","sticky":false,"template":"","format":"standard","meta":{"fifu_image_url":"","fifu_image_alt":"","footnotes":""},"categories":[53,76],"tags":[],"class_list":["post-70218","post","type-post","status-publish","format-standard","hentry","category-algerie","category-regions"],"_links":{"self":[{"href":"https:\/\/linitiative.ca\/International\/wp-json\/wp\/v2\/posts\/70218","targetHints":{"allow":["GET"]}}],"collection":[{"href":"https:\/\/linitiative.ca\/International\/wp-json\/wp\/v2\/posts"}],"about":[{"href":"https:\/\/linitiative.ca\/International\/wp-json\/wp\/v2\/types\/post"}],"author":[{"embeddable":true,"href":"https:\/\/linitiative.ca\/International\/wp-json\/wp\/v2\/users\/1740"}],"replies":[{"embeddable":true,"href":"https:\/\/linitiative.ca\/International\/wp-json\/wp\/v2\/comments?post=70218"}],"version-history":[{"count":0,"href":"https:\/\/linitiative.ca\/International\/wp-json\/wp\/v2\/posts\/70218\/revisions"}],"wp:attachment":[{"href":"https:\/\/linitiative.ca\/International\/wp-json\/wp\/v2\/media?parent=70218"}],"wp:term":[{"taxonomy":"category","embeddable":true,"href":"https:\/\/linitiative.ca\/International\/wp-json\/wp\/v2\/categories?post=70218"},{"taxonomy":"post_tag","embeddable":true,"href":"https:\/\/linitiative.ca\/International\/wp-json\/wp\/v2\/tags?post=70218"}],"curies":[{"name":"wp","href":"https:\/\/api.w.org\/{rel}","templated":true}]}}