{"id":70219,"date":"2019-12-14T10:18:00","date_gmt":"2019-12-14T15:18:00","guid":{"rendered":"https:\/\/linitiative.ca\/International\/ain-tedeles-saisie-de-210-cartouches-de-fusil-de-chasse\/"},"modified":"2019-12-14T10:18:00","modified_gmt":"2019-12-14T15:18:00","slug":"ain-tedeles-saisie-de-210-cartouches-de-fusil-de-chasse","status":"publish","type":"post","link":"https:\/\/linitiative.ca\/International\/ain-tedeles-saisie-de-210-cartouches-de-fusil-de-chasse\/","title":{"rendered":"A\u00cfN TEDELES : Saisie de 210 cartouches de fusil de chasse"},"content":{"rendered":"<p><br id=\"sep_para_1\" class=\"sep_para access\"\/><\/p>\n<div id=\"para_1\" class=\"para_34498915 resize\">\n<div class=\"texte access firstletter\">\u00a0Selon des informations\u00a0 parvenues aux services de la s\u00fbret\u00e9 urbaine d\u2019A\u00efn-Tedel\u00e8s avec des photos montrant deux personnes, dans une transaction commerciale de cartouches de fusil de chasse, une enqu\u00eate a \u00e9t\u00e9 imm\u00e9diatement diligent\u00e9e sur l&rsquo;affaire .Apr\u00e8s surveillance, les autorit\u00e9s de police ont pu identifier le client qui \u00e9tait en train d\u2019acheter une quantit\u00e9 de cartouches, du suspect principal au niveau du domicile de ce dernier. L\u2019acheteur en question a \u00e9t\u00e9 arr\u00eat\u00e9 en possession de 10 cartouches actives pour un fusil de chasse, de 12 mm lesquelles, ont \u00e9t\u00e9 saisies. Un deuxi\u00e8me client visitant la m\u00eame r\u00e9sidence du principal suspect fournisseur de cartouches, a \u00e9galement \u00e9t\u00e9 arr\u00eat\u00e9\u00a0 \u00e0 bord de son v\u00e9hicule MARUTI, en possession de 200 cartouches actives (50 cartouches 12 mm et 150 cartouches 16 mm) .Interrog\u00e9, ce dernier a fini par avouer qu\u2019il n\u2019\u00e9tait qu\u2019un simple interm\u00e9diaire dans la transaction, au profit d\u2019une autre personne qui, \u00e9galement, a \u00e9t\u00e9 arr\u00eat\u00e9e par la police judiciaire. La poursuite des investigations sur\u00a0 cette affaire a permis de r\u00e9unir tous les \u00e9l\u00e9ments impliquant le suspect principal. Celui-ci a \u00e9t\u00e9 identifi\u00e9 comme \u00e9tant un homme\u00a0 \u00e2g\u00e9 de 41 ans, r\u00e9sidant dans la localit\u00e9\u00a0 d&rsquo;A\u00efn-Tedel\u00e8s qui a \u00e9t\u00e9 arr\u00eat\u00e9 \u00e0 son tour, alors qu\u2019il \u00e9tait en\u00a0 possession d&rsquo;une somme\u00a0 de\u00a0 61700,00 dinars, consid\u00e9r\u00e9e comme un revenu de ses transactions commerciales tout en reconnaissant les charges qui sont retenues contre lui. Le suspect en question a \u00e9t\u00e9 accus\u00e9\u00a0 de possession et de commercialisation, sans autorisation officielle des pouvoirs publics comp\u00e9tents, de cartouches r\u00e9elles d\u2019armes de chasse,\u00a0 destin\u00e9es \u00e0 une utilisation ill\u00e9gale. Un dossier de poursuites\u00a0 judiciaires a \u00e9t\u00e9 \u00e9tabli \u00e0 son encontre .Le\u00a0 mis en cause, a fait l\u2019objet de pr\u00e9sentation, par-devant M. le Procureur de la R\u00e9publique pr\u00e8s le tribunal d\u2019A\u00efn-Tedel\u00e8s, qui l\u2019a \u00e9crou\u00e9.<\/div>\n<\/div>\n<p>Auteur: Y.Zahachi<br \/>\n<a href=\"https:\/\/www.reflexiondz.net\/AIN-TEDELES-Saisie-de-210-cartouches-de-fusil-de-chasse_a59379.html\">Cliquez ici pour lire l&rsquo;article depuis sa source.<\/a><\/p>\n","protected":false},"excerpt":{"rendered":"<p>\u00a0Selon des informations\u00a0 parvenues aux services de la s\u00fbret\u00e9 urbaine d\u2019A\u00efn-Tedel\u00e8s avec des photos montrant deux personnes, dans une transaction commerciale de cartouches de fusil de chasse, une enqu\u00eate a \u00e9t\u00e9 imm\u00e9diatement diligent\u00e9e sur l&rsquo;affaire .Apr\u00e8s surveillance, les autorit\u00e9s de police ont pu identifier le client qui \u00e9tait en train d\u2019acheter une quantit\u00e9 de cartouches, [&hellip;]<\/p>\n","protected":false},"author":1740,"featured_media":0,"comment_status":"closed","ping_status":"closed","sticky":false,"template":"","format":"standard","meta":{"fifu_image_url":"","fifu_image_alt":"","footnotes":""},"categories":[53,76],"tags":[],"class_list":["post-70219","post","type-post","status-publish","format-standard","hentry","category-algerie","category-regions"],"_links":{"self":[{"href":"https:\/\/linitiative.ca\/International\/wp-json\/wp\/v2\/posts\/70219","targetHints":{"allow":["GET"]}}],"collection":[{"href":"https:\/\/linitiative.ca\/International\/wp-json\/wp\/v2\/posts"}],"about":[{"href":"https:\/\/linitiative.ca\/International\/wp-json\/wp\/v2\/types\/post"}],"author":[{"embeddable":true,"href":"https:\/\/linitiative.ca\/International\/wp-json\/wp\/v2\/users\/1740"}],"replies":[{"embeddable":true,"href":"https:\/\/linitiative.ca\/International\/wp-json\/wp\/v2\/comments?post=70219"}],"version-history":[{"count":0,"href":"https:\/\/linitiative.ca\/International\/wp-json\/wp\/v2\/posts\/70219\/revisions"}],"wp:attachment":[{"href":"https:\/\/linitiative.ca\/International\/wp-json\/wp\/v2\/media?parent=70219"}],"wp:term":[{"taxonomy":"category","embeddable":true,"href":"https:\/\/linitiative.ca\/International\/wp-json\/wp\/v2\/categories?post=70219"},{"taxonomy":"post_tag","embeddable":true,"href":"https:\/\/linitiative.ca\/International\/wp-json\/wp\/v2\/tags?post=70219"}],"curies":[{"name":"wp","href":"https:\/\/api.w.org\/{rel}","templated":true}]}}