{"id":70220,"date":"2019-12-14T10:18:00","date_gmt":"2019-12-14T15:18:00","guid":{"rendered":"https:\/\/linitiative.ca\/International\/retard-de-recolte-de-la-pomme-de-terre-de-primeur-le-ministere-enquete-a-mostaganem\/"},"modified":"2019-12-14T10:18:00","modified_gmt":"2019-12-14T15:18:00","slug":"retard-de-recolte-de-la-pomme-de-terre-de-primeur-le-ministere-enquete-a-mostaganem","status":"publish","type":"post","link":"https:\/\/linitiative.ca\/International\/retard-de-recolte-de-la-pomme-de-terre-de-primeur-le-ministere-enquete-a-mostaganem\/","title":{"rendered":"RETARD DE RECOLTE DE  LA POMME DE TERRE DE PRIMEUR : Le Minist\u00e8re enqu\u00eate  \u00e0 Mostaganem"},"content":{"rendered":"<p><br id=\"sep_para_1\" class=\"sep_para access\"\/><\/p>\n<div id=\"para_1\" class=\"para_34498919 resize\">\n<div class=\"texte access firstletter\">Une commission du minist\u00e8re de l\u2019agriculture et de d\u00e9veloppement\u00a0 rural, a \u00e9t\u00e9 d\u00e9p\u00each\u00e9e r\u00e9cemment \u00e0 la wilaya de Mostaganem pour enqu\u00eater sur le retard de\u00a0 production de la \u00ab pomme de terre primeur \u00bb, qui est cens\u00e9e assurer, en cette p\u00e9riode, la soudure entre les mois de f\u00e9vrier et mars. Mostaganem est consid\u00e9r\u00e9e comme une wilaya r\u00e9gulatrice du march\u00e9 national en ce produit strat\u00e9gique dans l\u2019alimentation du citoyen. Notons que, la superficie r\u00e9serv\u00e9e \u00e0 ce tubercule de\u00a0 primeur est de 600 ha au niveau de la wilaya de Mostaganem o\u00f9 la plantation en vari\u00e9t\u00e9 \u00ab Spunta \u00bb, s\u2019effectue\u00a0 normalement, vers la fin octobre, d\u00e9but novembre .A remarquer que le\u00a0 prix du quintal\u00a0 de la \u00ab Spunta \u00bb est\u00a0 moins cher que celui de\u00a0 la vari\u00e9t\u00e9 \u00ab Rudolf \u00bb. Celle-ci donnera une production entre 600 et 700 quintaux par hectare ; toutefois, selon la source, il a \u00e9t\u00e9 plant\u00e9 1750 ha\u00a0 de pomme de terre saison et r\u00e9colt\u00e9 240 ha de ce m\u00eame produit, dont le rendement est entre 200 et 300 quintaux par hectare. Il est pr\u00e9vu un d\u00e9but de r\u00e9colte vers le\u00a0 mois de mars sur\u00a0 une superficie\u00a0 de 2000 ha. Par ailleurs, dans ce contexte, la commune de Hassi-Mameche\u00a0\u00a0 ensemence \u00e0 elle seule 400 ha de pomme de terre primeur et ce, sur les 600 ha r\u00e9partis \u00e0 travers la wilaya. Les agriculteurs, quant \u00e0 eux, ont justifi\u00e9 ce retard, en d\u00e9pit de la disponibilit\u00e9 de la semence, par le manque de moyens financiers, de la chert\u00e9 du gas-oil et de l\u2019\u00e9lectricit\u00e9 sans compter les frais de la main d\u2019\u0153uvre, des fertilisants et des produits phytosanitaires. Ils ont ajout\u00e9 \u00e9galement qu\u2019ils ont enregistr\u00e9 un d\u00e9ficit en production maraich\u00e8re par le fait que les prix ont fortement chut\u00e9 ,compte tenu de l\u2019abondance des cultures maraich\u00e8res, notamment choux fleurs, aubergines, pomme de terre ,\u00a0 salades et autres. Ils ont\u00a0 propos\u00e9 des cr\u00e9dits au profit des importateurs de la semence de pomme de terre pour cultiver ce tubercule.\u00a0\u00a0\u00a0\u00a0\u00a0<\/div>\n<\/div>\n<p>Auteur: G.Yacine<br \/>\n<a href=\"https:\/\/www.reflexiondz.net\/RETARD-DE-RECOLTE-DE-LA-POMME-DE-TERRE-DE-PRIMEUR-Le-Ministere-enquete-a-Mostaganem_a59381.html\">Cliquez ici pour lire l&rsquo;article depuis sa source.<\/a><\/p>\n","protected":false},"excerpt":{"rendered":"<p>Une commission du minist\u00e8re de l\u2019agriculture et de d\u00e9veloppement\u00a0 rural, a \u00e9t\u00e9 d\u00e9p\u00each\u00e9e r\u00e9cemment \u00e0 la wilaya de Mostaganem pour enqu\u00eater sur le retard de\u00a0 production de la \u00ab pomme de terre primeur \u00bb, qui est cens\u00e9e assurer, en cette p\u00e9riode, la soudure entre les mois de f\u00e9vrier et mars. Mostaganem est consid\u00e9r\u00e9e comme une [&hellip;]<\/p>\n","protected":false},"author":1740,"featured_media":0,"comment_status":"closed","ping_status":"closed","sticky":false,"template":"","format":"standard","meta":{"fifu_image_url":"","fifu_image_alt":"","footnotes":""},"categories":[53,76],"tags":[],"class_list":["post-70220","post","type-post","status-publish","format-standard","hentry","category-algerie","category-regions"],"_links":{"self":[{"href":"https:\/\/linitiative.ca\/International\/wp-json\/wp\/v2\/posts\/70220","targetHints":{"allow":["GET"]}}],"collection":[{"href":"https:\/\/linitiative.ca\/International\/wp-json\/wp\/v2\/posts"}],"about":[{"href":"https:\/\/linitiative.ca\/International\/wp-json\/wp\/v2\/types\/post"}],"author":[{"embeddable":true,"href":"https:\/\/linitiative.ca\/International\/wp-json\/wp\/v2\/users\/1740"}],"replies":[{"embeddable":true,"href":"https:\/\/linitiative.ca\/International\/wp-json\/wp\/v2\/comments?post=70220"}],"version-history":[{"count":0,"href":"https:\/\/linitiative.ca\/International\/wp-json\/wp\/v2\/posts\/70220\/revisions"}],"wp:attachment":[{"href":"https:\/\/linitiative.ca\/International\/wp-json\/wp\/v2\/media?parent=70220"}],"wp:term":[{"taxonomy":"category","embeddable":true,"href":"https:\/\/linitiative.ca\/International\/wp-json\/wp\/v2\/categories?post=70220"},{"taxonomy":"post_tag","embeddable":true,"href":"https:\/\/linitiative.ca\/International\/wp-json\/wp\/v2\/tags?post=70220"}],"curies":[{"name":"wp","href":"https:\/\/api.w.org\/{rel}","templated":true}]}}