{"id":70221,"date":"2019-12-14T12:15:00","date_gmt":"2019-12-14T17:15:00","guid":{"rendered":"https:\/\/linitiative.ca\/International\/message-de-felicitations-son-excellence-monsieur-abdelmadjid-tebboune\/"},"modified":"2019-12-14T12:15:00","modified_gmt":"2019-12-14T17:15:00","slug":"message-de-felicitations-son-excellence-monsieur-abdelmadjid-tebboune","status":"publish","type":"post","link":"https:\/\/linitiative.ca\/International\/message-de-felicitations-son-excellence-monsieur-abdelmadjid-tebboune\/","title":{"rendered":"MESSAGE DE FELICITATIONS : Son Excellence Monsieur Abdelmadjid Tebboune"},"content":{"rendered":"<p><br id=\"sep_para_1\" class=\"sep_para access\"\/><\/p>\n<div id=\"para_1\" class=\"para_34500420 resize\">\n<div class=\"photo shadow left\"><a href=\"javascript:void(0)\" rel=\"https:\/\/www.reflexiondz.net\/photo\/art\/grande\/40778974-34500420.jpg?v=1576347834&#038;ibox\" title=\"MESSAGE DE FELICITATIONS : Son Excellence Monsieur Abdelmadjid Tebboune\"><img decoding=\"async\" class=\"responsive c9\" src=\"https:\/\/www.reflexiondz.net\/photo\/art\/grande\/40778974-34500420.jpg?v=1576347834\" alt=\"MESSAGE DE FELICITATIONS : Son Excellence Monsieur Abdelmadjid Tebboune\" title=\"MESSAGE DE FELICITATIONS : Son Excellence Monsieur Abdelmadjid Tebboune\"\/><img decoding=\"async\" class=\"not-responsive\" src=\"https:\/\/www.reflexiondz.net\/photo\/art\/default\/40778974-34500420.jpg?v=1576347837\" alt=\"MESSAGE DE FELICITATIONS : Son Excellence Monsieur Abdelmadjid Tebboune\" title=\"MESSAGE DE FELICITATIONS : Son Excellence Monsieur Abdelmadjid Tebboune\"\/><\/a><\/div>\n<div class=\"texte access firstletter\">Monsieur le Pr\u00e9sident de la R\u00e9publique,<br \/>Nous vous adressons, en notre nom et celui de notre \u00e9quipe du quotidien \u00ab\u00a0<strong>R\u00e9flexion<\/strong>\u00a0\u00bb, nos plus chaleureuses f\u00e9licitations, pour votre \u00e9lection a\u0300 la Pr\u00e9sidence de la R\u00e9publique Alg\u00e9rienne. Votre brillante victoire r\u00e9compense non seulement vos engagements mais couronne \u00e9galement la volont\u00e9\u0301 du Peuple Alg\u00e9rien d\u2019aller vers un meilleur avenir. Nous vous assurons de notre sinc\u00e8re soutien dans vos d\u00e9marches a\u0300 \u0153uvrer dans l\u2019int\u00e9r\u00eat national et vous prions de croire, Monsieur le Pr\u00e9sident de la R\u00e9publique, en l\u2019expression de notre tr\u00e8s haute consid\u00e9ration.<br \/>\u00a0\u00a0\u00a0\u00a0\u00a0\u00a0\u00a0\u00a0\u00a0\u00a0\u00a0\u00a0\u00a0\u00a0\u00a0\u00a0\u00a0\u00a0\u00a0\u00a0\u00a0\u00a0\u00a0\u00a0\u00a0\u00a0\u00a0\u00a0\u00a0\u00a0\u00a0\u00a0\u00a0\u00a0\u00a0\u00a0\u00a0\u00a0\u00a0\u00a0\u00a0\u00a0 <em><strong>Le Directeur G\u00e9n\u00e9ral du Quotidien R\u00e9flexion<br \/>\u00a0\u00a0\u00a0\u00a0\u00a0\u00a0\u00a0\u00a0\u00a0\u00a0\u00a0\u00a0\u00a0\u00a0\u00a0\u00a0\u00a0\u00a0\u00a0\u00a0\u00a0\u00a0\u00a0\u00a0\u00a0\u00a0\u00a0\u00a0\u00a0\u00a0\u00a0\u00a0\u00a0\u00a0\u00a0\u00a0\u00a0\u00a0\u00a0\u00a0\u00a0\u00a0\u00a0\u00a0\u00a0\u00a0\u00a0\u00a0\u00a0\u00a0\u00a0\u00a0\u00a0\u00a0\u00a0\u00a0\u00a0 M. Belhamid\u00e8che Belkacem\u00a0<\/strong><\/em><br \/>\u00a0<\/div>\n<\/div>\n<p>Auteur: R\u00e9flexion<br \/>\n<a href=\"https:\/\/www.reflexiondz.net\/MESSAGE-DE-FELICITATIONS-Son-Excellence-Monsieur-Abdelmadjid-Tebboune_a59383.html\">Cliquez ici pour lire l&rsquo;article depuis sa source.<\/a><\/p>\n","protected":false},"excerpt":{"rendered":"<p>Monsieur le Pr\u00e9sident de la R\u00e9publique,Nous vous adressons, en notre nom et celui de notre \u00e9quipe du quotidien \u00ab\u00a0R\u00e9flexion\u00a0\u00bb, nos plus chaleureuses f\u00e9licitations, pour votre \u00e9lection a\u0300 la Pr\u00e9sidence de la R\u00e9publique Alg\u00e9rienne. Votre brillante victoire r\u00e9compense non seulement vos engagements mais couronne \u00e9galement la volont\u00e9\u0301 du Peuple Alg\u00e9rien d\u2019aller vers un meilleur avenir. Nous [&hellip;]<\/p>\n","protected":false},"author":1740,"featured_media":0,"comment_status":"closed","ping_status":"closed","sticky":false,"template":"","format":"standard","meta":{"fifu_image_url":"","fifu_image_alt":"","footnotes":""},"categories":[53,76],"tags":[],"class_list":["post-70221","post","type-post","status-publish","format-standard","hentry","category-algerie","category-regions"],"_links":{"self":[{"href":"https:\/\/linitiative.ca\/International\/wp-json\/wp\/v2\/posts\/70221","targetHints":{"allow":["GET"]}}],"collection":[{"href":"https:\/\/linitiative.ca\/International\/wp-json\/wp\/v2\/posts"}],"about":[{"href":"https:\/\/linitiative.ca\/International\/wp-json\/wp\/v2\/types\/post"}],"author":[{"embeddable":true,"href":"https:\/\/linitiative.ca\/International\/wp-json\/wp\/v2\/users\/1740"}],"replies":[{"embeddable":true,"href":"https:\/\/linitiative.ca\/International\/wp-json\/wp\/v2\/comments?post=70221"}],"version-history":[{"count":0,"href":"https:\/\/linitiative.ca\/International\/wp-json\/wp\/v2\/posts\/70221\/revisions"}],"wp:attachment":[{"href":"https:\/\/linitiative.ca\/International\/wp-json\/wp\/v2\/media?parent=70221"}],"wp:term":[{"taxonomy":"category","embeddable":true,"href":"https:\/\/linitiative.ca\/International\/wp-json\/wp\/v2\/categories?post=70221"},{"taxonomy":"post_tag","embeddable":true,"href":"https:\/\/linitiative.ca\/International\/wp-json\/wp\/v2\/tags?post=70221"}],"curies":[{"name":"wp","href":"https:\/\/api.w.org\/{rel}","templated":true}]}}