{"id":70227,"date":"2019-12-14T02:50:00","date_gmt":"2019-12-14T07:50:00","guid":{"rendered":"https:\/\/linitiative.ca\/International\/habib-touhami-la-situation-economique-tunisienne-et-le-mauvais-diagnostic\/"},"modified":"2019-12-14T02:50:00","modified_gmt":"2019-12-14T07:50:00","slug":"habib-touhami-la-situation-economique-tunisienne-et-le-mauvais-diagnostic","status":"publish","type":"post","link":"https:\/\/linitiative.ca\/International\/habib-touhami-la-situation-economique-tunisienne-et-le-mauvais-diagnostic\/","title":{"rendered":"Habib Touhami: la situation \u00e9conomique tunisienne et le mauvais diagnostic"},"content":{"rendered":"<p>Si l\u2019on se r\u00e9f\u00e8re au sens exact du mot, la situation \u00e9conomique pr\u00e9valant actuellement en Tunisie ne correspond nullement \u00e0 une situation de crise. En effet, la crise est \u00ab une manifestation brusque et intense, de dur\u00e9e limit\u00e9e, pouvant entra\u00eener des cons\u00e9quences n\u00e9fastes\u00bb. Or la \u00abcrise\u00bb tunisienne n\u2019est ni brusque ni de dur\u00e9e limit\u00e9e. Ses premiers signes remontent loin dans le temps m\u00eame si ses cons\u00e9quences les plus manifestes ou les plus pesantes ne se sont amplifi\u00e9es qu\u2019au cours des neuf derni\u00e8res ann\u00e9es. Quant \u00e0 sa dur\u00e9e, chacun constate qu\u2019elle d\u00e9passe all\u00e8grement les d\u00e9lais impartis habituellement aux crises.<\/p>\n<p>Querelle s\u00e9mantique ou pr\u00e9alable essentiel \u00e0 la compr\u00e9hension de la situation ? Nul ne doute qu\u2019il s\u2019agit l\u00e0 d\u2019une question fondamentale \u00e0 laquelle il faut r\u00e9pondre clairement. En effet, de la r\u00e9ponse d\u00e9pend le bon diagnostic et par la suite le traitement ad\u00e9quat \u00e0 prescrire. Qualifier la situation \u00e9conomique de \u00abcrise\u00bb r\u00e9duit grandement le champ de vision et fait supporter sa responsabilit\u00e9 enti\u00e8re aux dirigeants de l\u2019apr\u00e8s-14 Janvier 2011. Mais bien que la responsabilit\u00e9 de ceux-ci soit av\u00e9r\u00e9e, ils ne sont pas les seuls en cause, loin de l\u00e0. Le blocage du d\u00e9veloppement en Tunisie, d\u00e9terminant capital de la \u00abcrise\u00bb, \u00e9tait une r\u00e9alit\u00e9 tangible bien avant. S\u2019il en \u00e9tait autrement, la \u00abr\u00e9volution\u00bb ne se serait pas d\u00e9clench\u00e9e, pas dans ces conditions en tout cas. C\u2019est parce que la politique socio\u00e9conomique s\u2019est r\u00e9v\u00e9l\u00e9e incapable de juguler l\u2019\u00e9rosion des classes moyennes et de r\u00e9duire le ch\u00f4mage des dipl\u00f4m\u00e9s et les in\u00e9galit\u00e9s sociales et r\u00e9gionales que le pays s\u2019est r\u00e9volt\u00e9.<br \/>Et le bon taux de croissance enregistr\u00e9 jusqu\u2019\u00e0 2010, objecte-t-on ? Certes, le taux de croissance de la d\u00e9cennie 2001-2010 est honorable (+4,4% en moyenne), mais la croissance n\u2019est que l\u2019accroissement du PIB \u00e0 prix constants m\u00eame si c\u2019est le PIB per capita qu\u2019il faut retenir dans ce cas (+3,3%). De plus, cette croissance s\u2019est produite sans impact crois\u00e9 de l\u2019infrastructure (moyens de production en gros) sur la superstructure (institutions politiques, environnement culturel, habitus social, etc.) et inversement. Il s\u2019agit en quelque sorte d\u2019une croissance \u00ab hors sol \u00bb sans effet positif sur son environnement global, la population ou le processus de d\u00e9veloppement lui-m\u00eame. Or le d\u00e9veloppement est fonction de la croissance mais aussi des \u00e9volutions mentales, culturelles et sociales d\u2019une population la rendant \u00abapte \u00e0 faire cro\u00eetre cumulativement son produit r\u00e9el et global\u00bb.<\/p>\n<p>De cela, il est peu question dans les programmes socio\u00e9conomiques alternatifs propos\u00e9s \u00e0 ce jour bien que tout montre que les mentalit\u00e9s et les comportements sociaux sont devenus trop r\u00e9gressifs et que les rapports de production ont atteint un tel degr\u00e9 de tension et d\u2019incoh\u00e9rence qu\u2019ils entravent tout progr\u00e8s r\u00e9el. En tout \u00e9tat de cause, la sortie de \u00ab crise \u00bb \u00e9conomique exige, comme pour toutes les autres formes de crise, des solutions de rupture, n\u00e9cessairement. Mais aucune force politique de poids ne s\u2019inscrit dans cette perspective. Pour les d\u00e9cideurs \u00e9conomiques du pays, anciens comme nouveaux, la \u00abcrise\u00bb \u00e9conomique s\u2019estompera d\u2019elle-m\u00eame ou presque pour peu que l\u2019on adopte des mesures \u00e9conomiques et mon\u00e9taires classiques en la circonstance et que l\u2019on proc\u00e8de \u00e0 certains am\u00e9nagements constitutionnels. Dangereuse illusion qui risque d\u2019attiser la \u00abcrise\u00bb au lieu de la d\u00e9nouer.<\/p>\n<p class=\"c2\"><strong>H.T.<\/strong><\/p>\n<p class=\"c3\"><strong><a href=\"https:\/\/www.leaders.com.tn\/le_mensuel_abonnez_vous\" target=\"_blank\" rel=\"noopener noreferrer\"><img loading=\"lazy\" decoding=\"async\" src=\"\/uploads\/FCK_files\/Bandeau-Leaders-1-copie(23).jpg\" alt=\"\" width=\"500\" vspace=\"5\" hspace=\"5\" height=\"128\" align=\"middle\"\/><\/a><\/strong><\/p>\n<p>Auteur:<br \/>\n<a href=\"https:\/\/www.leaders.com.tn\/article\/28630-habib-touhami-la-situation-economique-et-le-mauvais-diagnostic\">Cliquez ici pour lire l&rsquo;article depuis sa source.<\/a><\/p>\n","protected":false},"excerpt":{"rendered":"<p>Si l\u2019on se r\u00e9f\u00e8re au sens exact du mot, la situation \u00e9conomique pr\u00e9valant actuellement en Tunisie ne correspond nullement \u00e0 une situation de crise. En effet, la crise est \u00ab une manifestation brusque et intense, de dur\u00e9e limit\u00e9e, pouvant entra\u00eener des cons\u00e9quences n\u00e9fastes\u00bb. Or la \u00abcrise\u00bb tunisienne n\u2019est ni brusque ni de dur\u00e9e limit\u00e9e. Ses [&hellip;]<\/p>\n","protected":false},"author":1772,"featured_media":70228,"comment_status":"closed","ping_status":"closed","sticky":false,"template":"","format":"standard","meta":{"fifu_image_url":"","fifu_image_alt":"","footnotes":""},"categories":[73,55],"tags":[],"class_list":["post-70227","post","type-post","status-publish","format-standard","has-post-thumbnail","hentry","category-actualite","category-tunisie"],"_links":{"self":[{"href":"https:\/\/linitiative.ca\/International\/wp-json\/wp\/v2\/posts\/70227","targetHints":{"allow":["GET"]}}],"collection":[{"href":"https:\/\/linitiative.ca\/International\/wp-json\/wp\/v2\/posts"}],"about":[{"href":"https:\/\/linitiative.ca\/International\/wp-json\/wp\/v2\/types\/post"}],"author":[{"embeddable":true,"href":"https:\/\/linitiative.ca\/International\/wp-json\/wp\/v2\/users\/1772"}],"replies":[{"embeddable":true,"href":"https:\/\/linitiative.ca\/International\/wp-json\/wp\/v2\/comments?post=70227"}],"version-history":[{"count":0,"href":"https:\/\/linitiative.ca\/International\/wp-json\/wp\/v2\/posts\/70227\/revisions"}],"wp:featuredmedia":[{"embeddable":true,"href":"https:\/\/linitiative.ca\/International\/wp-json\/"}],"wp:attachment":[{"href":"https:\/\/linitiative.ca\/International\/wp-json\/wp\/v2\/media?parent=70227"}],"wp:term":[{"taxonomy":"category","embeddable":true,"href":"https:\/\/linitiative.ca\/International\/wp-json\/wp\/v2\/categories?post=70227"},{"taxonomy":"post_tag","embeddable":true,"href":"https:\/\/linitiative.ca\/International\/wp-json\/wp\/v2\/tags?post=70227"}],"curies":[{"name":"wp","href":"https:\/\/api.w.org\/{rel}","templated":true}]}}