{"id":70229,"date":"2019-12-14T04:00:00","date_gmt":"2019-12-14T09:00:00","guid":{"rendered":"https:\/\/linitiative.ca\/International\/dr-rachid-mechmeche-amor-chadli-etait-lhonneur-de-la-medecine-tunisienne\/"},"modified":"2019-12-14T04:00:00","modified_gmt":"2019-12-14T09:00:00","slug":"dr-rachid-mechmeche-amor-chadli-etait-lhonneur-de-la-medecine-tunisienne","status":"publish","type":"post","link":"https:\/\/linitiative.ca\/International\/dr-rachid-mechmeche-amor-chadli-etait-lhonneur-de-la-medecine-tunisienne\/","title":{"rendered":"Dr Rachid Mechm\u00e8che: Amor Chadli \u00e9tait l\u2019honneur de la m\u00e9decine tunisienne"},"content":{"rendered":"<p>Je m\u2019en souviens comme si c\u2019\u00e9tait hier: c\u2019\u00e9tait en octobre 1967, le jour de la rentr\u00e9e universitaire. A l\u2019entr\u00e9e de la facult\u00e9 de M\u00e9decine de Tunis. Le doyen Amor Chadli nous attendait. C\u2019\u00e9tait notre premier contact avec lui. Le port altier, l\u2019\u0153il s\u00e9v\u00e8re, il en imposait aux jeunes \u00e9tudiants que nous \u00e9tions.<\/p>\n<p class=\"c2\"><img loading=\"lazy\" decoding=\"async\" src=\"\/uploads\/FCK_files\/2(68).jpg\" alt=\"\" width=\"700\" vspace=\"5\" hspace=\"5\" height=\"427\" align=\"middle\"\/><\/p>\n<p>Deux ans apr\u00e8s, en 3e et 4e ann\u00e9es, nous retrouvions Si Amor comme professeur d\u2019anatomie pathologique. Au\u00a0 sommet de son art, il allait nous inculquer une formation solide dans cette discipline, et sa logique particuli\u00e8re. Ce que j\u2019avais retenu de ses cours, c\u2019\u00e9taient sa rigueur et ses qualit\u00e9s p\u00e9dagogiques.<\/p>\n<p class=\"c2\">\u00a0<img loading=\"lazy\" decoding=\"async\" src=\"\/uploads\/FCK_files\/3(46).jpg\" alt=\"\" width=\"700\" vspace=\"5\" hspace=\"5\" height=\"395\" align=\"middle\"\/><\/p>\n<p>Plus tard, lors de ma campagne\u00a0 pour le d\u00e9canat, mon premier geste a \u00e9t\u00e9 de solliciter une audience avec le professeur Amor Chadli. Sa r\u00e9ponse n\u2019a pas tard\u00e9. Rendez-vous a \u00e9t\u00e9 fix\u00e9 \u00e0 son domicile. Il m\u2019avait\u00a0 r\u00e9serv\u00e9 un accueil bienveillant. Il avait \u00e0 ses c\u00f4t\u00e9s son grand ami, feu Dr Sa\u00efd Mestiri. Je lui avais pr\u00e9sent\u00e9 mon programme \u00e9lectoral. Apr\u00e8s l\u2019avoir lu attentivement, il m\u2019en a f\u00e9licit\u00e9 tout en me sugg\u00e9rant quelques id\u00e9es dont je n\u2019ai pas manqu\u00e9 de faire mon profit.<\/p>\n<p class=\"c2\"><img loading=\"lazy\" decoding=\"async\" src=\"\/uploads\/FCK_files\/4(29).jpg\" alt=\"\" width=\"700\" vspace=\"5\" hspace=\"5\" height=\"395\" align=\"middle\"\/><\/p>\n<p>Apr\u00e8s mon \u00e9lection, il m\u2019avait f\u00e9licit\u00e9. Il \u00e9tait d\u2019autant plus ravi de mon succ\u00e8s que j\u2019\u00e9tais le premier doyen issu de la facult\u00e9 de M\u00e9decine de Tunis, et de surcro\u00eet son ancien \u00e9l\u00e8ve. Durant mes deux mandats \u00e0\u00a0 la t\u00eate de la Facult\u00e9 \u2014 de 1999 \u00e0 2015 \u2014\u00a0 Si Amor, dans un style qui lui est propre, trouvait l\u2019occasion de nous manifester son contentement et nous encourager pour aller de l\u2019avant.<\/p>\n<p class=\"c2\"><img loading=\"lazy\" decoding=\"async\" src=\"\/uploads\/FCK_files\/6(15).jpg\" alt=\"\" width=\"700\" vspace=\"5\" hspace=\"5\" height=\"485\" align=\"middle\"\/><\/p>\n<p>Par le biais de sa fille Achraf, je lui avais exprim\u00e9 derni\u00e8rement mon souhait de le rencontrer en compagnie de mes amies les Professeurs Habib Jaafoura et Abderraouf Ben Mansour. Ce qu\u2019il accepta tr\u00e8s vite. Le destin en a voulu autrement.<\/p>\n<p>Je garderai de lui le souvenir d\u2019un grand m\u00e9decin tr\u00e8s attach\u00e9 \u00e0 son m\u00e9tier qu\u2019il exer\u00e7ait comme un sacerdoce, un professeur de m\u00e9decine exigeant \u00e0 la fois envers lui-m\u00eame et envers ses \u00e9l\u00e8ves, un homme de culture et un grand patriote comme on n\u2019en voit plus.<\/p>\n<p class=\"c3\"><strong>Dr Rachid Mechm\u00e8che<\/strong><\/p>\n<p class=\"c2\"><strong><a href=\"https:\/\/www.leaders.com.tn\/le_mensuel_abonnez_vous\" target=\"_blank\" rel=\"noopener noreferrer\"><img loading=\"lazy\" decoding=\"async\" src=\"\/uploads\/FCK_files\/Bandeau-Leaders-1-copie(23).jpg\" alt=\"\" width=\"500\" vspace=\"5\" hspace=\"5\" height=\"128\" align=\"middle\"\/><\/a><\/strong><\/p>\n<p>Auteur:<br \/>\n<a href=\"https:\/\/www.leaders.com.tn\/article\/28629-dr-rachid-mechmeche-amor-chadli-etait-l-honneur-de-la-medecine-tunisienne\">Cliquez ici pour lire l&rsquo;article depuis sa source.<\/a><\/p>\n","protected":false},"excerpt":{"rendered":"<p>Je m\u2019en souviens comme si c\u2019\u00e9tait hier: c\u2019\u00e9tait en octobre 1967, le jour de la rentr\u00e9e universitaire. A l\u2019entr\u00e9e de la facult\u00e9 de M\u00e9decine de Tunis. Le doyen Amor Chadli nous attendait. C\u2019\u00e9tait notre premier contact avec lui. Le port altier, l\u2019\u0153il s\u00e9v\u00e8re, il en imposait aux jeunes \u00e9tudiants que nous \u00e9tions. Deux ans apr\u00e8s, [&hellip;]<\/p>\n","protected":false},"author":1772,"featured_media":70230,"comment_status":"closed","ping_status":"closed","sticky":false,"template":"","format":"standard","meta":{"fifu_image_url":"","fifu_image_alt":"","footnotes":""},"categories":[73,55],"tags":[],"class_list":["post-70229","post","type-post","status-publish","format-standard","has-post-thumbnail","hentry","category-actualite","category-tunisie"],"_links":{"self":[{"href":"https:\/\/linitiative.ca\/International\/wp-json\/wp\/v2\/posts\/70229","targetHints":{"allow":["GET"]}}],"collection":[{"href":"https:\/\/linitiative.ca\/International\/wp-json\/wp\/v2\/posts"}],"about":[{"href":"https:\/\/linitiative.ca\/International\/wp-json\/wp\/v2\/types\/post"}],"author":[{"embeddable":true,"href":"https:\/\/linitiative.ca\/International\/wp-json\/wp\/v2\/users\/1772"}],"replies":[{"embeddable":true,"href":"https:\/\/linitiative.ca\/International\/wp-json\/wp\/v2\/comments?post=70229"}],"version-history":[{"count":0,"href":"https:\/\/linitiative.ca\/International\/wp-json\/wp\/v2\/posts\/70229\/revisions"}],"wp:featuredmedia":[{"embeddable":true,"href":"https:\/\/linitiative.ca\/International\/wp-json\/"}],"wp:attachment":[{"href":"https:\/\/linitiative.ca\/International\/wp-json\/wp\/v2\/media?parent=70229"}],"wp:term":[{"taxonomy":"category","embeddable":true,"href":"https:\/\/linitiative.ca\/International\/wp-json\/wp\/v2\/categories?post=70229"},{"taxonomy":"post_tag","embeddable":true,"href":"https:\/\/linitiative.ca\/International\/wp-json\/wp\/v2\/tags?post=70229"}],"curies":[{"name":"wp","href":"https:\/\/api.w.org\/{rel}","templated":true}]}}