{"id":70231,"date":"2019-12-14T13:30:00","date_gmt":"2019-12-14T18:30:00","guid":{"rendered":"https:\/\/linitiative.ca\/International\/pourquoi-le-premier-ministre-de-la-malaisie-mahatir-mohamad-a-ete-sacre-lhomme-de-lannee-au-forum-de-doha-abum-photos\/"},"modified":"2019-12-14T13:30:00","modified_gmt":"2019-12-14T18:30:00","slug":"pourquoi-le-premier-ministre-de-la-malaisie-mahatir-mohamad-a-ete-sacre-lhomme-de-lannee-au-forum-de-doha-abum-photos","status":"publish","type":"post","link":"https:\/\/linitiative.ca\/International\/pourquoi-le-premier-ministre-de-la-malaisie-mahatir-mohamad-a-ete-sacre-lhomme-de-lannee-au-forum-de-doha-abum-photos\/","title":{"rendered":"Pourquoi le premier ministre de la Malaisie, Mahatir Mohamad a \u00e9t\u00e9 sacr\u00e9 l\u2019Homme de l\u2019Ann\u00e9e au Forum de Doha (Abum photos)"},"content":{"rendered":"<p><span class=\"c2\"><em><strong>Doha- De l\u2019envoy\u00e9 sp\u00e9cial de Leaders, Mohamed Ta\u00efeb.<\/strong><\/em><\/span> La politique a besoin de symboles et les discours, d\u2019icones. Ouvrant samedi matin le <a href=\"https:\/\/www.leaders.com.tn\/article\/28627-doha-forum-2019-comment-re-imaginer-la-gouvernance-dans-un-monde-multipolaire\">Forum de Doha<\/a> d\u00e9di\u00e9 cette ann\u00e9e au th\u00e8me de \u00ab\u00a0r\u00e9-imaginer la gouvernance dans un monde multipolaire\u00a0\u00bb, l\u2019Emir du Qatar, Sheikh Tamim bin Hamad a soulev\u00e9 les applaudissements des 3000 participants en annon\u00e7ant le sacre du Premier ministre de la Malaisie Dr Mahatir Mohamad, 94 ans, Homme de l\u2019Ann\u00e9e 2019. Il s\u2019en servira en exemple et l\u2019expliquera amplement. Tout le discours inaugural du souverain qatari \u00e9tait charpent\u00e9 autour de la force de la l\u00e9galit\u00e9 internationale qui doit l\u2019emporter sur la loi de la force.<\/p>\n<p>L\u2019attachement au multilat\u00e9ralisme et la solidarit\u00e9 de la communaut\u00e9 internationale ainsi que le dialogue et la concertation sont aux yeux de l\u2019Emir Tamim, les leviers indispensables \u00e0 activer pour relever ces redoutables d\u00e9fis qui menacent aujourd\u2019hui les pays. \u00ab\u00a0Nous ne devons pas perdre confiance dans la capacit\u00e9 de la l\u00e9gitimit\u00e9 internationale et il nous appartient de forger de nouveaux concepts et des m\u00e9canismes appropri\u00e9s, ajoutera-t-il. Nous connaissons tous o\u00f9 nous conduit l\u2019effritement des efforts commun, et le renoncement \u00e0 cette l\u00e9galit\u00e9 et quelles cons\u00e9quences suscite l\u2019abandon de certaines puissances de leurs responsabilit\u00e9s, face \u00e0 la pauvret\u00e9, la migration, les r\u00e9fugi\u00e9s, l\u2019extr\u00e9misme, la poursuite en justice des criminels de guerre.\u00a0\u00bb<\/p>\n<p class=\"c3\"><img loading=\"lazy\" decoding=\"async\" src=\"\/uploads\/FCK_files\/Amir1.jpg\" alt=\"\" width=\"700\" vspace=\"5\" hspace=\"5\" height=\"427\" align=\"middle\"\/><\/p>\n<p class=\"c3\"><img loading=\"lazy\" decoding=\"async\" src=\"\/uploads\/FCK_files\/Alsarraj.jpg\" alt=\"\" width=\"700\" vspace=\"5\" hspace=\"5\" height=\"394\" align=\"middle\"\/><\/p>\n<p class=\"c3\"><img loading=\"lazy\" decoding=\"async\" src=\"\/uploads\/FCK_files\/Amir.jpg\" alt=\"\" class=\"c4\" width=\"700\" vspace=\"5\" hspace=\"5\" height=\"427\" align=\"middle\"\/><\/p>\n<p class=\"c5\">\u00ab\u00a0Dans cette multitude de d\u00e9fis, indique Sheikh Tamim, des lueurs d\u2019espoir pointent \u00e0 l\u2019horizon nous offrant des sources d\u2019inspiration. Le Premier ministre Dr Mahatir Mohamad est un exemple \u00e9difiant de bonne gouvernance, il a r\u00e9ussi non seulement la transition \u00e9conomique et sociale de son pays, mais aussi le vivre ensemble harmonieux de toutes les confessions. Il a toujours \u00e9t\u00e9 et le demeure encore d\u00e9termin\u00e9 dans la lutte contre la malversation, apportant sans faille son plein soutien aux nobles causes. Nous sommes en face \u00e0 une \u00e9minence exceptionnelle qui \u00e0 plus de 90 ans, incarne une jeunesse et une ambition d\u00e9bordantes et une volont\u00e9 irr\u00e9ductible d\u2019aller plus de l\u2019avant.\u00a0\u00bb<\/p>\n<p class=\"c3\"><img loading=\"lazy\" decoding=\"async\" src=\"\/uploads\/FCK_files\/Ounaies.jpg\" alt=\"\" width=\"700\" vspace=\"5\" hspace=\"5\" height=\"427\" align=\"middle\"\/><\/p>\n<h2>Bannir les sanctions injustes et ouvrir de nouvelles n\u00e9gociations commerciales \u00e9quitables<\/h2>\n<p>Emu, Dr Mahatir Mohamad est tr\u00e8s sensible \u00e0 cet hommage ponctu\u00e9. La veille, il avait \u00e9t\u00e9 fait docteur honoris causa par l\u2019Universit\u00e9 du Qatar. A 94 ans (n\u00e9 le 10 juillet 1925), et apr\u00e8s avoir conduit la Malaisie pendant 22 ans (de 1981 \u00e0 2003), il avait \u00e9t\u00e9 port\u00e9 de nouveau chef du gouvernement depuis 2018. N\u2019ayant pas la langue dans sa poche, il ne se privera ce samedi matin, de dire tout haut devant un parterre de chefs d\u2019Etat et de gouvernement, ainsi que d\u2019illustres personnalit\u00e9s internationales, ce que beaucoup pensent tout bas. Ses messages seront directs.<\/p>\n<p class=\"c3\"><img loading=\"lazy\" decoding=\"async\" src=\"\/uploads\/FCK_files\/Mahatir1.jpg\" alt=\"\" width=\"700\" vspace=\"5\" hspace=\"5\" height=\"497\" align=\"middle\"\/><\/p>\n<p>\u00ab\u00a0Les pays qui croient encore \u00e0 leur capacit\u00e9 d\u2019h\u00e9g\u00e9monie doivent perdre leurs illusions et comprendre qu\u2019ils ne font qu\u2019attiser davantage les susceptibilit\u00e9s et les tensions, affirmera-t-il. Edicter des sanctions, imposer des id\u00e9ologies, chercher \u00e0 renverser des r\u00e9gimes et imposer des gouvernants sont inacceptables. Les sanctions \u00e9conomiques ne visent pas uniquement des Etats, mais p\u00e9nalisent aussi et surtout des op\u00e9rateurs \u00e9conomiques, leurs entreprises et leurs salari\u00e9s, avec toutes les cons\u00e9quences qu\u2019on imagine.\u00a0\u00bb<\/p>\n<p>Dr Mahatir Mohamad n\u2019ira pas par quatre chemins. \u00ab\u00a0Aucune loi internationale n\u2019autorise des sanctions qui sont in\u00e9quitables et rel\u00e8vent d\u2019une forme de dictature, ponctuera-t-il, faisant directement allusion aux sanctions am\u00e9ricaines contre l\u2019Iran. L\u2019ONU doit adopter une r\u00e9solution \u00e0 l\u2019encontre de ces pratiques, ajoutera-t-il. Aussi, les guerres commerciales renforcent les plus puissants au d\u00e9triment des faibles et ne respectent ni les valeurs universelles, ni les droits de l\u2019Homme. Les litiges commerciaux doivent \u00eatre r\u00e9solus par la n\u00e9gociation et le dialogue, voire s\u2019il le faut en recours devant les tribunaux.\u00a0\u00bb<\/p>\n<p>Le Premier ministre de la Malaisie a appel\u00e9 \u00e0 l\u2019ouverture de nouvelles n\u00e9gociations commerciales internationales \u00ab\u00a0pour r\u00e9\u00e9quilibrer les \u00e9changes mondiaux et permettre \u00e0 chaque pays de pr\u00e9server son \u00e9conomie, dans un accord global. \u00ab\u00a0Il s\u2019agit surtout, a-t-il pr\u00e9cis\u00e9 de prot\u00e9ger les \u00e9conomies \u00e9mergeantes qui ont le plus besoin de prot\u00e9ger leurs ressources et de se doter de tarifs appropri\u00e9s sur leurs importations. L\u2019ouverture des fronti\u00e8res et la suppression des taxes leurs sont pr\u00e9judiciables et elles doivent b\u00e9n\u00e9ficier d\u2019une compensation d\u2019une mani\u00e8re ou d\u2019une autre.\u00a0\u00bb<\/p>\n<h2>Intenses tractations diplomatiques<\/h2>\n<p>Si les d\u00e9bats accaparent l\u2019attention en s\u00e9ances pl\u00e9ni\u00e8res et dans les diff\u00e9rents panels de discussion, \u00e0 l\u2019h\u00f4tel Sheraton Doha o\u00f9 se tien le Forum, sous vigilante mais discr\u00e8te s\u00e9curit\u00e9, d\u2019intenses rencontres au plus haut niveau se poursuivent dans des suites discr\u00e8tes et d\u2019autres palaces de la capitale qatarie. Particuli\u00e8rement, la d\u00e9l\u00e9gation am\u00e9ricaine conduite par le secr\u00e9taire au Tr\u00e9sor, Steven Mnuchin et comprenant notamment Ivanka Trump la fille du pr\u00e9sident (comprenant \u00e9galement nombre de congressmen dont le S\u00e9nateur Graham), multiplie les entretiens. De son c\u00f4t\u00e9, le pr\u00e9sident du gouvernement d\u2019union nationale en Libye, Faiez al Sarraj a eu une s\u00e9rie de rencontre avec la d\u00e9l\u00e9gation turque comprenant notamment le ministre des Affaires \u00e9trang\u00e8res, Mevlut Cavusoglu, le ministre de la D\u00e9fense, Hulusi Akar et le porte parole de la Pr\u00e9sidence turque Ibrahim Kalin.<\/p>\n<p class=\"c6\" trebuchet=\"\" font-size:=\"\" font-style:=\"\" font-variant-ligatures:=\"\" font-variant-caps:=\"\" font-weight:=\"\" letter-spacing:=\"\" orphans:=\"\" text-align:=\"\" text-indent:=\"\" text-transform:=\"\" white-space:=\"\" widows:=\"\" word-spacing:=\"\" text-decoration-style:=\"\" text-decoration-color:=\"\"><strong>Mohamed Ta\u00efeb<\/strong><\/p>\n<p><span class=\"c2\"><strong>Lire aussi:<br \/><\/strong><\/span><\/p>\n<p><a href=\"http:\/\/www.leaders.com.tn\/article\/28627-doha-forum-2019-comment-re-imaginer-la-gouvernance-dans-un-monde-multipolaire\"><span class=\"c2\"><strong>Doha Forum 2019 : comment r\u00e9-imaginer la gouvernance dans un mo<\/strong><\/span>nde multipolaire<\/a><\/p>\n<p>\u00a0<\/p>\n<p>Auteur:<br \/>\n<a href=\"https:\/\/www.leaders.com.tn\/article\/28635-pourquoi-le-premier-ministre-de-malaisie-mahatir-mohamad-a-ete-sacre-l-homme-de-l-annee-au-forum-de-doha\">Cliquez ici pour lire l&rsquo;article depuis sa source.<\/a><\/p>\n","protected":false},"excerpt":{"rendered":"<p>Doha- De l\u2019envoy\u00e9 sp\u00e9cial de Leaders, Mohamed Ta\u00efeb. La politique a besoin de symboles et les discours, d\u2019icones. Ouvrant samedi matin le Forum de Doha d\u00e9di\u00e9 cette ann\u00e9e au th\u00e8me de \u00ab\u00a0r\u00e9-imaginer la gouvernance dans un monde multipolaire\u00a0\u00bb, l\u2019Emir du Qatar, Sheikh Tamim bin Hamad a soulev\u00e9 les applaudissements des 3000 participants en annon\u00e7ant le [&hellip;]<\/p>\n","protected":false},"author":1772,"featured_media":70232,"comment_status":"closed","ping_status":"closed","sticky":false,"template":"","format":"standard","meta":{"fifu_image_url":"","fifu_image_alt":"","footnotes":""},"categories":[73,55],"tags":[],"class_list":["post-70231","post","type-post","status-publish","format-standard","has-post-thumbnail","hentry","category-actualite","category-tunisie"],"_links":{"self":[{"href":"https:\/\/linitiative.ca\/International\/wp-json\/wp\/v2\/posts\/70231","targetHints":{"allow":["GET"]}}],"collection":[{"href":"https:\/\/linitiative.ca\/International\/wp-json\/wp\/v2\/posts"}],"about":[{"href":"https:\/\/linitiative.ca\/International\/wp-json\/wp\/v2\/types\/post"}],"author":[{"embeddable":true,"href":"https:\/\/linitiative.ca\/International\/wp-json\/wp\/v2\/users\/1772"}],"replies":[{"embeddable":true,"href":"https:\/\/linitiative.ca\/International\/wp-json\/wp\/v2\/comments?post=70231"}],"version-history":[{"count":0,"href":"https:\/\/linitiative.ca\/International\/wp-json\/wp\/v2\/posts\/70231\/revisions"}],"wp:featuredmedia":[{"embeddable":true,"href":"https:\/\/linitiative.ca\/International\/wp-json\/"}],"wp:attachment":[{"href":"https:\/\/linitiative.ca\/International\/wp-json\/wp\/v2\/media?parent=70231"}],"wp:term":[{"taxonomy":"category","embeddable":true,"href":"https:\/\/linitiative.ca\/International\/wp-json\/wp\/v2\/categories?post=70231"},{"taxonomy":"post_tag","embeddable":true,"href":"https:\/\/linitiative.ca\/International\/wp-json\/wp\/v2\/tags?post=70231"}],"curies":[{"name":"wp","href":"https:\/\/api.w.org\/{rel}","templated":true}]}}