{"id":70235,"date":"2019-12-14T05:00:00","date_gmt":"2019-12-14T10:00:00","guid":{"rendered":"https:\/\/linitiative.ca\/International\/faut-toujours-se-mefier-du-samedi-qui-succede-a-un-vendredi-13\/"},"modified":"2019-12-14T05:00:00","modified_gmt":"2019-12-14T10:00:00","slug":"faut-toujours-se-mefier-du-samedi-qui-succede-a-un-vendredi-13","status":"publish","type":"post","link":"https:\/\/linitiative.ca\/International\/faut-toujours-se-mefier-du-samedi-qui-succede-a-un-vendredi-13\/","title":{"rendered":"Faut toujours se m\u00e9fier du samedi qui succ\u00e8de \u00e0 un vendredi 13 !"},"content":{"rendered":"<p class=\"c3\">T\u2019as soif ? Suce ton \u2026<\/p>\n<p class=\"c3\"><strong>\u2026doigt bleu !\u00a0<\/strong><\/p>\n<p class=\"c3\">Attendez ! Comme vous y allez, tout de m\u00eame ! Faut pas peindre ainsi tout en noir. Arr\u00eatez de ne voir que le mauvais c\u00f4t\u00e9 des choses. Il y a aussi et surtout les bons c\u00f4t\u00e9s. Un nouveau Pr\u00e9sident \u00e9lu par 39% des voix, plus de 60% \u00abrestants\u00bb \u00e9tant, \u00abforc\u00e9ment\u00bb, des gens aux m\u0153urs bizarres refusant de mani\u00e8re perverse et d\u00e9viante de participer \u00e0 ce scrutin. Il y a aussi ce rajeunissement notable de la moyenne d\u2019\u00e2ge du Ra\u00efs. Boutef\u2019 a 82 ans. Tebboune lui n\u2019est \u00e2g\u00e9 que de 74 ans ! Si ce n\u2019est pas du rajeunissement, du jeunisme furieux, j\u2019en mange mon calendrier, bougies d\u2019anniversaire comprises. Le nouveau Pr\u00e9sident a \u00e9t\u00e9 ministre et Premier ministre de Bouteflika. C\u2019est bien l\u00e0 la preuve qu\u2019une page se tourne, non ? Oui, bon, on ne va tout de m\u00eame pas chicaner sur la mani\u00e8re et la vitesse \u00e0 laquelle les pages se tournent chez nous. On tourne la page comme on peut, \u00e0 74 ans bien tass\u00e9s. Et puis, si des pages se tournent, \u00e7a veut dire qu\u2019il y a des livres ouverts dans cette principaut\u00e9 et que tout n\u2019est pas perdu en mati\u00e8re de lecture et de litt\u00e9rature. Autre aspect super-encourageant, le nouveau Pr\u00e9sident, contrairement au pr\u00e9c\u00e9dent, n\u2019a aucun compte \u00e0 r\u00e9gler. Rieeeeeen ! Pas de ressentiment, pas de rancune, aucune ranc\u0153ur, zen ! Il n\u2019en veut \u00e0 personne, et est pr\u00eat \u00e0 le jurer au bord de la tombe de Redha Malek ! Quoi, le nouveau Pr\u00e9sident n\u2019a pas pu se rendre dans plusieurs r\u00e9gions du pays, notamment en Kabylie durant la campagne ? Vous vouliez peut-\u00eatre qu\u2019il y aille malgr\u00e9 tout et qu\u2019il y d\u00e9clare comme l\u2019\u00abAutre\u00bb l\u2019avait fait \u00abje vous pensais grand peuple, je vous d\u00e9couvre nains !\u00bb Ben non ! Quand m\u00eame ! Faut vraiment positiver ! L\u2019heure est \u00e0 la positive attitude. On a enfin un Pr\u00e9sident \u00e9lu par moins de 8 millions de votants sur un corps \u00e9lectoral de 24 millions, d\u2019une population totale de 44 millions ! C\u2019est pas beau tout \u00e7a ? Si beau que \u00e7a m\u2019\u00e9puise de bonheur. Tellement \u00e7a m\u2019\u00e9puise que je prends \u00e0 partir d\u2019aujourd\u2019hui quelques jours de repos, et esp\u00e8re vous retrouver aux premi\u00e8res lueurs de janvier, \u00abinchallah-toujours\u00bb comme le dit cet autre grand vainqueur de la pr\u00e9sidentielle, Abdelkader Bengrina. En attendant, bonne ann\u00e9e les zouaves et fumez du th\u00e9 pour rester \u00e9veill\u00e9s \u00e0 ce cauchemar qui continue.\u00a0<br \/><em><strong>H. L.<\/strong><\/em><\/p>\n<p>Auteur:<br \/>\n<a href=\"https:\/\/www.lesoirdalgerie.com\/pousse-avec-eux\/faut-toujours-se-mefier-du-samedi-qui-succede-a-un-vendredi-13-35199\">Cliquez ici pour lire l&rsquo;article depuis sa source.<\/a><\/p>\n","protected":false},"excerpt":{"rendered":"<p>T\u2019as soif ? Suce ton \u2026 \u2026doigt bleu !\u00a0 Attendez ! Comme vous y allez, tout de m\u00eame ! Faut pas peindre ainsi tout en noir. Arr\u00eatez de ne voir que le mauvais c\u00f4t\u00e9 des choses. Il y a aussi et surtout les bons c\u00f4t\u00e9s. Un nouveau Pr\u00e9sident \u00e9lu par 39% des voix, plus de [&hellip;]<\/p>\n","protected":false},"author":1741,"featured_media":0,"comment_status":"closed","ping_status":"closed","sticky":false,"template":"","format":"standard","meta":{"fifu_image_url":"","fifu_image_alt":"","footnotes":""},"categories":[73,53],"tags":[],"class_list":["post-70235","post","type-post","status-publish","format-standard","hentry","category-actualite","category-algerie"],"_links":{"self":[{"href":"https:\/\/linitiative.ca\/International\/wp-json\/wp\/v2\/posts\/70235","targetHints":{"allow":["GET"]}}],"collection":[{"href":"https:\/\/linitiative.ca\/International\/wp-json\/wp\/v2\/posts"}],"about":[{"href":"https:\/\/linitiative.ca\/International\/wp-json\/wp\/v2\/types\/post"}],"author":[{"embeddable":true,"href":"https:\/\/linitiative.ca\/International\/wp-json\/wp\/v2\/users\/1741"}],"replies":[{"embeddable":true,"href":"https:\/\/linitiative.ca\/International\/wp-json\/wp\/v2\/comments?post=70235"}],"version-history":[{"count":0,"href":"https:\/\/linitiative.ca\/International\/wp-json\/wp\/v2\/posts\/70235\/revisions"}],"wp:attachment":[{"href":"https:\/\/linitiative.ca\/International\/wp-json\/wp\/v2\/media?parent=70235"}],"wp:term":[{"taxonomy":"category","embeddable":true,"href":"https:\/\/linitiative.ca\/International\/wp-json\/wp\/v2\/categories?post=70235"},{"taxonomy":"post_tag","embeddable":true,"href":"https:\/\/linitiative.ca\/International\/wp-json\/wp\/v2\/tags?post=70235"}],"curies":[{"name":"wp","href":"https:\/\/api.w.org\/{rel}","templated":true}]}}