{"id":70239,"date":"2019-12-14T14:15:03","date_gmt":"2019-12-14T19:15:03","guid":{"rendered":"https:\/\/linitiative.ca\/International\/tunisie-bizerte-saisie-de-600-kg-de-poissons-impropres-a-la-consommation\/"},"modified":"2019-12-14T14:15:03","modified_gmt":"2019-12-14T19:15:03","slug":"tunisie-bizerte-saisie-de-600-kg-de-poissons-impropres-a-la-consommation","status":"publish","type":"post","link":"https:\/\/linitiative.ca\/International\/tunisie-bizerte-saisie-de-600-kg-de-poissons-impropres-a-la-consommation\/","title":{"rendered":"Tunisie \u2013 Bizerte\u00a0: Saisie de 600 kg de poissons impropres \u00e0 la consommation"},"content":{"rendered":"<div class=\"post-cont-in left relative\">\n<div class=\"swp_social_panel swp_horizontal_panel swp_flat_fresh swp_default_full_color swp_individual_full_color swp_other_full_color scale-100 scale-\" data-min-width=\"1100\" data-float-color=\"#ffffff\" data-float=\"none\" data-float-mobile=\"none\" data-transition=\"slide\">\n<div class=\"nc_tweetContainer swp_share_button total_shares total_sharesalt\"><span class=\"swp_count\">79 <span class=\"swp_label\">Partages<\/span><\/span><\/div>\n<\/div>\n<p>Les services du contr\u00f4le d\u2019hygi\u00e8ne relevant de la direction r\u00e9gionale de la sant\u00e9 de Bizerte ont proc\u00e9d\u00e9, ce samedi, \u00e0 la saisie de 600 kg de poissons avari\u00e9s\u00a0 expos\u00e9s \u00e0 la vente au\u00a0 march\u00e9 du poisson\u00a0de Bizerte.<\/p>\n<div class=\"code-block code-block-1 c3\"><ins class=\"adsbygoogle c2\" data-ad-layout=\"in-article\" data-ad-format=\"fluid\" data-ad-client=\"ca-pub-2102118777505746\" data-ad-slot=\"7301775417\"\/> <\/div>\n<p><strong>Que se passe-t-il en Tunisie?<\/strong><br \/>Nous expliquons sur notre <a href=\"https:\/\/www.youtube.com\/channel\/UCRzypVq0B_yBad5eGrwBx0Q?sub_confirmation=1\" target=\"_blank\" rel=\"noopener noreferrer\">cha\u00eene YouTube<\/a> . <a href=\"https:\/\/www.youtube.com\/channel\/UCRzypVq0B_yBad5eGrwBx0Q?sub_confirmation=1\" target=\"_blank\" rel=\"noopener noreferrer\">Abonnez-vous!<\/a><\/p>\n<div class=\"mvp-org-wrap mvp-org-logo\" itemprop=\"publisher\" itemscope=\"\" itemtype=\"https:\/\/schema.org\/Organization\"><img decoding=\"async\" src=\"https:\/\/www.tunisienumerique.com\/wp-content\/uploads\/2017\/02\/logo_tunisie_numerique.png\"\/><\/div>\n<div class=\"swp_social_panel swp_horizontal_panel swp_flat_fresh swp_default_full_color swp_individual_full_color swp_other_full_color scale-100 scale-\" data-min-width=\"1100\" data-float-color=\"#ffffff\" data-float=\"none\" data-float-mobile=\"none\" data-transition=\"slide\">\n<div class=\"nc_tweetContainer swp_share_button total_shares total_sharesalt\"><span class=\"swp_count\">79 <span class=\"swp_label\">Partages<\/span><\/span><\/div>\n<\/div>\n<div class=\"mvp-related-posts left relative\">\n<h4 class=\"post-header\"><span class=\"post-header\">Lire aussi<\/span><\/h4>\n<\/div>\n<\/div>\n<p>Auteur: LM<br \/>\n<a href=\"https:\/\/www.tunisienumerique.com\/tunisie-bizerte-saisie-de-600-kg-de-poissons-impropres-a-la-consommation\/\">Cliquez ici pour lire l&rsquo;article depuis sa source.<\/a><\/p>\n","protected":false},"excerpt":{"rendered":"<p>79 Partages Les services du contr\u00f4le d\u2019hygi\u00e8ne relevant de la direction r\u00e9gionale de la sant\u00e9 de Bizerte ont proc\u00e9d\u00e9, ce samedi, \u00e0 la saisie de 600 kg de poissons avari\u00e9s\u00a0 expos\u00e9s \u00e0 la vente au\u00a0 march\u00e9 du poisson\u00a0de Bizerte. Que se passe-t-il en Tunisie?Nous expliquons sur notre cha\u00eene YouTube . Abonnez-vous! 79 Partages Lire aussi [&hellip;]<\/p>\n","protected":false},"author":1789,"featured_media":70240,"comment_status":"closed","ping_status":"closed","sticky":false,"template":"","format":"standard","meta":{"fifu_image_url":"","fifu_image_alt":"","footnotes":""},"categories":[73,55],"tags":[],"class_list":["post-70239","post","type-post","status-publish","format-standard","has-post-thumbnail","hentry","category-actualite","category-tunisie"],"_links":{"self":[{"href":"https:\/\/linitiative.ca\/International\/wp-json\/wp\/v2\/posts\/70239","targetHints":{"allow":["GET"]}}],"collection":[{"href":"https:\/\/linitiative.ca\/International\/wp-json\/wp\/v2\/posts"}],"about":[{"href":"https:\/\/linitiative.ca\/International\/wp-json\/wp\/v2\/types\/post"}],"author":[{"embeddable":true,"href":"https:\/\/linitiative.ca\/International\/wp-json\/wp\/v2\/users\/1789"}],"replies":[{"embeddable":true,"href":"https:\/\/linitiative.ca\/International\/wp-json\/wp\/v2\/comments?post=70239"}],"version-history":[{"count":0,"href":"https:\/\/linitiative.ca\/International\/wp-json\/wp\/v2\/posts\/70239\/revisions"}],"wp:featuredmedia":[{"embeddable":true,"href":"https:\/\/linitiative.ca\/International\/wp-json\/"}],"wp:attachment":[{"href":"https:\/\/linitiative.ca\/International\/wp-json\/wp\/v2\/media?parent=70239"}],"wp:term":[{"taxonomy":"category","embeddable":true,"href":"https:\/\/linitiative.ca\/International\/wp-json\/wp\/v2\/categories?post=70239"},{"taxonomy":"post_tag","embeddable":true,"href":"https:\/\/linitiative.ca\/International\/wp-json\/wp\/v2\/tags?post=70239"}],"curies":[{"name":"wp","href":"https:\/\/api.w.org\/{rel}","templated":true}]}}