{"id":70241,"date":"2019-12-14T14:24:58","date_gmt":"2019-12-14T19:24:58","guid":{"rendered":"https:\/\/linitiative.ca\/International\/tunisie-ugtt-la-situation-economique-et-sociale-dans-le-pays-est-proche-de-la-faillite\/"},"modified":"2019-12-14T14:24:58","modified_gmt":"2019-12-14T19:24:58","slug":"tunisie-ugtt-la-situation-economique-et-sociale-dans-le-pays-est-proche-de-la-faillite","status":"publish","type":"post","link":"https:\/\/linitiative.ca\/International\/tunisie-ugtt-la-situation-economique-et-sociale-dans-le-pays-est-proche-de-la-faillite\/","title":{"rendered":"Tunisie \u2013 UGTT\u00a0: La situation \u00e9conomique et sociale dans le pays est proche de la faillite"},"content":{"rendered":"<div class=\"post-cont-in left relative\">\n<div class=\"swp_social_panel swp_horizontal_panel swp_flat_fresh swp_default_full_color swp_individual_full_color swp_other_full_color scale-100 scale-\" data-min-width=\"1100\" data-float-color=\"#ffffff\" data-float=\"none\" data-float-mobile=\"none\" data-transition=\"slide\">\n<div class=\"nc_tweetContainer swp_share_button total_shares total_sharesalt\"><span class=\"swp_count\">80 <span class=\"swp_label\">Partages<\/span><\/span><\/div>\n<\/div>\n<p>Le Secr\u00e9taire g\u00e9n\u00e9ral adjoint de l\u2019UGTT, Monaem Amira a annonc\u00e9, ce samedi, en marge d\u2019une r\u00e9union de l\u2019instance administrative r\u00e9gionale de Nabeul, que la situation \u00e9conomique et sociale dans le pays et notamment, la d\u00e9t\u00e9rioration du pouvoir d\u2019achat, ainsi que le d\u00e9ficit budg\u00e9taire de l\u2019Etat et le glissement du dinar, sont autant de signes qui font craindre une faillite tr\u00e8s proche de l\u2019Etat.<\/p>\n<div class=\"code-block code-block-1 c3\"><ins class=\"adsbygoogle c2\" data-ad-layout=\"in-article\" data-ad-format=\"fluid\" data-ad-client=\"ca-pub-2102118777505746\" data-ad-slot=\"7301775417\"\/> <\/div>\n<p>Amira a accus\u00e9 le gouvernement d\u2019avoir abandonn\u00e9 son r\u00f4le social ce qui s\u2019est traduit par la d\u00e9t\u00e9rioration des services rendus au citoyen, comme ceux de la sant\u00e9 ou des transports, ajoutant qu\u2019en plus, le gouvernement voit d\u2019un mauvais \u0153il les mouvements de protestations encadr\u00e9s par l\u2019UGTT.<\/p>\n<p><strong>Que se passe-t-il en Tunisie?<\/strong><br \/>Nous expliquons sur notre <a href=\"https:\/\/www.youtube.com\/channel\/UCRzypVq0B_yBad5eGrwBx0Q?sub_confirmation=1\" target=\"_blank\" rel=\"noopener noreferrer\">cha\u00eene YouTube<\/a> . <a href=\"https:\/\/www.youtube.com\/channel\/UCRzypVq0B_yBad5eGrwBx0Q?sub_confirmation=1\" target=\"_blank\" rel=\"noopener noreferrer\">Abonnez-vous!<\/a><\/p>\n<div class=\"mvp-org-wrap mvp-org-logo\" itemprop=\"publisher\" itemscope=\"\" itemtype=\"https:\/\/schema.org\/Organization\"><img decoding=\"async\" src=\"https:\/\/www.tunisienumerique.com\/wp-content\/uploads\/2017\/02\/logo_tunisie_numerique.png\"\/><\/div>\n<div class=\"swp_social_panel swp_horizontal_panel swp_flat_fresh swp_default_full_color swp_individual_full_color swp_other_full_color scale-100 scale-\" data-min-width=\"1100\" data-float-color=\"#ffffff\" data-float=\"none\" data-float-mobile=\"none\" data-transition=\"slide\">\n<div class=\"nc_tweetContainer swp_share_button total_shares total_sharesalt\"><span class=\"swp_count\">80 <span class=\"swp_label\">Partages<\/span><\/span><\/div>\n<\/div>\n<div class=\"mvp-related-posts left relative\">\n<h4 class=\"post-header\"><span class=\"post-header\">Lire aussi<\/span><\/h4>\n<\/div>\n<\/div>\n<p>Auteur: LM<br \/>\n<a href=\"https:\/\/www.tunisienumerique.com\/tunisie-ugtt-la-situation-economique-et-sociale-dans-le-pays-est-proche-de-la-faillite\/\">Cliquez ici pour lire l&rsquo;article depuis sa source.<\/a><\/p>\n","protected":false},"excerpt":{"rendered":"<p>80 Partages Le Secr\u00e9taire g\u00e9n\u00e9ral adjoint de l\u2019UGTT, Monaem Amira a annonc\u00e9, ce samedi, en marge d\u2019une r\u00e9union de l\u2019instance administrative r\u00e9gionale de Nabeul, que la situation \u00e9conomique et sociale dans le pays et notamment, la d\u00e9t\u00e9rioration du pouvoir d\u2019achat, ainsi que le d\u00e9ficit budg\u00e9taire de l\u2019Etat et le glissement du dinar, sont autant de [&hellip;]<\/p>\n","protected":false},"author":1789,"featured_media":70242,"comment_status":"closed","ping_status":"closed","sticky":false,"template":"","format":"standard","meta":{"fifu_image_url":"","fifu_image_alt":"","footnotes":""},"categories":[73,55],"tags":[],"class_list":["post-70241","post","type-post","status-publish","format-standard","has-post-thumbnail","hentry","category-actualite","category-tunisie"],"_links":{"self":[{"href":"https:\/\/linitiative.ca\/International\/wp-json\/wp\/v2\/posts\/70241","targetHints":{"allow":["GET"]}}],"collection":[{"href":"https:\/\/linitiative.ca\/International\/wp-json\/wp\/v2\/posts"}],"about":[{"href":"https:\/\/linitiative.ca\/International\/wp-json\/wp\/v2\/types\/post"}],"author":[{"embeddable":true,"href":"https:\/\/linitiative.ca\/International\/wp-json\/wp\/v2\/users\/1789"}],"replies":[{"embeddable":true,"href":"https:\/\/linitiative.ca\/International\/wp-json\/wp\/v2\/comments?post=70241"}],"version-history":[{"count":0,"href":"https:\/\/linitiative.ca\/International\/wp-json\/wp\/v2\/posts\/70241\/revisions"}],"wp:featuredmedia":[{"embeddable":true,"href":"https:\/\/linitiative.ca\/International\/wp-json\/"}],"wp:attachment":[{"href":"https:\/\/linitiative.ca\/International\/wp-json\/wp\/v2\/media?parent=70241"}],"wp:term":[{"taxonomy":"category","embeddable":true,"href":"https:\/\/linitiative.ca\/International\/wp-json\/wp\/v2\/categories?post=70241"},{"taxonomy":"post_tag","embeddable":true,"href":"https:\/\/linitiative.ca\/International\/wp-json\/wp\/v2\/tags?post=70241"}],"curies":[{"name":"wp","href":"https:\/\/api.w.org\/{rel}","templated":true}]}}