{"id":70245,"date":"2019-12-14T15:19:52","date_gmt":"2019-12-14T20:19:52","guid":{"rendered":"https:\/\/linitiative.ca\/International\/tunisie-habib-jemli-il-va-falloir-que-quelquun-lui-dise-quil-nest-plus-nimporte-qui-pour-se-permettre-de-dire-nimporte-quoi\/"},"modified":"2019-12-14T15:19:52","modified_gmt":"2019-12-14T20:19:52","slug":"tunisie-habib-jemli-il-va-falloir-que-quelquun-lui-dise-quil-nest-plus-nimporte-qui-pour-se-permettre-de-dire-nimporte-quoi","status":"publish","type":"post","link":"https:\/\/linitiative.ca\/International\/tunisie-habib-jemli-il-va-falloir-que-quelquun-lui-dise-quil-nest-plus-nimporte-qui-pour-se-permettre-de-dire-nimporte-quoi\/","title":{"rendered":"Tunisie \u2013 Habib jemli\u00a0: Il va falloir que quelqu\u2019un lui dise qu\u2019il n\u2019est plus n\u2019importe qui pour se permettre de dire n\u2019importe quoi\u00a0!"},"content":{"rendered":"<div class=\"post-cont-in left relative\">\n<div class=\"swp_social_panel swp_horizontal_panel swp_flat_fresh swp_default_full_color swp_individual_full_color swp_other_full_color scale-100 scale-\" data-min-width=\"1100\" data-float-color=\"#ffffff\" data-float=\"none\" data-float-mobile=\"none\" data-transition=\"slide\">\n<div class=\"nc_tweetContainer swp_share_button total_shares total_sharesalt\"><span class=\"swp_count\">48 <span class=\"swp_label\">Partages<\/span><\/span><\/div>\n<\/div>\n<p>Il est vrai que Habib Jemli semble \u00eatre \u00e0 des ann\u00e9es lumi\u00e8res de former, puis de pr\u00e9sider son gouvernement. Il n\u2019emp\u00eache que du moment qu\u2019il a \u00e9t\u00e9 charg\u00e9 pour diriger le pays, durant la p\u00e9riode \u00e0 venir, il est devenu \u00e9cout\u00e9, regard\u00e9, scrut\u00e9 par tout le monde. Du coup, ses d\u00e9clarations, m\u00eame les plus anodines, \u00e0 son avis, deviennent des d\u00e9clarations officielles qui refl\u00e8tent la position du gouvernement et de l\u2019Etat tunisien.<\/p>\n<div class=\"code-block code-block-1 c3\"><ins class=\"adsbygoogle c2\" data-ad-layout=\"in-article\" data-ad-format=\"fluid\" data-ad-client=\"ca-pub-2102118777505746\" data-ad-slot=\"7301775417\"\/> <\/div>\n<p>Il devrait, de ce fait, savoir qu\u2019il doit arr\u00eater de dire n\u2019importe quoi ou de faire n\u2019importe quelle r\u00e9flexion\u2026 Il doit savoir que \u00ab\u00a0le monde le regarde\u00a0\u00bb\u00a0!<\/p>\n<p>On ne comprend pas ce qui a pris Habib Jemli, pour <a href=\"https:\/\/www.tunisienumerique.com\/tunisie-habib-jemli-annonce-une-strategie-pour-sauver-le-pays-et-les-institutions-de-la-faillite\/\">parler de la faillite du pays et de ses institutions<\/a> dans un tweet, qu\u2019il a post\u00e9 sur sa page officielle, il y a de \u00e7\u00e0 une semaine. Un tweet dans lequel il se vante d\u2019\u00eatre en train de mettre en place \u00ab\u00a0une strat\u00e9gie sans pr\u00e9c\u00e9dant, pour tenter de sauver le pays et ses institutions de la faillite\u00a0\u00bb.<\/p>\n<p>Qu\u2019un citoyen lambda le dise, ou que ce soit un repr\u00e9sentant de l\u2019opposition, ou encore, un des responsables de l\u2019UGTT, passe encore. Mais que \u00e7\u00e0 vienne de la bouche du premier responsable du pays, cela pourrait avoir des cons\u00e9quences incalculables, qu\u2019il semble ignorer.<\/p>\n<p>Il a l\u2019air, en effet, d\u2019ignorer que quand\u00a0le premier responsable d\u2019un pays parle de faillite de ses institutions, il est pris au mot, non pas par ceux qu\u2019il voulait \u00e9pater, mais par d\u2019autres auditeurs et lecteurs attentifs \u00e0 tout ce qui se passe, ou qui risque de se passer dans le pays.<\/p>\n<p>Ainsi, il va faire peur aux probables investisseurs \u00e9trangers qui vont se dire que la situation est bien trop grave pour qu\u2019ils se hasardent \u00e0 placer un sou en Tunisie. Il va aussi attirer l\u2019attention des fameuses\u00a0et fumeuses agences de notation des pays et de leurs institutions, qui vont se dire, que si c\u2019est lui qui le dit, c\u2019est que c\u2019est certainement, bien plus grave que \u00e7\u00e0. Par ailleurs, les \u00e9ventuels bailleurs de fonds vont devenir plus \u00ab\u00a0attentifs\u00a0\u00bb. Ce qui se r\u00e9percutera forc\u00e9ment sur les taux d\u2019int\u00e9r\u00eat qu\u2019ils vont imposer \u00e0 Habib Jemli\u2026 Et, bonjour les d\u00e9g\u00e2ts\u00a0!<\/p>\n<p>Alors de gr\u00e2ce, messieurs les responsables ou les conseillers de communication \u00e0 Dar Dhiafa, ayez piti\u00e9 de ce pauvre peuple qui agonise et qui n\u2019a nullement besoin d\u2019un coup de gr\u00e2ce de la part de Habib jemli\u00a0!<\/p>\n<p><strong>Que se passe-t-il en Tunisie?<\/strong><br \/>Nous expliquons sur notre <a href=\"https:\/\/www.youtube.com\/channel\/UCRzypVq0B_yBad5eGrwBx0Q?sub_confirmation=1\" target=\"_blank\" rel=\"noopener noreferrer\">cha\u00eene YouTube<\/a> . <a href=\"https:\/\/www.youtube.com\/channel\/UCRzypVq0B_yBad5eGrwBx0Q?sub_confirmation=1\" target=\"_blank\" rel=\"noopener noreferrer\">Abonnez-vous!<\/a><\/p>\n<div class=\"mvp-org-wrap mvp-org-logo\" itemprop=\"publisher\" itemscope=\"\" itemtype=\"https:\/\/schema.org\/Organization\"><img decoding=\"async\" src=\"https:\/\/www.tunisienumerique.com\/wp-content\/uploads\/2017\/02\/logo_tunisie_numerique.png\"\/><\/div>\n<div class=\"swp_social_panel swp_horizontal_panel swp_flat_fresh swp_default_full_color swp_individual_full_color swp_other_full_color scale-100 scale-\" data-min-width=\"1100\" data-float-color=\"#ffffff\" data-float=\"none\" data-float-mobile=\"none\" data-transition=\"slide\">\n<div class=\"nc_tweetContainer swp_share_button total_shares total_sharesalt\"><span class=\"swp_count\">48 <span class=\"swp_label\">Partages<\/span><\/span><\/div>\n<\/div>\n<div class=\"mvp-related-posts left relative\">\n<h4 class=\"post-header\"><span class=\"post-header\">Lire aussi<\/span><\/h4>\n<\/div>\n<\/div>\n<p>Auteur: Saber .<br \/>\n<a href=\"https:\/\/www.tunisienumerique.com\/tunisie-habib-jemli-il-va-falloir-que-quelquun-lui-dise-quil-nest-plus-nimporte-qui-pour-se-permettre-de-dire-nimporte-quoi\/\">Cliquez ici pour lire l&rsquo;article depuis sa source.<\/a><\/p>\n","protected":false},"excerpt":{"rendered":"<p>48 Partages Il est vrai que Habib Jemli semble \u00eatre \u00e0 des ann\u00e9es lumi\u00e8res de former, puis de pr\u00e9sider son gouvernement. Il n\u2019emp\u00eache que du moment qu\u2019il a \u00e9t\u00e9 charg\u00e9 pour diriger le pays, durant la p\u00e9riode \u00e0 venir, il est devenu \u00e9cout\u00e9, regard\u00e9, scrut\u00e9 par tout le monde. Du coup, ses d\u00e9clarations, m\u00eame les [&hellip;]<\/p>\n","protected":false},"author":1789,"featured_media":70246,"comment_status":"closed","ping_status":"closed","sticky":false,"template":"","format":"standard","meta":{"fifu_image_url":"","fifu_image_alt":"","footnotes":""},"categories":[73,55],"tags":[],"class_list":["post-70245","post","type-post","status-publish","format-standard","has-post-thumbnail","hentry","category-actualite","category-tunisie"],"_links":{"self":[{"href":"https:\/\/linitiative.ca\/International\/wp-json\/wp\/v2\/posts\/70245","targetHints":{"allow":["GET"]}}],"collection":[{"href":"https:\/\/linitiative.ca\/International\/wp-json\/wp\/v2\/posts"}],"about":[{"href":"https:\/\/linitiative.ca\/International\/wp-json\/wp\/v2\/types\/post"}],"author":[{"embeddable":true,"href":"https:\/\/linitiative.ca\/International\/wp-json\/wp\/v2\/users\/1789"}],"replies":[{"embeddable":true,"href":"https:\/\/linitiative.ca\/International\/wp-json\/wp\/v2\/comments?post=70245"}],"version-history":[{"count":0,"href":"https:\/\/linitiative.ca\/International\/wp-json\/wp\/v2\/posts\/70245\/revisions"}],"wp:featuredmedia":[{"embeddable":true,"href":"https:\/\/linitiative.ca\/International\/wp-json\/"}],"wp:attachment":[{"href":"https:\/\/linitiative.ca\/International\/wp-json\/wp\/v2\/media?parent=70245"}],"wp:term":[{"taxonomy":"category","embeddable":true,"href":"https:\/\/linitiative.ca\/International\/wp-json\/wp\/v2\/categories?post=70245"},{"taxonomy":"post_tag","embeddable":true,"href":"https:\/\/linitiative.ca\/International\/wp-json\/wp\/v2\/tags?post=70245"}],"curies":[{"name":"wp","href":"https:\/\/api.w.org\/{rel}","templated":true}]}}