{"id":70249,"date":"2019-12-14T07:05:40","date_gmt":"2019-12-14T12:05:40","guid":{"rendered":"https:\/\/linitiative.ca\/International\/assisses-criminelles\/"},"modified":"2019-12-14T07:05:40","modified_gmt":"2019-12-14T12:05:40","slug":"assisses-criminelles","status":"publish","type":"post","link":"https:\/\/linitiative.ca\/International\/assisses-criminelles\/","title":{"rendered":"Assisses criminelles"},"content":{"rendered":"<p><strong>Pr\u00e8s d\u2019une centaine de dossiers dont des assassinats, des viols et des crimes \u00e9conomiques seront jug\u00e9s entre d\u00e9cembre 2019\u00a0 et janvier2020, lors d\u2019assisses criminelles \u00e0 Ouagadougou et \u00e0 Ouahigouya (Nord)<\/strong><\/p>\n<div class=\"td-a-rec td-a-rec-id-content_bottom  tdi_30_22d td_block_template_1\">\n<style><![CDATA[\n\/* custom css *\/\n.tdi_30_22d.td-a-rec-img{\n\t\t\t\t    text-align: left;\n\t\t\t\t}.tdi_30_22d.td-a-rec-img img{\n                    margin: 0 auto 0 0;\n                }\n]]><\/style>\n<p><img loading=\"lazy\" decoding=\"async\" class=\"aligncenter size-full wp-image-9623\" src=\"https:\/\/www.sidwaya.info\/wp-content\/uploads\/2019\/06\/Projet-bannie\u0300re-Orange-mobile.jpg\" alt=\"\" width=\"728\" height=\"81\"\/><\/div>\n<p>Auteur: BS. Sidwaya<br \/>\n<a href=\"https:\/\/www.sidwaya.info\/blog\/2019\/12\/14\/assisses-criminelles\/\">Cliquez ici pour lire l&rsquo;article depuis sa source.<\/a><\/p>\n","protected":false},"excerpt":{"rendered":"<p>Pr\u00e8s d\u2019une centaine de dossiers dont des assassinats, des viols et des crimes \u00e9conomiques seront jug\u00e9s entre d\u00e9cembre 2019\u00a0 et janvier2020, lors d\u2019assisses criminelles \u00e0 Ouagadougou et \u00e0 Ouahigouya (Nord) Auteur: BS. Sidwaya Cliquez ici pour lire l&rsquo;article depuis sa source.<\/p>\n","protected":false},"author":1816,"featured_media":70250,"comment_status":"closed","ping_status":"closed","sticky":false,"template":"","format":"standard","meta":{"fifu_image_url":"","fifu_image_alt":"","footnotes":""},"categories":[73,81],"tags":[],"class_list":["post-70249","post","type-post","status-publish","format-standard","has-post-thumbnail","hentry","category-actualite","category-burkina-faso"],"_links":{"self":[{"href":"https:\/\/linitiative.ca\/International\/wp-json\/wp\/v2\/posts\/70249","targetHints":{"allow":["GET"]}}],"collection":[{"href":"https:\/\/linitiative.ca\/International\/wp-json\/wp\/v2\/posts"}],"about":[{"href":"https:\/\/linitiative.ca\/International\/wp-json\/wp\/v2\/types\/post"}],"author":[{"embeddable":true,"href":"https:\/\/linitiative.ca\/International\/wp-json\/wp\/v2\/users\/1816"}],"replies":[{"embeddable":true,"href":"https:\/\/linitiative.ca\/International\/wp-json\/wp\/v2\/comments?post=70249"}],"version-history":[{"count":0,"href":"https:\/\/linitiative.ca\/International\/wp-json\/wp\/v2\/posts\/70249\/revisions"}],"wp:featuredmedia":[{"embeddable":true,"href":"https:\/\/linitiative.ca\/International\/wp-json\/"}],"wp:attachment":[{"href":"https:\/\/linitiative.ca\/International\/wp-json\/wp\/v2\/media?parent=70249"}],"wp:term":[{"taxonomy":"category","embeddable":true,"href":"https:\/\/linitiative.ca\/International\/wp-json\/wp\/v2\/categories?post=70249"},{"taxonomy":"post_tag","embeddable":true,"href":"https:\/\/linitiative.ca\/International\/wp-json\/wp\/v2\/tags?post=70249"}],"curies":[{"name":"wp","href":"https:\/\/api.w.org\/{rel}","templated":true}]}}