{"id":70251,"date":"2019-12-14T12:50:02","date_gmt":"2019-12-14T17:50:02","guid":{"rendered":"https:\/\/linitiative.ca\/International\/gb-johnson-appelle-a-lunite-dans-les-terres-arrachees-aux-travaillistes\/"},"modified":"2019-12-14T12:50:02","modified_gmt":"2019-12-14T17:50:02","slug":"gb-johnson-appelle-a-lunite-dans-les-terres-arrachees-aux-travaillistes","status":"publish","type":"post","link":"https:\/\/linitiative.ca\/International\/gb-johnson-appelle-a-lunite-dans-les-terres-arrachees-aux-travaillistes\/","title":{"rendered":"GB: Johnson appelle \u00e0 l\u2019unit\u00e9 dans les terres arrach\u00e9es aux travaillistes"},"content":{"rendered":"<div readability=\"32\">\n<p>Publi\u00e9 le 14.12.2019 \u00e0 18h50 par AFP<\/p>\n<\/div>\n<div readability=\"129\">\n<p>Le Premier ministre britannique Boris Johnson a cherch\u00e9 \u00e0 apaiser les divisions \u00e0 l\u2019occasion d\u2019une tourn\u00e9e dans les terres arrach\u00e9es jeudi aux travaillistes, lors d\u2019\u00e9lections l\u00e9gislatives l\u2019ayant cr\u00e9dit\u00e9 d\u2019une large majorit\u00e9 au Parlement.<\/p>\n<p>Les conservateurs ont remport\u00e9 365 si\u00e8ges (+48) sur les 650 disponibles \u00e0 Westminster, gr\u00e2ce \u00e0 la prise de circonscriptions ouvri\u00e8res acquises depuis des d\u00e9cennies aux travaillistes, mais favorables au Brexit : comme celle de Sedgefield, fief de l\u2019ancien Premier ministre travailliste Tony Blair, o\u00f9 s\u2019est rendu samedi le Premier ministre.<\/p>\n<p>\u00ab\u00a0J\u2019imagine les \u00e9lecteurs avec leur crayon, h\u00e9sitants au dessus du bulletin de vote, avant de finalement cocher la case +Conservateurs+\u00a0\u00bb, a narr\u00e9 Boris Johnson lors d\u2019un discours dans un club local de criquet, devant une foule de partisans et certains de ses d\u00e9put\u00e9s nouvellement \u00e9lus.<\/p>\n<p>\u00ab\u00a0Je sais que des gens ont peut-\u00eatre rompu des habitudes de votes ancr\u00e9es depuis des g\u00e9n\u00e9rations en votant pour nous\u00a0\u00bb, a-t-il ajout\u00e9, promettant \u00e0 ces \u00e9lecteurs de \u00ab\u00a0s\u2019acquitter de la confiance\u00a0\u00bb qu\u2019ils ont plac\u00e9e en lui.<\/p>\n<p>Selon Boris Johnson, sa victoire r\u00e9sulte de la \u00ab\u00a0d\u00e9cision irr\u00e9futable, irr\u00e9sistible et incontestable\u00a0\u00bb des Britanniques d\u2019enfin \u00ab\u00a0r\u00e9aliser le Brexit\u00a0\u00bb au 31 janvier, grand mantra de sa campagne.<\/p>\n<p>\u2013 \u00ab\u00a0Pays uni\u00a0\u00bb ? \u2013<\/p>\n<p>Apr\u00e8s plus de trois ans de d\u00e9chirements depuis le r\u00e9f\u00e9rendum de 2016, o\u00f9 les Britanniques avaient vot\u00e9 \u00e0 52% pour une sortie de l\u2019Union europ\u00e9enne, le leader conservateur joue depuis l\u2019annonce des r\u00e9sultats la carte de la r\u00e9unification.<\/p>\n<p>\u00ab\u00a0J\u2019appelle tout le monde \u00e0 tourner la page et \u00e0 commencer \u00e0 panser les blessures\u00a0\u00bb, avait-t-il d\u00e9clar\u00e9 la veille lors d\u2019une courte allocution devant le 10, Downing Street, insistant sur sa volont\u00e9 de se concentrer d\u00e9sormais sur des priorit\u00e9s comme la sant\u00e9, la s\u00e9curit\u00e9, l\u2019\u00e9ducation et les infrastructures.<\/p>\n<p>Une position qui re\u00e7u l\u2019appui samedi matin de Kim Leadbeater, la s\u0153ur de l\u2019ancienne d\u00e9put\u00e9e travailliste pro-europ\u00e9enne Jo Cox, assassin\u00e9e une semaine avant le r\u00e9f\u00e9rendum sur le Brexit par un sympathisant n\u00e9o-nazi.<\/p>\n<p>\u00ab\u00a0Nous devons trouver le moyen de redevenir un pays uni\u00a0\u00bb, a-t-elle d\u00e9clar\u00e9 \u00e0 la BBC, voyant dans ces \u00e9lections \u00ab\u00a0l\u2019opportunit\u00e9 d\u2019aller de l\u2019avant apr\u00e8s l\u2019une des p\u00e9riodes les plus toxiques et tumultueuse de notre histoire politique\u00a0\u00bb.<\/p>\n<p>Le secr\u00e9taire g\u00e9n\u00e9ral adjoint du Congr\u00e8s des syndicats, Paul Nowa, a lui demand\u00e9 au Premier ministre conservateur de \u00ab\u00a0joindre les actes \u00e0 la parole\u00a0\u00bb et \u00ab\u00a0de collaborer avec les syndicats, s\u2019engager avec les travailleurs\u00a0\u00bb.<\/p>\n<p>S\u2019exprimant lui aussi samedi matin sur la BBC, M. Nowa a intim\u00e9 au dirigeant conservateur de \u00ab\u00a0respecter ses engagements aupr\u00e8s des \u00e9lecteurs du nord-est et des Midlands, qui ont peut-\u00eatre pour la premi\u00e8re fois vot\u00e9 pour lui\u00a0\u00bb, en \u00ab\u00a0r\u00e9alisant un Brexit qui prot\u00e8ge l\u2019emploi et le droit du travail\u00a0\u00bb.<\/p>\n<p>L\u2019appel de Boris Johnson \u00e0 l\u2019unit\u00e9 ne sera pas facilit\u00e9 par les nationalistes \u00e9cossais du SNP, dont le tr\u00e8s bon score(48 si\u00e8ges, +13 par rapport \u00e0 2017) constitue selon leur leader Nicola Sturgeon un \u00ab\u00a0mandat\u00a0\u00bb pour un nouveau r\u00e9f\u00e9rendum sur l\u2019avenir de l\u2019\u00c9cosse, oppos\u00e9e au Brexit, apr\u00e8s celui perdu en 2014.<\/p>\n<p>L\u2019opposition travailliste s\u2019est, elle, effondr\u00e9e \u00e0 203 si\u00e8ges (contre 262 auparavant), son pire score depuis 1935, pla\u00e7ant sur un si\u00e8ge \u00e9jectable son tr\u00e8s \u00e0 gauche chef de file Jeremy Corbyn, humili\u00e9.<\/p>\n<\/div>\n<p>Auteur: AFP<br \/>\n<a href=\"https:\/\/www.journalducameroun.com\/gb-johnson-appelle-a-lunite-dans-les-terres-arrachees-aux-travaillistes\/\">Cliquez ici pour lire l&rsquo;article depuis sa source.<\/a><\/p>\n","protected":false},"excerpt":{"rendered":"<p>Publi\u00e9 le 14.12.2019 \u00e0 18h50 par AFP Le Premier ministre britannique Boris Johnson a cherch\u00e9 \u00e0 apaiser les divisions \u00e0 l\u2019occasion d\u2019une tourn\u00e9e dans les terres arrach\u00e9es jeudi aux travaillistes, lors d\u2019\u00e9lections l\u00e9gislatives l\u2019ayant cr\u00e9dit\u00e9 d\u2019une large majorit\u00e9 au Parlement. Les conservateurs ont remport\u00e9 365 si\u00e8ges (+48) sur les 650 disponibles \u00e0 Westminster, gr\u00e2ce \u00e0 [&hellip;]<\/p>\n","protected":false},"author":1965,"featured_media":0,"comment_status":"closed","ping_status":"closed","sticky":false,"template":"","format":"standard","meta":{"fifu_image_url":"","fifu_image_alt":"","footnotes":""},"categories":[73,82],"tags":[],"class_list":["post-70251","post","type-post","status-publish","format-standard","hentry","category-actualite","category-cameroun"],"_links":{"self":[{"href":"https:\/\/linitiative.ca\/International\/wp-json\/wp\/v2\/posts\/70251","targetHints":{"allow":["GET"]}}],"collection":[{"href":"https:\/\/linitiative.ca\/International\/wp-json\/wp\/v2\/posts"}],"about":[{"href":"https:\/\/linitiative.ca\/International\/wp-json\/wp\/v2\/types\/post"}],"author":[{"embeddable":true,"href":"https:\/\/linitiative.ca\/International\/wp-json\/wp\/v2\/users\/1965"}],"replies":[{"embeddable":true,"href":"https:\/\/linitiative.ca\/International\/wp-json\/wp\/v2\/comments?post=70251"}],"version-history":[{"count":0,"href":"https:\/\/linitiative.ca\/International\/wp-json\/wp\/v2\/posts\/70251\/revisions"}],"wp:attachment":[{"href":"https:\/\/linitiative.ca\/International\/wp-json\/wp\/v2\/media?parent=70251"}],"wp:term":[{"taxonomy":"category","embeddable":true,"href":"https:\/\/linitiative.ca\/International\/wp-json\/wp\/v2\/categories?post=70251"},{"taxonomy":"post_tag","embeddable":true,"href":"https:\/\/linitiative.ca\/International\/wp-json\/wp\/v2\/tags?post=70251"}],"curies":[{"name":"wp","href":"https:\/\/api.w.org\/{rel}","templated":true}]}}