{"id":70252,"date":"2019-12-14T13:18:03","date_gmt":"2019-12-14T18:18:03","guid":{"rendered":"https:\/\/linitiative.ca\/International\/lart-gnaoua-declare-par-lunesco-patrimoine-culturel-immateriel-de-lhumanite\/"},"modified":"2019-12-14T13:18:03","modified_gmt":"2019-12-14T18:18:03","slug":"lart-gnaoua-declare-par-lunesco-patrimoine-culturel-immateriel-de-lhumanite","status":"publish","type":"post","link":"https:\/\/linitiative.ca\/International\/lart-gnaoua-declare-par-lunesco-patrimoine-culturel-immateriel-de-lhumanite\/","title":{"rendered":"L\u2019art Gnaoua d\u00e9clar\u00e9 par l\u2019UNESCO patrimoine culturel immat\u00e9riel de l\u2019humanit\u00e9"},"content":{"rendered":"<div readability=\"32\">\n<p>Publi\u00e9 le 14.12.2019 \u00e0 19h18 par APA News<\/p>\n<\/div>\n<div readability=\"57\">\n<p>L\u2019art Gnaoua a \u00e9t\u00e9 inscrit par le Comit\u00e9 intergouvernemental de sauvegarde du patrimoine culturel immat\u00e9riel de l\u2019Organisation des Nations unies pour l\u2019\u00e9ducation, la science et la culture (Unesco) \u00e0 la liste repr\u00e9sentative du patrimoine culturel immat\u00e9riel de l\u2019humanit\u00e9.La candidature de l\u2019art Gnaoua a \u00e9t\u00e9 approuv\u00e9e lors de la 14\u00e8me session annuelle du Comit\u00e9 intergouvernemental de sauvegarde du patrimoine culturel immat\u00e9riel de l\u2019Unesco qui tient ses travaux du 09 au 14 d\u00e9cembre dans la capitale colombienne, Bogota en pr\u00e9sence de plus de 124 pays, dont le Maroc.<\/p>\n<p>L\u2019art Gnaoua\u00a0vient s\u2019ajouter \u00e0 sept autres \u00e9l\u00e9ments du patrimoine national d\u00e9j\u00e0 inscrits sur cette liste, en l\u2019occurrence \u00ab L\u2019espace culturel de la place Jemaa el-Fna \u00bb, \u00ab Le Moussem de Tan-Tan \u00bb, \u00ab La di\u00e8te m\u00e9diterran\u00e9enne \u00bb, \u00ab La fauconnerie \u00bb, \u00ab Le festival des cerises de Sefrou \u00bb, \u00ab Les pratiques et savoir-faire li\u00e9s \u00e0 l\u2019arganier \u00bb et \u00ab La Taskiwin \u00bb, danse martiale du Haut-Atlas occidental class\u00e9e comme \u00ab n\u00e9cessitant une sauvegarde urgente \u00bb.<\/p>\n<p>Pour rappel, la liste repr\u00e9sentative du patrimoine culturel immat\u00e9riel de l\u2019humanit\u00e9, qui compte \u00e0 ce jour 429 \u00e9l\u00e9ments inscrits, vise \u00e0 assurer une plus grande visibilit\u00e9 aux pratiques culturelles et aux savoir-faire port\u00e9s par les communaut\u00e9s.<\/p>\n<\/div>\n<p>Auteur: APA News<br \/>\n<a href=\"https:\/\/www.journalducameroun.com\/lart-gnaoua-declare-par-lunesco-patrimoine-culturel-immateriel-de-lhumanite\/\">Cliquez ici pour lire l&rsquo;article depuis sa source.<\/a><\/p>\n","protected":false},"excerpt":{"rendered":"<p>Publi\u00e9 le 14.12.2019 \u00e0 19h18 par APA News L\u2019art Gnaoua a \u00e9t\u00e9 inscrit par le Comit\u00e9 intergouvernemental de sauvegarde du patrimoine culturel immat\u00e9riel de l\u2019Organisation des Nations unies pour l\u2019\u00e9ducation, la science et la culture (Unesco) \u00e0 la liste repr\u00e9sentative du patrimoine culturel immat\u00e9riel de l\u2019humanit\u00e9.La candidature de l\u2019art Gnaoua a \u00e9t\u00e9 approuv\u00e9e lors de [&hellip;]<\/p>\n","protected":false},"author":1965,"featured_media":0,"comment_status":"closed","ping_status":"closed","sticky":false,"template":"","format":"standard","meta":{"fifu_image_url":"","fifu_image_alt":"","footnotes":""},"categories":[73,82],"tags":[],"class_list":["post-70252","post","type-post","status-publish","format-standard","hentry","category-actualite","category-cameroun"],"_links":{"self":[{"href":"https:\/\/linitiative.ca\/International\/wp-json\/wp\/v2\/posts\/70252","targetHints":{"allow":["GET"]}}],"collection":[{"href":"https:\/\/linitiative.ca\/International\/wp-json\/wp\/v2\/posts"}],"about":[{"href":"https:\/\/linitiative.ca\/International\/wp-json\/wp\/v2\/types\/post"}],"author":[{"embeddable":true,"href":"https:\/\/linitiative.ca\/International\/wp-json\/wp\/v2\/users\/1965"}],"replies":[{"embeddable":true,"href":"https:\/\/linitiative.ca\/International\/wp-json\/wp\/v2\/comments?post=70252"}],"version-history":[{"count":0,"href":"https:\/\/linitiative.ca\/International\/wp-json\/wp\/v2\/posts\/70252\/revisions"}],"wp:attachment":[{"href":"https:\/\/linitiative.ca\/International\/wp-json\/wp\/v2\/media?parent=70252"}],"wp:term":[{"taxonomy":"category","embeddable":true,"href":"https:\/\/linitiative.ca\/International\/wp-json\/wp\/v2\/categories?post=70252"},{"taxonomy":"post_tag","embeddable":true,"href":"https:\/\/linitiative.ca\/International\/wp-json\/wp\/v2\/tags?post=70252"}],"curies":[{"name":"wp","href":"https:\/\/api.w.org\/{rel}","templated":true}]}}