{"id":70253,"date":"2019-12-14T14:18:03","date_gmt":"2019-12-14T19:18:03","guid":{"rendered":"https:\/\/linitiative.ca\/International\/cote-divoire-lambassadeur-de-lallemagne-souhaite-une-annee-tres-paisible-pour-2020\/"},"modified":"2019-12-14T14:18:03","modified_gmt":"2019-12-14T19:18:03","slug":"cote-divoire-lambassadeur-de-lallemagne-souhaite-une-annee-tres-paisible-pour-2020","status":"publish","type":"post","link":"https:\/\/linitiative.ca\/International\/cote-divoire-lambassadeur-de-lallemagne-souhaite-une-annee-tres-paisible-pour-2020\/","title":{"rendered":"C\u00f4te d\u2019Ivoire : l\u2019ambassadeur de l\u2019Allemagne souhaite \u00ab une ann\u00e9e tr\u00e8s paisible pour 2020 \u00bb"},"content":{"rendered":"<div readability=\"32\">\n<p>Publi\u00e9 le 14.12.2019 \u00e0 20h18 par APA News<\/p>\n<\/div>\n<div readability=\"93\">\n<p>L\u2019ambassadeur de la R\u00e9publique f\u00e9d\u00e9rale d\u2019Allemagne en C\u00f4te d\u2019Ivoire, Michael Grau, a souhait\u00e9 vendredi soir, pour le pays, \u00ab une ann\u00e9e tr\u00e8s paisible pour 2020 \u00bb, ann\u00e9e \u00e9lectorale, \u00e0 l\u2019occasion d\u2019un concert de No\u00ebl avec les enfants de Blockhauss, un village de la commune de Cocody, dans l\u2019Est d\u2019Abidjan.\u00ab Nous souhaitons une ann\u00e9e tr\u00e8s paisible pour 2020, pour tous \u00bb, une ann\u00e9e \u00e9lectorale marqu\u00e9e par l\u2019\u00e9lection pr\u00e9sidentielle, le 31 octobre, \u00a0a dit l\u2019ambassadeur de la R\u00e9publique f\u00e9d\u00e9rale d\u2019Allemagne en C\u00f4te d\u2019Ivoire, Michael Grau, face \u00e0 l\u2019auditoire. \u00a0<\/p>\n<p>Cette soir\u00e9e organis\u00e9e par l\u2019ambassade de la R\u00e9publique f\u00e9d\u00e9rale d\u2019Allemagne en C\u00f4te d\u2019Ivoire, s\u2019est tenue \u00e0 la Paroisse Saint-Pierre de Blockhaus, avec un public mixte compos\u00e9e d\u2019une forte communaut\u00e9 allemande et diverses formations musicales. \u00a0<\/p>\n<p>Sous des notes musicales africaines et europ\u00e9ennes, les enfants de Blockhauss, les choristes de Voice melediuos, de l\u2019Ensemble polyphonique de l\u2019INSAAC (Institut national sup\u00e9rieur des arts et de l\u2019action culturelle) et l\u2019Ensemble instrumental INSAAC, ont, sous la direction de Mme Marie Guillot, assur\u00e9 une soir\u00e9e f\u00e9erique. \u00a0<\/p>\n<p>Plusieurs ressortissants europ\u00e9ens ont \u00e9galement pris part \u00e0 ce concert festif d\u00e9nomm\u00e9 \u00ab No\u00ebl Ebri\u00e9 \u00bb, langue locale, avec la participation du repr\u00e9sentant de la d\u00e9l\u00e9gation de l\u2019Union europ\u00e9enne en C\u00f4te d\u2019Ivoire, l\u2019ambassadeur Jobst Von Kirchmann.\u00a0<\/p>\n<p>Le diplomate allemande, Michael Grau, s\u2019est f\u00e9licit\u00e9 de ce que \u00ab la musique unit les peuples \u00bb, au regard de la fusion des cultures musicales et rythmes musicaux d\u2019ailleurs ex\u00e9cut\u00e9s sous des slaves d\u2019applaudissements du public visiblement accroch\u00e9 par les diff\u00e9rentes interpr\u00e8tes. \u00a0<\/p>\n<p>Le r\u00e9pertoire des chants \u00e9tait centr\u00e9 autour de la f\u00eate de No\u00ebl avec des styles d\u2019interpr\u00e9tations diff\u00e9rentes. Tenant des violons, des fl\u00fbtes et plusieurs autres instruments, \u00a0les \u00e9tudiants de l\u2019INSAAC et de jeunes Allemands ont ex\u00e9cut\u00e9 des m\u00e9lodies tr\u00e8s enlev\u00e9es.\u00a0<\/p>\n<p>L\u2019ambassade de la R\u00e9publique f\u00e9d\u00e9rale d\u2019Allemagne qui organise, comme chaque ann\u00e9e, ce concert de No\u00ebl avec les enfants du village de Blockhauss, compte en faire une tradition pour rapprocher les deux peuples afin de partager leurs cultures. \u00a0\u00a0<\/p>\n<\/div>\n<p>Auteur: APA News<br \/>\n<a href=\"https:\/\/www.journalducameroun.com\/cote-divoire-lambassadeur-de-lallemagne-souhaite-une-annee-tres-paisible-pour-2020\/\">Cliquez ici pour lire l&rsquo;article depuis sa source.<\/a><\/p>\n","protected":false},"excerpt":{"rendered":"<p>Publi\u00e9 le 14.12.2019 \u00e0 20h18 par APA News L\u2019ambassadeur de la R\u00e9publique f\u00e9d\u00e9rale d\u2019Allemagne en C\u00f4te d\u2019Ivoire, Michael Grau, a souhait\u00e9 vendredi soir, pour le pays, \u00ab une ann\u00e9e tr\u00e8s paisible pour 2020 \u00bb, ann\u00e9e \u00e9lectorale, \u00e0 l\u2019occasion d\u2019un concert de No\u00ebl avec les enfants de Blockhauss, un village de la commune de Cocody, dans [&hellip;]<\/p>\n","protected":false},"author":1965,"featured_media":0,"comment_status":"closed","ping_status":"closed","sticky":false,"template":"","format":"standard","meta":{"fifu_image_url":"","fifu_image_alt":"","footnotes":""},"categories":[73,82],"tags":[],"class_list":["post-70253","post","type-post","status-publish","format-standard","hentry","category-actualite","category-cameroun"],"_links":{"self":[{"href":"https:\/\/linitiative.ca\/International\/wp-json\/wp\/v2\/posts\/70253","targetHints":{"allow":["GET"]}}],"collection":[{"href":"https:\/\/linitiative.ca\/International\/wp-json\/wp\/v2\/posts"}],"about":[{"href":"https:\/\/linitiative.ca\/International\/wp-json\/wp\/v2\/types\/post"}],"author":[{"embeddable":true,"href":"https:\/\/linitiative.ca\/International\/wp-json\/wp\/v2\/users\/1965"}],"replies":[{"embeddable":true,"href":"https:\/\/linitiative.ca\/International\/wp-json\/wp\/v2\/comments?post=70253"}],"version-history":[{"count":0,"href":"https:\/\/linitiative.ca\/International\/wp-json\/wp\/v2\/posts\/70253\/revisions"}],"wp:attachment":[{"href":"https:\/\/linitiative.ca\/International\/wp-json\/wp\/v2\/media?parent=70253"}],"wp:term":[{"taxonomy":"category","embeddable":true,"href":"https:\/\/linitiative.ca\/International\/wp-json\/wp\/v2\/categories?post=70253"},{"taxonomy":"post_tag","embeddable":true,"href":"https:\/\/linitiative.ca\/International\/wp-json\/wp\/v2\/tags?post=70253"}],"curies":[{"name":"wp","href":"https:\/\/api.w.org\/{rel}","templated":true}]}}