{"id":70256,"date":"2019-12-14T04:30:16","date_gmt":"2019-12-14T09:30:16","guid":{"rendered":"https:\/\/linitiative.ca\/International\/comptes-et-mecomptes-de-la-concession-deneo\/"},"modified":"2019-12-14T04:30:16","modified_gmt":"2019-12-14T09:30:16","slug":"comptes-et-mecomptes-de-la-concession-deneo","status":"publish","type":"post","link":"https:\/\/linitiative.ca\/International\/comptes-et-mecomptes-de-la-concession-deneo\/","title":{"rendered":"Comptes et m\u00e9comptes de la concession d\u2019Eneo"},"content":{"rendered":"<p>Depuis le 28 novembre dernier, Energie of Cameroon (Eneo) a un nouveau directeur g\u00e9n\u00e9ral, en la personne d\u2019Eric Mansuy. Le Fran\u00e7ais remplace \u00e0 ce poste le Camerounais Jo\u00ebl Nana Kontchou, qui \u00e9tait en poste depuis 2014. Il h\u00e9rite ainsi d\u2019une entreprise au c\u0153ur du tr\u00e8s n\u00e9vralgique secteur de l\u2019\u00e9lectricit\u00e9, et qui est demeur\u00e9e parmi les plus impopulaires du Cameroun du fait de sa qualit\u00e9 de service excessivement approximative. Son pr\u00e9d\u00e9cesseur a le m\u00e9rite d\u2019avoir, entre 2014 et 2019, port\u00e9 le taux d\u2019acc\u00e8s \u00e0 l\u2019\u00e9lectricit\u00e9 de 56% \u00e0 65%. Par ailleurs, Eneo a investi 48 milliards Fcfa entre juin 2014 et juin 2016, dont plus de la moiti\u00e9 dans le segment distribution. En 2014, l\u2019entreprise avait d\u00e9plor\u00e9 un fort niveau de d\u00e9gradation du r\u00e9seau, avec des transformateurs surcharg\u00e9s \u00e0 140% et des poteaux qui tombent. Eric Mansuy devra poursuivre le chantier de modernisation du secteur de la distribution de l\u2019\u00e9lectricit\u00e9, qui est en principe le seul segment qui reste dans son escarcelle. En effet, le r\u00e9seau de transport a \u00e9t\u00e9 confi\u00e9 depuis 2017 \u00e0 la Soci\u00e9t\u00e9 nationale de Transport de l\u2019Electricit\u00e9 (Sonatrel), une entreprise de patrimoine. Et le transfert r\u00e9sulte de la n\u00e9cessit\u00e9 de mise en conformit\u00e9 avec les dispositions de la loi n\u00b0 2011\/022 du 14 d\u00e9cembre 2011 en vertu de laquelle les activit\u00e9s de transport et de gestion du r\u00e9seau de transport doivent relever d\u2019une soci\u00e9t\u00e9 \u00e0 capitaux publics gestionnaire. La construction et la gestion du barrage, quant \u00e0 elles, rel\u00e8vent des missions de Electricit\u00e9 Developement Corporation (EDC). Toutefois, Eneo continue de g\u00e9rer les deux barrages hydro\u00e9lectriques d\u2019Ed\u00e9a et Song-Loulou, en attendant leur transfert d\u00e9finitif.<\/p>\n<p>A la lecture du bilan d\u2019Eneo aujourd\u2019hui, il appara\u00eet clairement que beaucoup d\u2019engagements pris par la filiale du fonds d\u2019investissements britannique Actis n\u2019ont pas \u00e9t\u00e9 tenus. Lors de la signature de l\u2019avenant no1 du contrat de concession du secteur de l\u2019\u00e9lectricit\u00e9 \u00e0 cette entreprise, en 2006, l\u2019Etat du Cameroun et elle s\u2019\u00e9taient accord\u00e9s \u00e0 rendre effective la r\u00e9habilitation du barrage de Song-Loulou, le plus grand qui existe dans le pays avec une capacit\u00e9 install\u00e9e de 384 Mw. Cette op\u00e9ration n\u2019avait pas \u00e9t\u00e9 faite et l\u2019Etat a d\u00fb la reconduire lors de la signature de l\u2019avenant no 2, en ao\u00fbt 2016. Le co\u00fbt de ces travaux de s\u00e9curisation avait \u00e9t\u00e9 \u00e9valu\u00e9 \u00e0 11 milliards Fcfa, dans un d\u00e9lai de trois ans. \u00ab Les travaux ont d\u00e9j\u00e0 commenc\u00e9. Nous avons d\u00e9j\u00e0 accompli les travaux d\u2019auscultation \u00e0 70% ; les travaux de g\u00e9nie civil \u00e0 5% et les travaux de s\u00e9curisation d\u2019\u00e9lectrom\u00e9canique [syst\u00e8me d\u2019\u00e9vacuation d\u2019eau en cas de creux, Ndlr] ont \u00e9volu\u00e9 de 20% \u00bb, avait expliqu\u00e9 Jo\u00ebl Nana Kontchou \u00e0 la presse.<\/p>\n<p>Bailleurs de fonds<\/p>\n<p>Trois ans apr\u00e8s, le chantier fait du surplace. Or, un diagnostic dress\u00e9 en 2009 par le cabinet fran\u00e7ais Isl Ing\u00e9nierie faisait \u00e9tat de ce qu\u2019une rupture ou un grave dysfonctionnement des ouvrages en b\u00e9ton ou des \u00e9quipements de la prise d\u2019eau et de l\u2019\u00e9vacuateur du barrage hydro\u00e9lectrique de Song-Loulou \u00ab n\u2019\u00e9taient pas \u00e0 exclure si aucun confortement n\u2019\u00e9tait entrepris \u00bb. Il faut aussi noter que, malgr\u00e9 les nouveaux investissements dans le domaine \u00e9nerg\u00e9tique, il n\u2019y a pas eu r\u00e9ajustement des tarifs de l\u2019\u00e9lectricit\u00e9 depuis 2012, sauf pour les consommations mensuelles comprises entre 0 et 220 KW. Elles sont exon\u00e9r\u00e9es, depuis janvier 2019, de la taxe sur la valeur ajout\u00e9e (Tva), d\u2019un taux de 19,25%. Or, l\u2019avenant n\u00b02 susmentionn\u00e9 pr\u00e9voit la mise en \u0153uvre d\u2019un \u00ab m\u00e9canisme de r\u00e9ajustement des tarifs sur la base d\u2019une formule de contr\u00f4le de revenus. En outre, \u00ab il sera d\u00e9sormais possible de mettre en place un m\u00e9canisme d\u2019augmentation tarifaire pluriannuelle, qui viendra en remplacement du m\u00e9canisme actuel d\u2019augmentation annuelle \u00bb, indique le document.<\/p>\n<p>L\u2019Etat et Eneo avaient \u00e9galement convenu de mettre en place de nouvelles normes de qualit\u00e9 de service, de nouveaux indices de mesure de la qualit\u00e9 du service et d\u2019un outil appropri\u00e9 permettant de d\u00e9terminer et de suivre le lien entre le niveau d\u2019investissement et de maintenance. A ce jour, il n\u2019en n\u2019est rien. Eneo \u00e9prouve, par ailleurs, toutes les difficult\u00e9s du monde \u00e0 lever des fonds \u00e0 l\u2019international. Avant le renouvellement de sa concession, elle faisait valoir un curieux alibi : avant toute lev\u00e9e de fonds par Eneo, les bailleurs exigeaient l\u2019extension par l\u2019Etat du Cameroun de la concession de l\u2019entreprise au-del\u00e0 de 2021. Mais bien qu\u2019elle ait obtenu une rallonge de dix ans qui court jusqu\u2019en 2031, elle ne parvient pas \u00e0 obtenir les 900 milliards de Fcfa promis pour le d\u00e9veloppement et la modernisation du secteur de l\u2019\u00e9lectricit\u00e9 au Cameroun.<\/p>\n<p>L\u2019Etat, lui aussi n\u2019a pas respect\u00e9 ses engagements dans le cadre de ce contrat. Notamment, la r\u00e9alisation de certains investissements dans l\u2019optique de mettre \u00e0 niveau des infrastructures de transport \u2013 la v\u00e9tust\u00e9 du r\u00e9seau basse et moyenne tensions cause des pertes qui culminent jusqu\u2019\u00e0 30% de l\u2019\u00e9nergie produite.<\/p>\n<p>Auteur: Francky<br \/>\n<a href=\"https:\/\/ecomatin.net\/comptes-et-mecomptes-de-la-concession-deneo\/\">Cliquez ici pour lire l&rsquo;article depuis sa source.<\/a><\/p>\n","protected":false},"excerpt":{"rendered":"<p>Depuis le 28 novembre dernier, Energie of Cameroon (Eneo) a un nouveau directeur g\u00e9n\u00e9ral, en la personne d\u2019Eric Mansuy. Le Fran\u00e7ais remplace \u00e0 ce poste le Camerounais Jo\u00ebl Nana Kontchou, qui \u00e9tait en poste depuis 2014. Il h\u00e9rite ainsi d\u2019une entreprise au c\u0153ur du tr\u00e8s n\u00e9vralgique secteur de l\u2019\u00e9lectricit\u00e9, et qui est demeur\u00e9e parmi les [&hellip;]<\/p>\n","protected":false},"author":1969,"featured_media":0,"comment_status":"closed","ping_status":"closed","sticky":false,"template":"","format":"standard","meta":{"fifu_image_url":"","fifu_image_alt":"","footnotes":""},"categories":[82,78],"tags":[],"class_list":["post-70256","post","type-post","status-publish","format-standard","hentry","category-cameroun","category-economie"],"_links":{"self":[{"href":"https:\/\/linitiative.ca\/International\/wp-json\/wp\/v2\/posts\/70256","targetHints":{"allow":["GET"]}}],"collection":[{"href":"https:\/\/linitiative.ca\/International\/wp-json\/wp\/v2\/posts"}],"about":[{"href":"https:\/\/linitiative.ca\/International\/wp-json\/wp\/v2\/types\/post"}],"author":[{"embeddable":true,"href":"https:\/\/linitiative.ca\/International\/wp-json\/wp\/v2\/users\/1969"}],"replies":[{"embeddable":true,"href":"https:\/\/linitiative.ca\/International\/wp-json\/wp\/v2\/comments?post=70256"}],"version-history":[{"count":0,"href":"https:\/\/linitiative.ca\/International\/wp-json\/wp\/v2\/posts\/70256\/revisions"}],"wp:attachment":[{"href":"https:\/\/linitiative.ca\/International\/wp-json\/wp\/v2\/media?parent=70256"}],"wp:term":[{"taxonomy":"category","embeddable":true,"href":"https:\/\/linitiative.ca\/International\/wp-json\/wp\/v2\/categories?post=70256"},{"taxonomy":"post_tag","embeddable":true,"href":"https:\/\/linitiative.ca\/International\/wp-json\/wp\/v2\/tags?post=70256"}],"curies":[{"name":"wp","href":"https:\/\/api.w.org\/{rel}","templated":true}]}}