{"id":70259,"date":"2019-12-14T05:26:19","date_gmt":"2019-12-14T10:26:19","guid":{"rendered":"https:\/\/linitiative.ca\/International\/que-se-passe-t-il-au-sein-de-chanas-assurances\/"},"modified":"2019-12-14T05:26:19","modified_gmt":"2019-12-14T10:26:19","slug":"que-se-passe-t-il-au-sein-de-chanas-assurances","status":"publish","type":"post","link":"https:\/\/linitiative.ca\/International\/que-se-passe-t-il-au-sein-de-chanas-assurances\/","title":{"rendered":"Que se passe-t-il au sein de Chanas Assurances ?"},"content":{"rendered":"<p>Maurice Matanga est formel : \u00ab il s\u2019agit d\u2019un acte de banditisme, de hold-up, de braquage \u00bb. Le pr\u00e9sident du conseil d\u2019administration de Chanas assurances S.A \u00e9tait face \u00e0 la presse, le vendredi 29 novembre dernier pour condamner l\u2019intrusion, dans les locaux de la compagnie d\u2019assurances, de Marie-Solange Ntometane qu\u2019il pr\u00e9sente comme \u00e9tant \u00ab une inconnue qui n\u2019est ni administratrice, ni actionnaire et qui se pr\u00e9valait d\u2019un conseil d\u2019administration fictif et d\u2019une assembl\u00e9e g\u00e9n\u00e9rale frauduleuse \u00bb. En effet, relate le PCA, \u00ab dans la matin\u00e9e du lundi 25 novembre, un commando de gros bras s\u2019est gliss\u00e9 subrepticement dans les locaux de la direction g\u00e9n\u00e9rale de la compagnie d\u2019assurances Chanas S.A. Le raid s\u2019est sold\u00e9 par un lamentable \u00e9chec malgr\u00e9 les voies de fait des assaillants contre les responsables de la compagnie \u00bb.<br \/>D\u2019apr\u00e8s lui, Marie-Solange Ntometane a voulu prendre le contr\u00f4le du si\u00e8ge de Chanas assurances S.A, se fondant sur un arr\u00eat rendu par la Cour supr\u00eame du Cameroun en date du 6 juin 2019, apr\u00e8s 27 ans de proc\u00e9dure. Arr\u00eat qui ordonne \u00ab la restitution par la soci\u00e9t\u00e9 Chanas assurances S.A \u00e0 Louis Laugier de ses 4 500 parts sociales \u00bb. L\u2019arr\u00eat mentionne qu\u2019en cons\u00e9quence de la mainlev\u00e9e prononc\u00e9e \u00e0 l\u2019\u00e9gard de l\u2019ordonnance sur requ\u00eate n\u00b01181 rendue le 8 mars 1993 par le pr\u00e9sident du Tribunal de premi\u00e8re instance de Douala, tous les actes et d\u00e9cisions qui en d\u00e9coulent deviennent caducs, nuls et de nul effet, ramenant ainsi les porteurs des actions dans le capital social de la soci\u00e9t\u00e9 Chanas et Privat Sarl devenue Chanas assurances S.A au m\u00eame et semblable \u00e9tat o\u00f9 ils \u00e9taient avant l\u2019intervention de ladite ordonnance.<\/p>\n<p>Pour Maurice Matanga, Marie Solange Ntometane n\u2019a aucun mandat lui autorisant r\u00e9clamation d\u2019un droit \u00e0 Chanas assurances S.A. \u00ab Ne faisons pas d\u2019amalgame. Chanas et Privat Sarl n\u2019existe plus \u00bb, argumente-t-il. Il fait \u00e9galement \u00e9tat de l\u2019existence d\u2019une d\u00e9cision rendue par la Cour commune de justice d\u2019Abidjan, la d\u00e9boutant.<br \/>\u00ab Faux ! \u00bb, r\u00e9torque Marie Solange Ntometane. \u00ab Je ne suis pas tomb\u00e9e du ciel pour mener cette action. J\u2019ai bel et bien un mandat \u00bb, soutient-elle. Pr\u00e9cisant que ledit mandat date du 12 juillet 2019. Rappelons que l\u2019\u00e9v\u00e8nement du 25 novembre 2019, qui s\u2019est d\u00e9roul\u00e9 suite \u00e0 des instructions du Procureur g\u00e9n\u00e9ral pr\u00e8s la Cour d\u2019appel du Littoral, a n\u00e9cessit\u00e9 la mobilisation des \u00e9l\u00e9ments de la police et de la gendarmerie venus r\u00e9tablir l\u2019ordre apr\u00e8s la mise sous scell\u00e9s de la direction g\u00e9n\u00e9rale de Chanas Assurances du 25 au 28 novembre 2019. Ce n\u2019est que le vendredi 29 octobre 2019 que les scell\u00e9s ont \u00e9t\u00e9 \u00f4t\u00e9s sur ordre du m\u00eame procureur.<\/p>\n<p>Mais, explique Maurice Matanga, \u00ab la direction g\u00e9n\u00e9rale, la direction technique, la direction commerciale et les autres services fonctionnaient malgr\u00e9 l\u2019incident \u00bb. Marie Solange Ntometane se d\u00e9sole de \u00ab l\u2019inapplication des d\u00e9cisions de justice dans notre pays. L\u2019arr\u00eat de la Cour supr\u00eame doit \u00eatre appliqu\u00e9 \u00bb. Celle qui affirme \u00eatre \u00ab mandataire \u00bb de feu Laugier, qui d\u00e9tenait plus de 90% des actions de Chanas et Privat Sarl, affirme sans ambages que \u00ab les organes dirigeants actuels de Chanas assurances S.A sont ill\u00e9gaux \u00bb. Elle Demande par ailleurs \u00ab l\u2019application pure et simple de l\u2019arr\u00eat du 6 juin 2019 \u00bb. La lutte continue, ajoute-t-elle car \u00ab le feu Laugier a \u00e9t\u00e9 spoli\u00e9 \u00bb.<\/p>\n<p>Vendredi, ont fait savoir Maurice Matanga et ses collaborateurs, \u00ab nos conseils ont pris attache avec les autorit\u00e9s judiciaires de la r\u00e9gion qui ont appr\u00e9ci\u00e9 la situation. Nous nous r\u00e9servons le droit de tirer toutes les cons\u00e9quences qui d\u00e9coulent de cette attaque. Nous en profitons pour rassurer nos partenaires que le financement des prestations se poursuit sereinement \u00e0 Chanas assurances S.A \u00bb. Cet incident rocambolesque intervient pr\u00e8s de trois mois apr\u00e8s la prise de fonction, le 2 septembre 2019, des nouveaux directeur g\u00e9n\u00e9ral et directeur g\u00e9n\u00e9ral adjoint de Chanas assurances Sarl.<br \/>Remontant l\u2019histoire, les dirigeants de l\u2019entreprise rappellent que Chanas assurances S.A est n\u00e9e de la transformation, en 1999, de Chanas &#038; Privat Sarl, soci\u00e9t\u00e9 d\u2019interm\u00e9diation d\u2019assurances cr\u00e9\u00e9e au Cameroun par madame Casalegno n\u00e9e Jacqueline Chanas, sa g\u00e9rante statutaire. En 1973, Chanas et Privat S.A Assurances exerce ses activit\u00e9s en qualit\u00e9 d\u2019agent g\u00e9n\u00e9ral de la premi\u00e8re compagnie d\u2019assurances nationale et locale nouvellement cr\u00e9\u00e9e, la Soci\u00e9t\u00e9 camerounaise d\u2019Assurances et de R\u00e9assurance (SOCAR). Le 4 novembre 1999, l\u2019Etat du Cameroun et Chanas assurances S.A signent une convention de transfert du portefeuille avec effet au 1er janvier 2000.<br \/>Le 16 d\u00e9cembre 1999, Chanas S.A est agr\u00e9\u00e9e par la Commission r\u00e9gionale de contr\u00f4le des assurances (Crca) de la Conf\u00e9rence interafricaine des march\u00e9s d\u2019assurances (Cima). Le 24 mars 2000, Chanas assurances S.A est agr\u00e9\u00e9e par arr\u00eat\u00e9 minist\u00e9riel pour pr\u00e9senter et r\u00e9aliser des op\u00e9rations d\u2019assurances sur l\u2019\u00e9tendue du territoire du Cameroun. Chanas assurances S.A est d\u00e9tenue \u00e0 45,26% par la Soci\u00e9t\u00e9 nationale des hydrocarbures (Snh), 20% par Dame Casalegno, et 34,74% par de petits porteurs.<\/p>\n<hr\/>\n<p>D\u00e9claration de Marie-Solange Ntometane<\/p>\n<p>Pr\u00e8s de trente ans apr\u00e8s d\u2019\u00e2pres proc\u00e9dures devant toutes les juridictions de la R\u00e9publique, la Chambre judiciaire de la Cour supr\u00eame a sanctionn\u00e9 \u00e0 travers son arr\u00eat n\u00b059\/CIV rendu le 6 juin 2019, toutes les man\u0153uvres frauduleuses et les injustices odieuses dont a \u00e9t\u00e9 victime feu Laugier. Elle a r\u00e9tabli ce dernier dans ses droits aujourd\u2019hui repr\u00e9sent\u00e9 par ses ayants-droits en consid\u00e9rant dans cet arr\u00eat qu\u2019en cons\u00e9quence de la mainlev\u00e9e prononc\u00e9e \u00e0 l\u2019\u00e9gard de l\u2019ordonnance sur requ\u00eate n\u00b01181 rendue le 08 Mars 1993 par le pr\u00e9sident du Tribunal de premi\u00e8re instance de Douala, tous les actes et d\u00e9cisions qui en d\u00e9coulent deviennent caducs, nuls et de nul effet, ramenant ainsi les porteurs des actions dans le capital social de la soci\u00e9t\u00e9 Chanas et Privat Sarl devenue Chanas Assurances S.A au m\u00eame et semblable \u00e9tat o\u00f9 ils \u00e9taient avant l\u2019intervention de ladite ordonnance, avec toutes les cons\u00e9quences de droits.<\/p>\n<p>Il est important de r\u00e9v\u00e9ler qu\u2019avant l\u2019ordonnance querell\u00e9e, M. Laugier \u00e9tait d\u00e9tenteur majoritaire des parts sociales de la soci\u00e9t\u00e9 Chanas &#038; privat Sarl au m\u00eame titre que son compagnon d\u2019affaires, Denis Gillot, toutes les assembl\u00e9es g\u00e9n\u00e9rales (20 d\u00e9cembre 1993, 24 juin 1994, 05 juin 1995 et 15 avril 1999) et autres d\u00e9cisions subs\u00e9quentes \u00e9tant d\u00e9sormais caduques, nulles et nul effet.<br \/>Cette d\u00e9cision rendue en dernier ressort, c\u2019est-\u00e0-dire d\u00e9finitive, a \u00e9t\u00e9 signifi\u00e9e \u00e0 la partie adverse et des assembl\u00e9es g\u00e9n\u00e9rales extraordinaires et ordinaires, ainsi qu\u2019un conseil d\u2019administration ont r\u00e9guli\u00e8rement \u00e9t\u00e9 convoqu\u00e9s et tenus, portant \u00e0 la t\u00eate de cette structure de nouveaux dirigeants. La r\u00e9solution des proc\u00e8s-verbaux du r\u00e9pertoire de Me Lima, notaire \u00e0 Douala qui en ont r\u00e9sult\u00e9, ont toutes \u00e9t\u00e9 transcrites au Registre de commerce et du Cr\u00e9dit mobilier du greffe du Tribunal de Premi\u00e8re Instance de Douala-Bonanjo, le 15 novembre 2019, et publi\u00e9es dans le journal d\u2019annonces l\u00e9gales le 20 novembre 2019 avec les cons\u00e9quences de droit qui en d\u00e9coulent.<br \/>De sorte que, seuls ces derniers ont d\u00e9sormais qualit\u00e9 pour agir au nom et pour le compte de Chanas assurances SA. Les agitations des ex-actionnaires de cette structure \u00e0 la t\u00eate desquels se trouvent Monsieur Adolphe Moudiki, Administrateur Directeur G\u00e9n\u00e9ral de la Snh et plusieurs employ\u00e9s de cette structure qui ont ill\u00e9galement pris des int\u00e9r\u00eats dans une soci\u00e9t\u00e9 priv\u00e9e sans l\u2019accord gouvernemental, n\u2019ont d\u00e8s lors aucune vocation \u00e0 emp\u00eacher l\u2019ex\u00e9cution de cette d\u00e9cision de justice d\u00e9finitive dans l\u2019Etat de droit qu\u2019est le Cameroun.<br \/>Les int\u00e9r\u00eats des Fran\u00e7ais et des Isra\u00e9liens sont d\u00e8s lors en train d\u2019\u00eatre flou\u00e9s par des personnes qui font du trafic d\u2019influence et l\u2019exc\u00e8s de z\u00e8le.<\/p>\n<p>Auteur: Francky<br \/>\n<a href=\"https:\/\/ecomatin.net\/que-se-passe-t-il-au-sein-de-chanas-assurances\/\">Cliquez ici pour lire l&rsquo;article depuis sa source.<\/a><\/p>\n","protected":false},"excerpt":{"rendered":"<p>Maurice Matanga est formel : \u00ab il s\u2019agit d\u2019un acte de banditisme, de hold-up, de braquage \u00bb. Le pr\u00e9sident du conseil d\u2019administration de Chanas assurances S.A \u00e9tait face \u00e0 la presse, le vendredi 29 novembre dernier pour condamner l\u2019intrusion, dans les locaux de la compagnie d\u2019assurances, de Marie-Solange Ntometane qu\u2019il pr\u00e9sente comme \u00e9tant \u00ab une [&hellip;]<\/p>\n","protected":false},"author":1969,"featured_media":0,"comment_status":"closed","ping_status":"closed","sticky":false,"template":"","format":"standard","meta":{"fifu_image_url":"","fifu_image_alt":"","footnotes":""},"categories":[82,78],"tags":[],"class_list":["post-70259","post","type-post","status-publish","format-standard","hentry","category-cameroun","category-economie"],"_links":{"self":[{"href":"https:\/\/linitiative.ca\/International\/wp-json\/wp\/v2\/posts\/70259","targetHints":{"allow":["GET"]}}],"collection":[{"href":"https:\/\/linitiative.ca\/International\/wp-json\/wp\/v2\/posts"}],"about":[{"href":"https:\/\/linitiative.ca\/International\/wp-json\/wp\/v2\/types\/post"}],"author":[{"embeddable":true,"href":"https:\/\/linitiative.ca\/International\/wp-json\/wp\/v2\/users\/1969"}],"replies":[{"embeddable":true,"href":"https:\/\/linitiative.ca\/International\/wp-json\/wp\/v2\/comments?post=70259"}],"version-history":[{"count":0,"href":"https:\/\/linitiative.ca\/International\/wp-json\/wp\/v2\/posts\/70259\/revisions"}],"wp:attachment":[{"href":"https:\/\/linitiative.ca\/International\/wp-json\/wp\/v2\/media?parent=70259"}],"wp:term":[{"taxonomy":"category","embeddable":true,"href":"https:\/\/linitiative.ca\/International\/wp-json\/wp\/v2\/categories?post=70259"},{"taxonomy":"post_tag","embeddable":true,"href":"https:\/\/linitiative.ca\/International\/wp-json\/wp\/v2\/tags?post=70259"}],"curies":[{"name":"wp","href":"https:\/\/api.w.org\/{rel}","templated":true}]}}