{"id":70262,"date":"2019-12-15T11:44:56","date_gmt":"2019-12-15T16:44:56","guid":{"rendered":"https:\/\/linitiative.ca\/International\/hcp-les-marocains-insatisfaits-du-systeme-de-protection-sociale\/"},"modified":"2019-12-15T11:44:56","modified_gmt":"2019-12-15T16:44:56","slug":"hcp-les-marocains-insatisfaits-du-systeme-de-protection-sociale","status":"publish","type":"post","link":"https:\/\/linitiative.ca\/International\/hcp-les-marocains-insatisfaits-du-systeme-de-protection-sociale\/","title":{"rendered":"HCP : Les Marocains insatisfaits du syst\u00e8me de protection sociale"},"content":{"rendered":"<p><img decoding=\"async\" class=\"post_layout_5_img\" src=\"http:\/\/aujourdhui.ma\/wp-content\/uploads\/2018\/02\/illustration-assurances-Fammile.jpg?x29840\" alt=\"HCP : Les Marocains insatisfaits du syst\u00e8me de protection sociale\"\/><\/p>\n<p class=\"p1\"><span class=\"c4\"><span class=\"s1\"><strong>Mauvaise qualit\u00e9 des services de sant\u00e9, co\u00fbt \u00e9lev\u00e9 des prestations m\u00e9dicales,\u00a0<\/strong><\/span><span class=\"s1\"><strong>faible couverture m\u00e9dicale\u2026<\/strong><\/span><\/span> <span id=\"more-326638\"\/><\/p>\n<div class=\"base-box mom_box_sc_custom mom_box_sc clear c6\" readability=\"11\">\n<p class=\"p1\"><em><span class=\"s1\"><strong><span class=\"c5\">Pr\u00e8s de deux<span class=\"Apple-converted-space\">\u00a0<\/span> tiers<span class=\"Apple-converted-space\">\u00a0<\/span> des Marocains<span class=\"Apple-converted-space\">\u00a0<\/span> questionn\u00e9s<span class=\"Apple-converted-space\">\u00a0<\/span> (64,3%) estiment que l\u2019\u00e2ge de 60 ans est l\u2019\u00e2ge maximum pour se retirer de la vie active. Un<span class=\"Apple-converted-space\">\u00a0<\/span> Marocain sur cinq (21,2%) souhaite une retraite avant 60 ans.<\/span><\/strong><\/span><\/em><\/p>\n<\/div>\n<p class=\"p1\"><span class=\"s1\">Le Haut-Commissariat au Plan (HCP) vient de publier un document portant sur la perception des Marocains en mati\u00e8re de protection sociale. A travers ce document, il a \u00e9t\u00e9 question d\u2019 analyser les<span class=\"Apple-converted-space\">\u00a0 \u00a0<\/span> opinions des citoyens<span class=\"Apple-converted-space\">\u00a0<\/span> \u00e2g\u00e9s de plus de 18 ans sur le syst\u00e8me de protection sociale, de comprendre leurs pr\u00e9occupations et attentes par rapport aux prestations de s\u00e9curit\u00e9 sociale et de d\u00e9finir les solutions qu\u2019ils proposent pour surmonter les d\u00e9ficits inh\u00e9rents \u00e0 ce syst\u00e8me. Il en ressort que seulement 46% des Marocains d\u00e9clarent conna\u00eetre les programmes sociaux de lutte contre la pauvret\u00e9. Parmi eux, 37% ont cit\u00e9 l\u2019Initiative nationale pour le d\u00e9veloppement humain (INDH), 25% le programme d\u2019aide aux veuves, 23,9%<span class=\"Apple-converted-space\">\u00a0<\/span> le<span class=\"Apple-converted-space\">\u00a0<\/span> programme<span class=\"Apple-converted-space\">\u00a0<\/span> \u00abUn<span class=\"Apple-converted-space\">\u00a0<\/span> million<span class=\"Apple-converted-space\">\u00a0<\/span> de<span class=\"Apple-converted-space\">\u00a0<\/span> cartables\u00bb et 7,9%<span class=\"Apple-converted-space\">\u00a0<\/span> le<span class=\"Apple-converted-space\">\u00a0<\/span> programme Tayssir.<span class=\"Apple-converted-space\">\u00a0<\/span> En tenant compte des statuts socioprofessionnels, ce sont les ouvriers <span class=\"Apple-converted-space\">\u00a0<\/span> qui<span class=\"Apple-converted-space\">\u00a0<\/span> ignorent le plus l\u2019existence de ces programmes<span class=\"Apple-converted-space\">\u00a0<\/span> (59,8 %).<\/span><\/p>\n<p class=\"p1\"><span class=\"s1\">Viennent ensuite les exploitants agricoles, p\u00eacheurs, forestiers<span class=\"Apple-converted-space\">\u00a0<\/span> et<span class=\"Apple-converted-space\">\u00a0<\/span> chasseurs<span class=\"Apple-converted-space\">\u00a0<\/span> (52,1%),<span class=\"Apple-converted-space\">\u00a0<\/span> artisans<span class=\"Apple-converted-space\">\u00a0<\/span> et<span class=\"Apple-converted-space\">\u00a0<\/span> ouvriers qualifi\u00e9s<span class=\"Apple-converted-space\">\u00a0<\/span> (51,6%), les ch\u00f4meurs (51,1%), les commer\u00e7ants et les interm\u00e9diaires (49,9%) et enfin les cadres moyens et les cadres sup\u00e9rieurs et responsables hi\u00e9rarchiques (respectivement 33,7 et 20,9%). Pour ceux qui connaissent l\u2019existence de ces programmes, ils estiment que les pauvres b\u00e9n\u00e9ficient tr\u00e8s peu de ces programmes (65,5%) ou pas (23,5%). La plupart des cat\u00e9gories<span class=\"Apple-converted-space\">\u00a0<\/span> socio-professionnelles concern\u00e9es consid\u00e8rent que \u00able client\u00e9lisme\u00bb suivi par \u00abla faiblesse des services\u00bb et \u00abla difficult\u00e9 d\u2019acc\u00e8s\u00bb aux prestations constituent les principaux facteurs limitant l\u2019efficacit\u00e9<span class=\"Apple-converted-space\">\u00a0<\/span> et l\u2019efficience des programmes d\u2019aide aux pauvres.<\/span><\/p>\n<p class=\"p2\"><span class=\"s2\"><strong>Sant\u00e9 : Des d\u00e9penses catastrophiques pour\u00a0<\/strong><\/span><span class=\"s2\"><strong>les m\u00e9nages<\/strong><\/span><\/p>\n<p class=\"p1\"><span class=\"s2\">Selon les personnes enqu\u00eat\u00e9es, le syst\u00e8me de sant\u00e9 marocain est caract\u00e9ris\u00e9 par la mauvaise qualit\u00e9 des services, la faillite du syst\u00e8me de sant\u00e9 public et la mont\u00e9e continue des d\u00e9penses catastrophiques de sant\u00e9 pour les m\u00e9nages.<span class=\"Apple-converted-space\">\u00a0<\/span> Pour r\u00e9duire le recours \u00e0 l\u2019endettement ou aux paiements directs par les m\u00e9nages pour les services de sant\u00e9, les Marocains proposent \u00ab<em>d\u2019\u00e9tendre l\u2019assurance- maladie \u00e0 toute la population\u00bb.<\/em> 50% des enqu\u00eat\u00e9s affirment que <em>\u00abla mauvaise qualit\u00e9 des services\u00bb<\/em> et le <em>\u00abfaible encadrement m\u00e9dical\u00bb<\/em> sont les deux principales causes de ce faible acc\u00e8s aux services de sant\u00e9. A cette insatisfaction de la qualit\u00e9 des prestations m\u00e9dicales, s\u2019ajoute une<span class=\"Apple-converted-space\">\u00a0<\/span> insatisfaction<span class=\"Apple-converted-space\">\u00a0<\/span> par<span class=\"Apple-converted-space\">\u00a0<\/span> rapport<span class=\"Apple-converted-space\">\u00a0<\/span> au<span class=\"Apple-converted-space\">\u00a0<\/span> syst\u00e8me<span class=\"Apple-converted-space\">\u00a0<\/span> de<span class=\"Apple-converted-space\">\u00a0<\/span> couverture m\u00e9dicale face au co\u00fbt \u00e9lev\u00e9 des prestations m\u00e9dicales.<span class=\"Apple-converted-space\">\u00a0<\/span><\/span><\/p>\n<p class=\"p1\"><span class=\"s2\">En effet, 60,3% des<span class=\"Apple-converted-space\">\u00a0<\/span> Marocains<span class=\"Apple-converted-space\">\u00a0<\/span> interview\u00e9s<span class=\"Apple-converted-space\">\u00a0<\/span> jugent les d\u00e9penses de sant\u00e9 comme \u00abexceptionnellement \u00e9lev\u00e9es\u00bb.Les r\u00e9sultats de l\u2019enqu\u00eate sur l\u2019emploi (2017) estiment que<span class=\"Apple-converted-space\">\u00a0<\/span> 46,6%<span class=\"Apple-converted-space\">\u00a0<\/span> des<span class=\"Apple-converted-space\">\u00a0<\/span> Marocains<span class=\"Apple-converted-space\">\u00a0<\/span> ont<span class=\"Apple-converted-space\">\u00a0<\/span> une couverture m\u00e9dicale, presque<span class=\"Apple-converted-space\">\u00a0<\/span> neuf Marocains sur<span class=\"Apple-converted-space\">\u00a0<\/span> dix<span class=\"Apple-converted-space\">\u00a0<\/span> (88,9%) pensent que le syst\u00e8me de couverture m\u00e9dicale <em>\u00abn\u2019est pas \u00e9ligible\u00bb<\/em> pour tout le monde. Quant \u00e0 la qualit\u00e9 des prestations de la couverture m\u00e9dicale, elle est jug\u00e9e \u00abfaible\u00bb par 44,3% de la population, \u00abmoyenne\u00bb pour 38,5% . Ils ne sont que 17,3%<span class=\"Apple-converted-space\">\u00a0<\/span> \u00e0 estimer qu\u2019elle<span class=\"Apple-converted-space\">\u00a0<\/span> est<span class=\"Apple-converted-space\">\u00a0<\/span> \u00abbonne\u00bb. A noter que les femmes apparaissent plus critiques que les hommes sur cette question.<span class=\"Apple-converted-space\">\u00a0<\/span> 56,2% d\u2019entre elles jugent la couverture m\u00e9dicale faible contre 43,2% des hommes.<\/span><\/p>\n<p class=\"p1\"><span class=\"s2\">Il faut aussi relever que 51,7% des citoyens qualifient la qualit\u00e9<span class=\"Apple-converted-space\">\u00a0<\/span> de<span class=\"Apple-converted-space\">\u00a0<\/span> la<span class=\"Apple-converted-space\">\u00a0<\/span> couverture<span class=\"Apple-converted-space\">\u00a0<\/span> m\u00e9dicale<span class=\"Apple-converted-space\">\u00a0<\/span> comme<span class=\"Apple-converted-space\">\u00a0<\/span> faible<span class=\"Apple-converted-space\">\u00a0<\/span> ou tr\u00e8s faible, 35% moyenne et 13,3 % bonne. Presque la moiti\u00e9 (47,6 %) des interview\u00e9s se sont d\u00e9clar\u00e9s d\u2019accord avec la privatisation des services de sant\u00e9 en vue de g\u00e9n\u00e9raliser la couverture m\u00e9dicale pour tous.<\/span><\/p>\n<p class=\"p2\"><span class=\"s2\"><strong>Sentiment d\u2019ins\u00e9curit\u00e9 chez les jeunes<\/strong><\/span><\/p>\n<p class=\"p1\"><span class=\"s2\">Les<span class=\"Apple-converted-space\">\u00a0<\/span> jeunes<span class=\"Apple-converted-space\">\u00a0<\/span> sont<span class=\"Apple-converted-space\">\u00a0<\/span> les<span class=\"Apple-converted-space\">\u00a0<\/span> plus<span class=\"Apple-converted-space\">\u00a0<\/span> nombreux \u00e0 d\u00e9voiler un sentiment d\u2019ins\u00e9curit\u00e9 de l\u2019emploi. Ce sentiment d\u2019ins\u00e9curit\u00e9 se montre l\u00e9gitime quand on d\u00e9couvre que seuls 3,8 % des jeunes ch\u00f4meurs ayant d\u00e9j\u00e0 travaill\u00e9 sont inscrits dans un r\u00e9gime de pension ou un r\u00e9gime de retraite. En 2016, les trois quarts des Marocains (75,1%) ne sont pas inscrits dans une caisse de retraite. Selon le statut socioprofessionnel, on constate<span class=\"Apple-converted-space\">\u00a0<\/span> que 84,5% des cadres sup\u00e9rieurs et responsables hi\u00e9rarchiques et 82,4% des<span class=\"Apple-converted-space\">\u00a0<\/span> cadres moyens et employ\u00e9s sont inscrits dans une caisse de retraite. A l\u2019inverse, seuls 19,3% des artisans et ouvriers qualifi\u00e9s, 10,2% des commer\u00e7ants et interm\u00e9diaires, 9,4% des ouvriers non qualifi\u00e9s, 4,2% des exploitants agricoles et 4,3% des ch\u00f4meurs ayant d\u00e9j\u00e0<span class=\"Apple-converted-space\">\u00a0<\/span> travaill\u00e9 font partie du syst\u00e8me de retraite. Pr\u00e8s de deux<span class=\"Apple-converted-space\">\u00a0<\/span> tiers<span class=\"Apple-converted-space\">\u00a0<\/span> des Marocains<span class=\"Apple-converted-space\">\u00a0<\/span> questionn\u00e9s<span class=\"Apple-converted-space\">\u00a0<\/span> (64,3%) estiment que l\u2019\u00e2ge de 60 ans est l\u2019\u00e2ge maximum pour se retirer de la vie active. Un<span class=\"Apple-converted-space\">\u00a0<\/span> Marocain sur cinq (21,2%) souhaite une retraite avant 60 ans. Alors que seuls 14,5% des Marocains acceptent de prolonger l\u2019\u00e2ge de retraite au-del\u00e0 de 60 ans. Concernant<span class=\"Apple-converted-space\">\u00a0<\/span> les<span class=\"Apple-converted-space\">\u00a0<\/span> motifs<span class=\"Apple-converted-space\">\u00a0<\/span> poussant<span class=\"Apple-converted-space\">\u00a0<\/span> les<span class=\"Apple-converted-space\">\u00a0<\/span> gens<span class=\"Apple-converted-space\">\u00a0<\/span> \u00e0<span class=\"Apple-converted-space\">\u00a0<\/span> travailler au-del\u00e0 de 60 ans, 44,7% des Marocains affirment que la<span class=\"Apple-converted-space\">\u00a0<\/span> faiblesse<span class=\"Apple-converted-space\">\u00a0<\/span> ou<span class=\"Apple-converted-space\">\u00a0<\/span> l\u2019absence d\u2019une couverture sociale<span class=\"Apple-converted-space\">\u00a0<\/span> constitue la principale raison.<span class=\"Apple-converted-space\">\u00a0<\/span> 22% avancent comme raison la long\u00e9vit\u00e9 en bonne sant\u00e9.<\/span><\/p>\n<div class=\"base-box mom_box_sc_custom mom_box_sc clear c8\" readability=\"23\">\n<p class=\"p1\"><span class=\"c7\"><span class=\"s1\"><strong>Pr\u00e9occupation\u00a0<\/strong><\/span><span class=\"s1\"><strong>croissante des Marocains pour\u00a0<\/strong><\/span><span class=\"s1\"><strong>le financement\u00a0<\/strong><\/span><span class=\"s1\"><strong>des retraites<\/strong><\/span><\/span><\/p>\n<p class=\"p2\"><span class=\"s2\">Les solutions pour lutter contre les in\u00e9galit\u00e9s sociales concernent en premier lieu l\u2019am\u00e9lioration de la qualit\u00e9 de<span class=\"Apple-converted-space\">\u00a0<\/span> l\u2019emploi et la valorisation des salaires et des allocations<span class=\"Apple-converted-space\">\u00a0<\/span> de ch\u00f4mage, \u00e0 hauteur de 55,1%. Suivent l\u2019appui social public aux pauvres et la g\u00e9n\u00e9ralisation de la couverture sociale (34,5%) et l\u2019am\u00e9lioration des conditions d\u2019habitat<span class=\"Apple-converted-space\">\u00a0<\/span> et de l\u2019acc\u00e8s aux services sociaux de base (10,3%). La pr\u00e9occupation croissante des Marocains pour le financement des retraites est interg\u00e9n\u00e9rationnelle, mais davantage port\u00e9e par les personnes d\u2019\u00e2ge actif. Les moins de 29 ans se soucient principalement de l\u2019emploi (66%, contre 37% chez les 60 ans et plus), suivi de la prise en charge des pauvres et de l\u2019indemnisation du ch\u00f4mage<span class=\"Apple-converted-space\">\u00a0<\/span> (29,8%). En revanche, chez les personnes \u00e2g\u00e9es, c\u2019est la question de la couverture sociale et le financement des retraites qui constituent la principale inqui\u00e9tude (63,4%).<\/span><\/p>\n<\/div>\n<p>Auteur: ALM<br \/>\n<a href=\"http:\/\/aujourdhui.ma\/societe\/hcp-les-marocains-insatisfaits-du-systeme-de-protection-sociale\">Cliquez ici pour lire l&rsquo;article depuis sa source.<\/a><\/p>\n","protected":false},"excerpt":{"rendered":"<p>Mauvaise qualit\u00e9 des services de sant\u00e9, co\u00fbt \u00e9lev\u00e9 des prestations m\u00e9dicales,\u00a0faible couverture m\u00e9dicale\u2026 Pr\u00e8s de deux\u00a0 tiers\u00a0 des Marocains\u00a0 questionn\u00e9s\u00a0 (64,3%) estiment que l\u2019\u00e2ge de 60 ans est l\u2019\u00e2ge maximum pour se retirer de la vie active. Un\u00a0 Marocain sur cinq (21,2%) souhaite une retraite avant 60 ans. Le Haut-Commissariat au Plan (HCP) vient de [&hellip;]<\/p>\n","protected":false},"author":1759,"featured_media":0,"comment_status":"closed","ping_status":"closed","sticky":false,"template":"","format":"standard","meta":{"fifu_image_url":"","fifu_image_alt":"","footnotes":""},"categories":[73,54],"tags":[],"class_list":["post-70262","post","type-post","status-publish","format-standard","hentry","category-actualite","category-maroc"],"_links":{"self":[{"href":"https:\/\/linitiative.ca\/International\/wp-json\/wp\/v2\/posts\/70262","targetHints":{"allow":["GET"]}}],"collection":[{"href":"https:\/\/linitiative.ca\/International\/wp-json\/wp\/v2\/posts"}],"about":[{"href":"https:\/\/linitiative.ca\/International\/wp-json\/wp\/v2\/types\/post"}],"author":[{"embeddable":true,"href":"https:\/\/linitiative.ca\/International\/wp-json\/wp\/v2\/users\/1759"}],"replies":[{"embeddable":true,"href":"https:\/\/linitiative.ca\/International\/wp-json\/wp\/v2\/comments?post=70262"}],"version-history":[{"count":0,"href":"https:\/\/linitiative.ca\/International\/wp-json\/wp\/v2\/posts\/70262\/revisions"}],"wp:attachment":[{"href":"https:\/\/linitiative.ca\/International\/wp-json\/wp\/v2\/media?parent=70262"}],"wp:term":[{"taxonomy":"category","embeddable":true,"href":"https:\/\/linitiative.ca\/International\/wp-json\/wp\/v2\/categories?post=70262"},{"taxonomy":"post_tag","embeddable":true,"href":"https:\/\/linitiative.ca\/International\/wp-json\/wp\/v2\/tags?post=70262"}],"curies":[{"name":"wp","href":"https:\/\/api.w.org\/{rel}","templated":true}]}}