{"id":70263,"date":"2019-12-15T11:44:57","date_gmt":"2019-12-15T16:44:57","guid":{"rendered":"https:\/\/linitiative.ca\/International\/temara-souffrant-de-troubles-psychiques-il-tue-son-pere\/"},"modified":"2019-12-15T11:44:57","modified_gmt":"2019-12-15T16:44:57","slug":"temara-souffrant-de-troubles-psychiques-il-tue-son-pere","status":"publish","type":"post","link":"https:\/\/linitiative.ca\/International\/temara-souffrant-de-troubles-psychiques-il-tue-son-pere\/","title":{"rendered":"T\u00e9mara : Souffrant de troubles psychiques, il tue son p\u00e8re"},"content":{"rendered":"<header>\n<\/header>\n<div class=\"entry-content clearfix\" readability=\"57\"><img decoding=\"async\" class=\"post_layout_5_img\" src=\"http:\/\/aujourdhui.ma\/wp-content\/uploads\/2016\/03\/Cadavre-Crime-police-judiciaire.jpg?x29840\" alt=\"T\u00e9mara : Souffrant de troubles psychiques, il tue son p\u00e8re\"\/><\/p>\n<p class=\"p1\"><span class=\"s1\"><span class=\"c4\"><strong>Un jeune homme de vingt-huit ans a tu\u00e9, mardi matin, chez lui, au projet Nour II, situ\u00e9 dans la commune rurale Mers El Kheir relevant de la pr\u00e9fecture de Skhirat-T\u00e9mara, son p\u00e8re, \u00e2g\u00e9 de soixante-seize ans.<\/strong><\/span><\/span> <span id=\"more-326590\"\/><\/p>\n<p class=\"p1\"><span class=\"s1\">Accusant sa famille de sorcellerie, ce jeune homme qui semble souffrir de troubles psychiques a attaqu\u00e9 son p\u00e8re qui \u00e9tait dans sa chambre \u00e0 coucher pour lui ass\u00e9ner plusieurs coups de poing avant de lui cogner la t\u00eate contre le mur de la chambre.<\/span><\/p>\n<p class=\"p1\"><span class=\"s1\">Alert\u00e9s, les \u00e9l\u00e9ments de la protection civile se sont d\u00e9p\u00each\u00e9s sur les lieux pour \u00e9vacuer le p\u00e8re gravement bless\u00e9 \u00e0 destination de l\u2019h\u00f4pital Sidi Lahcen. Malheureusement, \u00e0 mi-chemin, il est pass\u00e9 de vie \u00e0 tr\u00e9pas.<\/span><\/p>\n<p class=\"p1\"><span class=\"s1\">Les \u00e9l\u00e9ments de la gendarmerie royale qui se sont rendus sur la sc\u00e8ne du crime ont appris que le mis en cause souffrait de troubles psychiques et qu\u2019il se rendait de temps en temps chez un psychiatre \u00e0 K\u00e9nitra. Le cadavre du d\u00e9funt a \u00e9t\u00e9 conduit vers la morgue afin d\u2019\u00eatre autopsi\u00e9 alors que le mis en cause a \u00e9t\u00e9 maintenu en garde \u00e0 vue.<\/span><\/p>\n<\/div>\n<p>Auteur: Abderrafii ALOUMLIKI<br \/>\n<a href=\"http:\/\/aujourdhui.ma\/faits-divers\/temara-souffrant-de-troubles-psychiques-il-tue-son-pere\">Cliquez ici pour lire l&rsquo;article depuis sa source.<\/a><\/p>\n","protected":false},"excerpt":{"rendered":"<p>Un jeune homme de vingt-huit ans a tu\u00e9, mardi matin, chez lui, au projet Nour II, situ\u00e9 dans la commune rurale Mers El Kheir relevant de la pr\u00e9fecture de Skhirat-T\u00e9mara, son p\u00e8re, \u00e2g\u00e9 de soixante-seize ans. Accusant sa famille de sorcellerie, ce jeune homme qui semble souffrir de troubles psychiques a attaqu\u00e9 son p\u00e8re qui [&hellip;]<\/p>\n","protected":false},"author":1759,"featured_media":0,"comment_status":"closed","ping_status":"closed","sticky":false,"template":"","format":"standard","meta":{"fifu_image_url":"","fifu_image_alt":"","footnotes":""},"categories":[73,54],"tags":[],"class_list":["post-70263","post","type-post","status-publish","format-standard","hentry","category-actualite","category-maroc"],"_links":{"self":[{"href":"https:\/\/linitiative.ca\/International\/wp-json\/wp\/v2\/posts\/70263","targetHints":{"allow":["GET"]}}],"collection":[{"href":"https:\/\/linitiative.ca\/International\/wp-json\/wp\/v2\/posts"}],"about":[{"href":"https:\/\/linitiative.ca\/International\/wp-json\/wp\/v2\/types\/post"}],"author":[{"embeddable":true,"href":"https:\/\/linitiative.ca\/International\/wp-json\/wp\/v2\/users\/1759"}],"replies":[{"embeddable":true,"href":"https:\/\/linitiative.ca\/International\/wp-json\/wp\/v2\/comments?post=70263"}],"version-history":[{"count":0,"href":"https:\/\/linitiative.ca\/International\/wp-json\/wp\/v2\/posts\/70263\/revisions"}],"wp:attachment":[{"href":"https:\/\/linitiative.ca\/International\/wp-json\/wp\/v2\/media?parent=70263"}],"wp:term":[{"taxonomy":"category","embeddable":true,"href":"https:\/\/linitiative.ca\/International\/wp-json\/wp\/v2\/categories?post=70263"},{"taxonomy":"post_tag","embeddable":true,"href":"https:\/\/linitiative.ca\/International\/wp-json\/wp\/v2\/tags?post=70263"}],"curies":[{"name":"wp","href":"https:\/\/api.w.org\/{rel}","templated":true}]}}