{"id":70265,"date":"2019-12-15T06:02:50","date_gmt":"2019-12-15T11:02:50","guid":{"rendered":"https:\/\/linitiative.ca\/International\/communique-du-cabinet-royal%ef%bb%bf\/"},"modified":"2019-12-15T06:02:50","modified_gmt":"2019-12-15T11:02:50","slug":"communique-du-cabinet-royal%ef%bb%bf","status":"publish","type":"post","link":"https:\/\/linitiative.ca\/International\/communique-du-cabinet-royal%ef%bb%bf\/","title":{"rendered":"Communiqu\u00e9 du Cabinet Royal\ufeff"},"content":{"rendered":"<p class=\"has-text-color has-vivid-red-color c2\"><strong>SM le Roi d\u00e9signe les membres de la Commission Sp\u00e9ciale sur le Mod\u00e8le de D\u00e9veloppement<\/strong><\/p>\n<p class=\"has-text-color has-vivid-cyan-blue-color\"><strong>Le Cabinet Royal a rendu public, jeudi, un communiqu\u00e9 dans lequel il informe que Sa Majest\u00e9 le Roi Mohammed VI a proc\u00e9d\u00e9 ce jour \u00e0 la d\u00e9signation des membres de la Commission Sp\u00e9ciale sur le Mod\u00e8le de D\u00e9veloppement, suite \u00e0 la d\u00e9signation par le Souverain, le 19 novembre dernier, de M. Chakib Benmoussa, \u00e0 la pr\u00e9sidence de ladite Commission.<\/strong><\/p>\n<p>Et le communiqu\u00e9 de pr\u00e9ciser que \u00aboutre le Pr\u00e9sident, la Commission est compos\u00e9e de 35 membres ayant des parcours acad\u00e9miques et professionnels pluriels et une connaissance importante de la soci\u00e9t\u00e9 marocaine et des questions politiques, \u00e9conomiques et sociales, culturelles et environnementales. La Commission mobilise des comp\u00e9tences marocaines travaillant tant au Maroc qu\u2019\u00e0 l\u2019international, actives et engag\u00e9es dans les secteurs public, priv\u00e9 ou de la soci\u00e9t\u00e9 civile.<\/p>\n<p>Conform\u00e9ment aux Hautes Orientations Royales, la Commission devra s\u2019atteler d\u00e8s \u00e0 pr\u00e9sent \u00e0 examiner avec franchise, audace et objectivit\u00e9 l\u2019\u00e9tat des lieux au vu des r\u00e9alisations du Royaume, des r\u00e9formes engag\u00e9es, des attentes des citoyens, du contexte international actuel et de ses \u00e9volutions \u00e0 venir. Elle devrait soumettre \u00e0 la Haute Appr\u00e9ciation de Sa Majest\u00e9 le Roi, d\u2019ici l\u2019\u00e9t\u00e9 prochain, les grandes inflexions souhaitables et les initiatives concr\u00e8tes \u00e0 m\u00eame d\u2019adapter le mod\u00e8le de d\u00e9veloppement.<\/p>\n<p>Tout au long de ses travaux, la Commission \u0153uvrera dans le cadre d\u2019une approche participative et inclusive \u00e0 favoriser l\u2019implication la plus large\u00bb, conclut ledit communiqu\u00e9.<\/p>\n<p class=\"has-text-color has-vivid-red-color c2\"><strong>Composition de la CSMD<\/strong><\/p>\n<p class=\"has-text-color has-vivid-cyan-blue-color\"><strong>Voici la composition de la Commission Sp\u00e9ciale sur le Mod\u00e8le de D\u00e9veloppement (CSMD), dont les membres ont \u00e9t\u00e9 d\u00e9sign\u00e9s jeudi par Sa Majest\u00e9 le Roi Mohammed VI.<\/strong><\/p>\n<p class=\"has-text-color has-vivid-cyan-blue-color\"><strong>Outre son pr\u00e9sident M. Chakib Benmoussa, cette commission est compos\u00e9e de 35 membres dont voici la liste communiqu\u00e9e par le Cabinet royal:<\/strong><\/p>\n<p>\u2013 ADDIOUI Adnane : Co-fondateur de \u00abMoroccan Center for Innovation and Social Entrepreneurship\u00bb et de la plateforme \u00abWuluj\u00bb relative \u00e0 la participation au financement de projets cr\u00e9atifs et innovants.<\/p>\n<p>\u2013 AGHZADI Rajae : Chirurgienne praticienne, pr\u00e9sidente de l\u2019Association marocaine \u00abC\u0153ur des femmes\u00bb.<\/p>\n<p>\u2013 AMRANI BOUKHOBZA Mohamed : Doyen de la facult\u00e9 de droit de T\u00e9touan, Professeur d\u2019enseignement sup\u00e9rieur \u00e0 la facult\u00e9 de droit de Tanger.<br \/>\u2013 BENLYAZID Farida : Critique de cin\u00e9ma, r\u00e9alisatrice et sc\u00e9nariste.<\/p>\n<p>\u2013 BENALI Laila : Experte internationale en strat\u00e9gie \u00e9nerg\u00e9tique et durabilit\u00e9. \u00c9conomiste en Chef, Directrice de la Strat\u00e9gie, de l\u2019\u00c9conomie et de la durabilit\u00e9 \u00e0 l\u2019APICORP. Pr\u00e9sidente de l\u2019Arab Energy Club.<\/p>\n<p>\u2013 BENMOUSSA Mohamed : \u00c9conomiste, ex-administrateur du Conseil D\u00e9ontologique des Valeurs Mobili\u00e8res, Vice-Pr\u00e9sident de l\u2019association Damir.<\/p>\n<p>\u2013 BENZINE Rachid : Professeur universitaire \u00e0 l\u2019Universit\u00e9 Catholique de Louvain et \u00e0 la Facult\u00e9 de th\u00e9ologie protestante de Paris.<\/p>\n<p>\u2013 BOUCHIKHI Hamid : Expert en entrepreneuriat et innovation manag\u00e9riale. Doyen de SolBridge International School of Business bas\u00e9e \u00e0 Daejeon en Cor\u00e9e du Sud. Membre de l\u2019Institut marocain d\u2019intelligence strat\u00e9gique.<\/p>\n<p>\u2013 BOUNFOUR Ahmed : Professeur universitaire, titulaire de la Chaire europ\u00e9enne de management de l\u2019immat\u00e9riel \u00e0 l\u2019Universit\u00e9 Paris Sud.<\/p>\n<p>\u2013 CHAFIL Raja : Directrice du Centre de Comp\u00e9tences en Changement Climatique \u00ab4C-Maroc\u00bb, charg\u00e9 d\u2019appui aux politiques climatiques au Maroc et en Afrique.<\/p>\n<p>\u2013 CHAMI Ahmed R\u00e9da : Ancien ministre. Ancien Ambassadeur. Pr\u00e9sident du Conseil \u00c9conomique, Social et Environnemental.<\/p>\n<p>\u2013 EL AOUFI Noureddine : Professeur de sciences \u00e9conomiques, Universit\u00e9 Mohammed V de Rabat. Pr\u00e9sident de l\u2019Association Marocaines des Sciences \u00c9conomiques.<br \/>\u2013 EL KADIRI Rita : Directrice G\u00e9n\u00e9rale de la Fondation \u00ab Zakoura \u00bb pour l\u2019\u00e9ducation, port\u00e9e sur l\u2019innovation sociale.<\/p>\n<p>\u2013 EL KAMOUNY Khadija : Ing\u00e9nieur, chef de projet \u00e0 MASCIR, sp\u00e9cialis\u00e9 dans le d\u00e9veloppement vert.<\/p>\n<p>\u2013 FIKRAT Mohamed : Dirigeant d\u2019entreprise ; Pr\u00e9sident de la Commission investissement et comp\u00e9titivit\u00e9 de la CGEM.<\/p>\n<p>\u2013 GUERRAOUI Rachid : Professeur et Directeur du Laboratoire d\u2019Algorithmique R\u00e9partie \u00e0 l\u2019\u00c9cole Polytechnique de Lausanne, et \u00e0 l\u2019Universit\u00e9 Mohammed VI polytechnique.<\/p>\n<p>\u2013 HILALE Narjis : Professeure \u00e0 \u00ab l\u2019international University Geneva \u00bb port\u00e9e sur les questions de l\u2019intelligence artificielle et du d\u00e9veloppement des capacit\u00e9s des femmes.<\/p>\n<p>\u2013 HIMMICH Hakima : Professeur en m\u00e9decine ; acteur associatif dans le domaine de la sant\u00e9, membre du CESE.<\/p>\n<p>\u2013 JAIDI Larbi : \u00c9conomiste et Professeur universitaire. Senior Fellow au Policy Center for the New South.<\/p>\n<p>\u2013 JETTOU Driss : Ancien Premier Ministre, Pr\u00e9sident de la Cour des Comptes<\/p>\n<p>\u2013 JOUMANI Ahmed : Sociologue sp\u00e9cialiste de la Culture Hassani port\u00e9 sur le d\u00e9veloppement territorial.<\/p>\n<p>\u2013 KSIKES Driss : \u00c9crivain, dramaturge et Directeur d\u2019Economia, centre de recherche d\u2019HEM.<\/p>\n<p>\u2013 LAHLOU EL YACOUBI Ghita : Directrice de l\u2019\u00c9cole Centrale de Casablanca. Pr\u00e9sidente et Co-fondatrice du Mouvement \u00ab Les Citoyens \u00bb.<\/p>\n<p>\u2013 LAROUI Fouad : \u00c9crivain et Professeur universitaire \u00e0 la Facult\u00e9 des Sciences humaines \u00e0 l\u2019Universit\u00e9 d\u2019Amsterdam.<\/p>\n<p>\u2013 MACHCHATE Khalid : Expert en Transformation Digitale, Gestion d\u2019Innovation en Entreprise, en Technologies Disruptives et en Smart Cities.<\/p>\n<p>\u2013 MIRAOUI Abdellatif : Ancien Pr\u00e9sident de l\u2019Universit\u00e9 Cadi Ayyad \u00e0 Marrakech, Professeur des Universit\u00e9s \u00e0 l\u2019Universit\u00e9 de Technologie de Belfort Montb\u00e9liard (UTBM) \u2013 France<\/p>\n<p>\u2013 OMARY Noureddine : Inspecteur des Finances. Ancien Pr\u00e9sident de la BCP. Ancien Secr\u00e9taire G\u00e9n\u00e9rale du Minist\u00e8re de l\u2019\u00c9conomie et des Finances. Charg\u00e9 de Mission au Cabinet Royal.<\/p>\n<p>\u2013 OUHAJOU Lakbir : Enseignant-chercheur en g\u00e9ographie \u00e0 l\u2019universit\u00e9 d\u2019Agadir. Expert en d\u00e9veloppement territorial et des Oasis<\/p>\n<p>\u2013 RACHIK Hassan : Anthropologue, Sociologue et Professeur \u00e0 l\u2019Universit\u00e9 Hassan II de Casablanca<\/p>\n<p>\u2013 SAADANI Youssef : \u00c9conomiste, ancien cadre \u00e0 Bank Al Maghrib. Directeur des \u00c9tudes \u00c9conomiques \u00e0 la Caisse de D\u00e9p\u00f4t et de Gestion.<\/p>\n<p>\u2013 SLAOUI BENNANI Saadia : Pr\u00e9sidente Directrice G\u00e9n\u00e9rale d\u2019un cabinet de conseil ; pr\u00e9sidente de la Commission \u00ab Entreprise citoyenne \u00bb de la CGEM.<\/p>\n<p>\u2013 TAZI Karim : Homme d\u2019affaires, acteur associatif et Administrateur de soci\u00e9t\u00e9s.<\/p>\n<p>\u2013 TERRAB Mostafa : Pr\u00e9sident Directeur G\u00e9n\u00e9ral du Groupe OCP.<\/p>\n<p>\u2013 TOZY Mohamed : Expert sociologue, Professeur des Universit\u00e9s \u00e0 Sciences Po Aix-en-Provence. Pr\u00e9sident de l\u2019Association Targa Aide.<\/p>\n<p>\u2013 ZAOUI Michael : Banquier d\u2019Affaires \u00e0 Londres et Ancien Vice-Pr\u00e9sident de Morgan Stanley.<\/p>\n<p class=\"c3\"><strong>(MAP)<\/strong><\/p>\n<p>Auteur: M&rsquo;hammed rahal<br \/>\n<a href=\"http:\/\/albayane.press.ma\/communique-du-cabinet-royal%EF%BB%BF.html\">Cliquez ici pour lire l&rsquo;article depuis sa source.<\/a><\/p>\n","protected":false},"excerpt":{"rendered":"<p>SM le Roi d\u00e9signe les membres de la Commission Sp\u00e9ciale sur le Mod\u00e8le de D\u00e9veloppement Le Cabinet Royal a rendu public, jeudi, un communiqu\u00e9 dans lequel il informe que Sa Majest\u00e9 le Roi Mohammed VI a proc\u00e9d\u00e9 ce jour \u00e0 la d\u00e9signation des membres de la Commission Sp\u00e9ciale sur le Mod\u00e8le de D\u00e9veloppement, suite \u00e0 [&hellip;]<\/p>\n","protected":false},"author":1760,"featured_media":0,"comment_status":"closed","ping_status":"closed","sticky":false,"template":"","format":"standard","meta":{"fifu_image_url":"","fifu_image_alt":"","footnotes":""},"categories":[73,54],"tags":[],"class_list":["post-70265","post","type-post","status-publish","format-standard","hentry","category-actualite","category-maroc"],"_links":{"self":[{"href":"https:\/\/linitiative.ca\/International\/wp-json\/wp\/v2\/posts\/70265","targetHints":{"allow":["GET"]}}],"collection":[{"href":"https:\/\/linitiative.ca\/International\/wp-json\/wp\/v2\/posts"}],"about":[{"href":"https:\/\/linitiative.ca\/International\/wp-json\/wp\/v2\/types\/post"}],"author":[{"embeddable":true,"href":"https:\/\/linitiative.ca\/International\/wp-json\/wp\/v2\/users\/1760"}],"replies":[{"embeddable":true,"href":"https:\/\/linitiative.ca\/International\/wp-json\/wp\/v2\/comments?post=70265"}],"version-history":[{"count":0,"href":"https:\/\/linitiative.ca\/International\/wp-json\/wp\/v2\/posts\/70265\/revisions"}],"wp:attachment":[{"href":"https:\/\/linitiative.ca\/International\/wp-json\/wp\/v2\/media?parent=70265"}],"wp:term":[{"taxonomy":"category","embeddable":true,"href":"https:\/\/linitiative.ca\/International\/wp-json\/wp\/v2\/categories?post=70265"},{"taxonomy":"post_tag","embeddable":true,"href":"https:\/\/linitiative.ca\/International\/wp-json\/wp\/v2\/tags?post=70265"}],"curies":[{"name":"wp","href":"https:\/\/api.w.org\/{rel}","templated":true}]}}