{"id":70266,"date":"2019-12-15T06:12:04","date_gmt":"2019-12-15T11:12:04","guid":{"rendered":"https:\/\/linitiative.ca\/International\/%ef%bb%bfagadir-un-paradis-de-retraite-ou-il-fait-bon-vivre\/"},"modified":"2019-12-15T06:12:04","modified_gmt":"2019-12-15T11:12:04","slug":"%ef%bb%bfagadir-un-paradis-de-retraite-ou-il-fait-bon-vivre","status":"publish","type":"post","link":"https:\/\/linitiative.ca\/International\/%ef%bb%bfagadir-un-paradis-de-retraite-ou-il-fait-bon-vivre\/","title":{"rendered":"\ufeffAgadir, un paradis de retraite o\u00f9 il fait bon vivre"},"content":{"rendered":"<p class=\"c2\">Par <strong>Yassine Chaoui<\/strong> (MAP)<\/p>\n<p class=\"has-text-color has-vivid-cyan-blue-color\"><strong>Fi\u00e8re de sa station baln\u00e9aire de charme, de ses 300 jours de soleil par an, de la gentillesse de sa population et d\u2019une longue plage paradisiaque, la ville d\u2019Agadir est devenue l\u2019une des destinations pr\u00e9f\u00e9r\u00e9es des retrait\u00e9s \u00e9trangers qui fuient le froid et la grisaille et partent chercher la douceur des sables des plages et les caresses chatouillantes du soleil en plein hiver.<\/strong><\/p>\n<p>\u00c0 bord de leurs camping-cars, des centaines de retrait\u00e9s \u00e9trangers parcourent, chaque ann\u00e9e, des milliers de kilom\u00e8tres pour rejoindre cette ville au climat idyllique, o\u00f9 les temp\u00e9ratures montent jusqu\u2019\u00e0 25 degr\u00e9s en janvier.<\/p>\n<p>Connue pour son hospitalit\u00e9, Agadir devient de plus en plus une destination de choix pour les seniors europ\u00e9ens, particuli\u00e8rement fran\u00e7ais. Dans cette terre o\u00f9 leur langue maternelle est largement parl\u00e9e, ces touristes trouvent un climat agr\u00e9able tout au long de l\u2019ann\u00e9e, qui leur fait oublier tous les soucis.<\/p>\n<p>Les retrait\u00e9s, qui se rendent g\u00e9n\u00e9ralement dans des campings sous une tente, une caravane ou encore dans leurs v\u00e9hicules, saisissent l\u2019occasion de concilier tourisme et bien \u00eatre. Le faible co\u00fbt de la vie par rapport \u00e0 leurs pays leur permet de vivre confortablement, tout en profitant de l\u2019air frais et de la beaut\u00e9 de l\u2019Oc\u00e9an Atlantique.<\/p>\n<p>Le ciel bleu, alliant beaut\u00e9 et espoir, permet \u00e0 ces touristes ayant travaill\u00e9 toute leur vie de trouver une nouvelle signification \u00e0 la vieillesse. L\u2019angoisse qu\u2019ils avaient quand l\u2019heure de la retraite a sonn\u00e9 s\u2019envole lorsqu\u2019ils d\u00e9gustent le th\u00e9 marocain face au coucher du soleil.<\/p>\n<p>\u00ab\u00a0Apr\u00e8s des ann\u00e9es de travail, nous avons d\u00e9cid\u00e9 de venir \u00e0 Agadir pour passer notre retraite sereinement. Ici il fait bon vivre!\u00a0\u00bb, ont confi\u00e9, avec un grand sourire, Jean Marc et Marine, un couple fran\u00e7ais, approch\u00e9 par la MAP.<\/p>\n<p>La bonne ambiance de cette ville, riche de sa diversit\u00e9 culturelle, offre \u00e0 ces seniors quelques derni\u00e8res ann\u00e9es de jeunesse apr\u00e8s une vie de travail.<\/p>\n<p>\u00ab\u00a0Je ne veux pas finir dans une maison de retraite et faire des mots crois\u00e9s tous les jours en attendant que je passe l\u2019arme \u00e0 gauche\u00a0\u00bb, dit Magalie, ancienne employ\u00e9e de la poste, qui s\u2019installe \u00e0 Agadir de septembre \u00e0 mars depuis 3 ans. Retrait\u00e9s pour la plupart, ces hirondelles d\u2019Agadir reviennent d\u2019une ann\u00e9e \u00e0 une autre. Ils partent en automne vers une ville qui respire le soleil et la convivialit\u00e9 dans une mosa\u00efque de couleurs et de saveurs qui t\u00e9moigne d\u2019un art de vivre pouss\u00e9 \u00e0 son maximum, et ne reviennent \u00e0 leurs contr\u00e9es qu\u2019en printemps.<\/p>\n<p>Orn\u00e9e d\u2019une belle mer, d\u2019une montagne majestueuse, o\u00f9 est grav\u00e9e avec fiert\u00e9 la devise \u00ab\u00a0Allah, Al-Watan, Al Malik\u00a0\u00bb, et r\u00e9put\u00e9e pour l\u2019hospitalit\u00e9 des gens, Agadir est sans doute une destination privil\u00e9gi\u00e9e qui s\u00e9duit beaucoup de retrait\u00e9s \u00e9trangers souhaitant profiter de la vie paisible dans une ville de d\u00e9tente o\u00f9 le soleil et la plage rafra\u00eechissent le corps et l\u2019esprit en harmonie.<\/p>\n<p>Auteur: M&rsquo;hammed rahal<br \/>\n<a href=\"http:\/\/albayane.press.ma\/%EF%BB%BFagadir-un-paradis-de-retraite-ou-il-fait-bon-vivre.html\">Cliquez ici pour lire l&rsquo;article depuis sa source.<\/a><\/p>\n","protected":false},"excerpt":{"rendered":"<p>Par Yassine Chaoui (MAP) Fi\u00e8re de sa station baln\u00e9aire de charme, de ses 300 jours de soleil par an, de la gentillesse de sa population et d\u2019une longue plage paradisiaque, la ville d\u2019Agadir est devenue l\u2019une des destinations pr\u00e9f\u00e9r\u00e9es des retrait\u00e9s \u00e9trangers qui fuient le froid et la grisaille et partent chercher la douceur des [&hellip;]<\/p>\n","protected":false},"author":1760,"featured_media":0,"comment_status":"closed","ping_status":"closed","sticky":false,"template":"","format":"standard","meta":{"fifu_image_url":"","fifu_image_alt":"","footnotes":""},"categories":[73,54],"tags":[],"class_list":["post-70266","post","type-post","status-publish","format-standard","hentry","category-actualite","category-maroc"],"_links":{"self":[{"href":"https:\/\/linitiative.ca\/International\/wp-json\/wp\/v2\/posts\/70266","targetHints":{"allow":["GET"]}}],"collection":[{"href":"https:\/\/linitiative.ca\/International\/wp-json\/wp\/v2\/posts"}],"about":[{"href":"https:\/\/linitiative.ca\/International\/wp-json\/wp\/v2\/types\/post"}],"author":[{"embeddable":true,"href":"https:\/\/linitiative.ca\/International\/wp-json\/wp\/v2\/users\/1760"}],"replies":[{"embeddable":true,"href":"https:\/\/linitiative.ca\/International\/wp-json\/wp\/v2\/comments?post=70266"}],"version-history":[{"count":0,"href":"https:\/\/linitiative.ca\/International\/wp-json\/wp\/v2\/posts\/70266\/revisions"}],"wp:attachment":[{"href":"https:\/\/linitiative.ca\/International\/wp-json\/wp\/v2\/media?parent=70266"}],"wp:term":[{"taxonomy":"category","embeddable":true,"href":"https:\/\/linitiative.ca\/International\/wp-json\/wp\/v2\/categories?post=70266"},{"taxonomy":"post_tag","embeddable":true,"href":"https:\/\/linitiative.ca\/International\/wp-json\/wp\/v2\/tags?post=70266"}],"curies":[{"name":"wp","href":"https:\/\/api.w.org\/{rel}","templated":true}]}}