{"id":70269,"date":"2019-12-15T07:35:00","date_gmt":"2019-12-15T12:35:00","guid":{"rendered":"https:\/\/linitiative.ca\/International\/les-contrats-diveco-et-mazda-resilies-dans-une-semaine\/"},"modified":"2019-12-15T07:35:00","modified_gmt":"2019-12-15T12:35:00","slug":"les-contrats-diveco-et-mazda-resilies-dans-une-semaine","status":"publish","type":"post","link":"https:\/\/linitiative.ca\/International\/les-contrats-diveco-et-mazda-resilies-dans-une-semaine\/","title":{"rendered":"Les contrats d\u2019IVECO et MAZDA r\u00e9sili\u00e9s dans une semaine"},"content":{"rendered":"<div id=\"originalText\" readability=\"39\">\n<p>Apr\u00e8s SOVAC dont le contrat avec la maison m\u00e8re a \u00e9t\u00e9 r\u00e9sili\u00e9 hier, le constructeur IVECO Alg\u00e9rie et le concessionnaire Mazda, appartenant \u00e0 Mohamed Bairi, qui vient d\u2019\u00eatre condamn\u00e9 \u00e0 03 ans de prison ferme, ont \u00e9t\u00e9 saisis aujourd\u2019hui par les maisons m\u00e8res pour leur signifier la r\u00e9siliation des contrats d\u2019ici une semaine.<\/p>\n<p class=\"c6\"><strong>R\u00e9daction Web<\/strong><\/p>\n<\/div>\n<div id=\"text_core\" readability=\"39\">\n<p>Apr\u00e8s SOVAC dont le contrat avec la maison m\u00e8re a \u00e9t\u00e9 r\u00e9sili\u00e9 hier, le constructeur IVECO Alg\u00e9rie et le concessionnaire Mazda, appartenant \u00e0 Mohamed Bairi, qui vient d\u2019\u00eatre condamn\u00e9 \u00e0 03 ans de prison ferme, ont \u00e9t\u00e9 saisis aujourd\u2019hui par les maisons m\u00e8res pour leur signifier la r\u00e9siliation des contrats d\u2019ici une semaine.<\/p>\n<p class=\"c6\"><strong>R\u00e9daction Web<\/strong><\/p>\n<\/div>\n<p>Auteur:<br \/>\n<a href=\"https:\/\/www.liberte-algerie.com\/actualite\/les-contrats-diveco-et-mazda-resilies-dans-une-semaine-330189\">Cliquez ici pour lire l&rsquo;article depuis sa source.<\/a><\/p>\n","protected":false},"excerpt":{"rendered":"<p>Apr\u00e8s SOVAC dont le contrat avec la maison m\u00e8re a \u00e9t\u00e9 r\u00e9sili\u00e9 hier, le constructeur IVECO Alg\u00e9rie et le concessionnaire Mazda, appartenant \u00e0 Mohamed Bairi, qui vient d\u2019\u00eatre condamn\u00e9 \u00e0 03 ans de prison ferme, ont \u00e9t\u00e9 saisis aujourd\u2019hui par les maisons m\u00e8res pour leur signifier la r\u00e9siliation des contrats d\u2019ici une semaine. R\u00e9daction Web [&hellip;]<\/p>\n","protected":false},"author":1742,"featured_media":0,"comment_status":"closed","ping_status":"closed","sticky":false,"template":"","format":"standard","meta":{"fifu_image_url":"","fifu_image_alt":"","footnotes":""},"categories":[73,53],"tags":[],"class_list":["post-70269","post","type-post","status-publish","format-standard","hentry","category-actualite","category-algerie"],"_links":{"self":[{"href":"https:\/\/linitiative.ca\/International\/wp-json\/wp\/v2\/posts\/70269","targetHints":{"allow":["GET"]}}],"collection":[{"href":"https:\/\/linitiative.ca\/International\/wp-json\/wp\/v2\/posts"}],"about":[{"href":"https:\/\/linitiative.ca\/International\/wp-json\/wp\/v2\/types\/post"}],"author":[{"embeddable":true,"href":"https:\/\/linitiative.ca\/International\/wp-json\/wp\/v2\/users\/1742"}],"replies":[{"embeddable":true,"href":"https:\/\/linitiative.ca\/International\/wp-json\/wp\/v2\/comments?post=70269"}],"version-history":[{"count":0,"href":"https:\/\/linitiative.ca\/International\/wp-json\/wp\/v2\/posts\/70269\/revisions"}],"wp:attachment":[{"href":"https:\/\/linitiative.ca\/International\/wp-json\/wp\/v2\/media?parent=70269"}],"wp:term":[{"taxonomy":"category","embeddable":true,"href":"https:\/\/linitiative.ca\/International\/wp-json\/wp\/v2\/categories?post=70269"},{"taxonomy":"post_tag","embeddable":true,"href":"https:\/\/linitiative.ca\/International\/wp-json\/wp\/v2\/tags?post=70269"}],"curies":[{"name":"wp","href":"https:\/\/api.w.org\/{rel}","templated":true}]}}