{"id":70272,"date":"2019-12-15T09:14:00","date_gmt":"2019-12-15T14:14:00","guid":{"rendered":"https:\/\/linitiative.ca\/International\/ali-benflis-se-retire-definitivement-de-la-politique\/"},"modified":"2019-12-15T09:14:00","modified_gmt":"2019-12-15T14:14:00","slug":"ali-benflis-se-retire-definitivement-de-la-politique","status":"publish","type":"post","link":"https:\/\/linitiative.ca\/International\/ali-benflis-se-retire-definitivement-de-la-politique\/","title":{"rendered":"Ali Benflis se retire d\u00e9finitivement de la politique"},"content":{"rendered":"<div id=\"originalText\" readability=\"44.6024096386\">\n<p>L\u2019ex candidat \u00e0 la pr\u00e9sidentielle Ali Benflis a annonc\u00e9, ce dimanche, son retrait d\u00e9finitif de la sc\u00e8ne politique.<\/p>\n<p>C\u2019est lors d\u2019une r\u00e9ception organis\u00e9e en l\u2019honneur des sympathisants qui l\u2019ont soutenu pendant sa campagne \u00e9lectorale, que le pr\u00e9sident de Talaie el Hourriat a confirm\u00e9 qu\u2019il mettait fin \u00e0 sa carri\u00e8re politique.<\/p>\n<p>Vendredi dernier, jour de l\u2019annonce des r\u00e9sultats, <strong><a href=\"https:\/\/www.liberte-algerie.com\/actualite\/benflis-suggere-son-retrait-de-la-politique-330085\" target=\"_blank\" rel=\"noopener noreferrer\"><span class=\"c6\">l\u2019ancien chef du gouvernement avait d\u00e9clar\u00e9<\/span><\/a><\/strong>\u00a0: \u00ab\u00a0je m\u2019adresse \u00e0 cette jeunesse qui milite avec ardeur, d\u00e9vouement et conviction au sein de Talaie El-Houriat, pour lui dire que l\u2019heure de prendre ses responsabilit\u00e9s est venue\u00a0\u00bb.<\/p>\n<p class=\"c7\"><strong>Sihem Benmalek<\/strong><\/p>\n<\/div>\n<div id=\"text_core\" readability=\"44.6024096386\">\n<p>L\u2019ex candidat \u00e0 la pr\u00e9sidentielle Ali Benflis a annonc\u00e9, ce dimanche, son retrait d\u00e9finitif de la sc\u00e8ne politique.<\/p>\n<p>C\u2019est lors d\u2019une r\u00e9ception organis\u00e9e en l\u2019honneur des sympathisants qui l\u2019ont soutenu pendant sa campagne \u00e9lectorale, que le pr\u00e9sident de Talaie el Hourriat a confirm\u00e9 qu\u2019il mettait fin \u00e0 sa carri\u00e8re politique.<\/p>\n<p>Vendredi dernier, jour de l\u2019annonce des r\u00e9sultats, <strong><a href=\"https:\/\/www.liberte-algerie.com\/actualite\/benflis-suggere-son-retrait-de-la-politique-330085\" target=\"_blank\" rel=\"noopener noreferrer\"><span class=\"c6\">l\u2019ancien chef du gouvernement avait d\u00e9clar\u00e9<\/span><\/a><\/strong>\u00a0: \u00ab\u00a0je m\u2019adresse \u00e0 cette jeunesse qui milite avec ardeur, d\u00e9vouement et conviction au sein de Talaie El-Houriat, pour lui dire que l\u2019heure de prendre ses responsabilit\u00e9s est venue\u00a0\u00bb.<\/p>\n<p class=\"c7\"><strong>Sihem Benmalek<\/strong><\/p>\n<\/div>\n<p>Auteur:<br \/>\n<a href=\"https:\/\/www.liberte-algerie.com\/actualite\/ali-benflis-se-retire-definitivement-de-la-politique-330192\">Cliquez ici pour lire l&rsquo;article depuis sa source.<\/a><\/p>\n","protected":false},"excerpt":{"rendered":"<p>L\u2019ex candidat \u00e0 la pr\u00e9sidentielle Ali Benflis a annonc\u00e9, ce dimanche, son retrait d\u00e9finitif de la sc\u00e8ne politique. C\u2019est lors d\u2019une r\u00e9ception organis\u00e9e en l\u2019honneur des sympathisants qui l\u2019ont soutenu pendant sa campagne \u00e9lectorale, que le pr\u00e9sident de Talaie el Hourriat a confirm\u00e9 qu\u2019il mettait fin \u00e0 sa carri\u00e8re politique. Vendredi dernier, jour de l\u2019annonce [&hellip;]<\/p>\n","protected":false},"author":1742,"featured_media":0,"comment_status":"closed","ping_status":"closed","sticky":false,"template":"","format":"standard","meta":{"fifu_image_url":"","fifu_image_alt":"","footnotes":""},"categories":[73,53],"tags":[],"class_list":["post-70272","post","type-post","status-publish","format-standard","hentry","category-actualite","category-algerie"],"_links":{"self":[{"href":"https:\/\/linitiative.ca\/International\/wp-json\/wp\/v2\/posts\/70272","targetHints":{"allow":["GET"]}}],"collection":[{"href":"https:\/\/linitiative.ca\/International\/wp-json\/wp\/v2\/posts"}],"about":[{"href":"https:\/\/linitiative.ca\/International\/wp-json\/wp\/v2\/types\/post"}],"author":[{"embeddable":true,"href":"https:\/\/linitiative.ca\/International\/wp-json\/wp\/v2\/users\/1742"}],"replies":[{"embeddable":true,"href":"https:\/\/linitiative.ca\/International\/wp-json\/wp\/v2\/comments?post=70272"}],"version-history":[{"count":0,"href":"https:\/\/linitiative.ca\/International\/wp-json\/wp\/v2\/posts\/70272\/revisions"}],"wp:attachment":[{"href":"https:\/\/linitiative.ca\/International\/wp-json\/wp\/v2\/media?parent=70272"}],"wp:term":[{"taxonomy":"category","embeddable":true,"href":"https:\/\/linitiative.ca\/International\/wp-json\/wp\/v2\/categories?post=70272"},{"taxonomy":"post_tag","embeddable":true,"href":"https:\/\/linitiative.ca\/International\/wp-json\/wp\/v2\/tags?post=70272"}],"curies":[{"name":"wp","href":"https:\/\/api.w.org\/{rel}","templated":true}]}}